{"id":3974,"date":"2023-01-17T21:22:15","date_gmt":"2023-01-18T00:22:15","guid":{"rendered":"http:\/\/infolanus.com\/index.php\/2023\/01\/17\/frankfurt-ya-tomo-una-decision-sobre-el-futuro-de-rafael-santos-borre\/"},"modified":"2023-01-17T21:22:15","modified_gmt":"2023-01-18T00:22:15","slug":"frankfurt-ya-tomo-una-decision-sobre-el-futuro-de-rafael-santos-borre","status":"publish","type":"post","link":"https:\/\/infolanus.com\/index.php\/2023\/01\/17\/frankfurt-ya-tomo-una-decision-sobre-el-futuro-de-rafael-santos-borre\/","title":{"rendered":"Frankfurt ya tom\u00f3 una decisi\u00f3n sobre el futuro de Rafael Santos Borr\u00e9"},"content":{"rendered":"<div class=\"media_block\"><\/div>\n<p><strong>Rafael Santos Borr\u00e9<\/strong> es uno de los anhelos que tiene&nbsp;la dirigencia del equipo Millonario para esta temporada. <strong>Desde N\u00fa\u00f1ez han realizado varios esfuerzos para que su negociaci\u00f3n llegue a buen puerto<\/strong>, pero durante la jornada del martes se comunic\u00f3 la intenci\u00f3n del Frankfurt con respecto al futuro del cafetero.<\/p>\n<p>Y es que su retorno no ha sido una tarea&nbsp;sencilla.<strong> <a target=\"_blank\" href=\"https:\/\/442.perfil.com\/noticias\/futbol\/river-y-el-vasco-da-gama-se-enfrentan-en-el-cierre-de-la-gira-por-estados-unidos.phtml\">River <\/a>inicialmente tuvo como contrincante a Tigres de M\u00e9xico, quien ofert\u00f3 12 millones de d\u00f3lares por sus servicios.&nbsp;<\/strong><\/p>\n<p>D\u00edas m\u00e1s tarde, los mexicanos tomaron la decisi\u00f3n de contratar otro futbolista y all\u00ed los hinchas del equipo que conduce Mart\u00edn&nbsp;Demichelis volvieron a ilusionarse con volver a verlo jugar en el Monumental. <strong>Desafortunadamente en \u00faltimas horas la situaci\u00f3n se complic\u00f3 y se desconoce si los directivos del equipo de la Banda Cruzada se mantendr\u00e1n en la mesa de negociaciones.<\/strong><\/p>\n<p><img data-recalc-dims=\"1\" decoding=\"async\" alt=\"Borr\u00e9\" src=\"https:\/\/i0.wp.com\/fotos.perfil.com\/\/2023\/01\/17\/900\/0\/borre-1493562.jpg?w=640&#038;ssl=1\" loading=\"lazy\"><\/p>\n<p>Seg\u00fan informaci\u00f3n confirmada por el periodista Germ\u00e1n Garc\u00eda, <strong>el conjunto alem\u00e1n le comunic\u00f3 al delantero que no lo ceder\u00e1n en condici\u00f3n de pr\u00e9stamo y que su \u00fanica salida ser\u00eda a trav\u00e9s de una transferencia<\/strong>. Sin duda, un nuevo cap\u00edtulo que se le suma a esta historia. \u00bfRegresar\u00e1 al f\u00fatbol argentino?<\/p>\n<p>G.M<\/p>\n","protected":false},"excerpt":{"rendered":"<p>Rafael Santos Borr\u00e9 es uno de los anhelos que tiene&nbsp;la dirigencia del equipo Millonario para esta temporada. Desde N\u00fa\u00f1ez han realizado varios esfuerzos para que su negociaci\u00f3n llegue a buen puerto, pero durante la jornada del martes se comunic\u00f3 la intenci\u00f3n del Frankfurt con respecto al futuro del cafetero. Y es que su retorno no [&hellip;]<\/p>\n","protected":false},"author":2,"featured_media":3975,"comment_status":"closed","ping_status":"closed","sticky":false,"template":"","format":"standard","meta":{"jetpack_post_was_ever_published":false,"_jetpack_newsletter_access":"","_jetpack_dont_email_post_to_subs":false,"_jetpack_newsletter_tier_id":0,"_jetpack_memberships_contains_paywalled_content":false,"_jetpack_memberships_contains_paid_content":false,"footnotes":"","jetpack_publicize_message":"","jetpack_publicize_feature_enabled":true,"jetpack_social_post_already_shared":true,"jetpack_social_options":{"image_generator_settings":{"template":"highway","enabled":false},"version":2}},"categories":[17],"tags":[],"class_list":["post-3974","post","type-post","status-publish","format-standard","has-post-thumbnail","hentry","category-deportes"],"jetpack_publicize_connections":[],"jetpack_featured_media_url":"https:\/\/i0.wp.com\/infolanus.com\/wp-content\/uploads\/2023\/01\/frankfurt-ya-tomo-una-decision-sobre-el-futuro-de-rafael-santos-borre.jpg?fit=900%2C164&ssl=1","jetpack_sharing_enabled":true,"jetpack_shortlink":"https:\/\/wp.me\/p9QtMr-126","_links":{"self":[{"href":"https:\/\/infolanus.com\/index.php\/wp-json\/wp\/v2\/posts\/3974","targetHints":{"allow":["GET"]}}],"collection":[{"href":"https:\/\/infolanus.com\/index.php\/wp-json\/wp\/v2\/posts"}],"about":[{"href":"https:\/\/infolanus.com\/index.php\/wp-json\/wp\/v2\/types\/post"}],"author":[{"embeddable":true,"href":"https:\/\/infolanus.com\/index.php\/wp-json\/wp\/v2\/users\/2"}],"replies":[{"embeddable":true,"href":"https:\/\/infolanus.com\/index.php\/wp-json\/wp\/v2\/comments?post=3974"}],"version-history":[{"count":0,"href":"https:\/\/infolanus.com\/index.php\/wp-json\/wp\/v2\/posts\/3974\/revisions"}],"wp:featuredmedia":[{"embeddable":true,"href":"https:\/\/infolanus.com\/index.php\/wp-json\/wp\/v2\/media\/3975"}],"wp:attachment":[{"href":"https:\/\/infolanus.com\/index.php\/wp-json\/wp\/v2\/media?parent=3974"}],"wp:term":[{"taxonomy":"category","embeddable":true,"href":"https:\/\/infolanus.com\/index.php\/wp-json\/wp\/v2\/categories?post=3974"},{"taxonomy":"post_tag","embeddable":true,"href":"https:\/\/infolanus.com\/index.php\/wp-json\/wp\/v2\/tags?post=3974"}],"curies":[{"name":"wp","href":"https:\/\/api.w.org\/{rel}","templated":true}]}}