{"id":3993,"date":"2023-01-21T14:53:10","date_gmt":"2023-01-21T17:53:10","guid":{"rendered":"http:\/\/infolanus.com\/index.php\/2023\/01\/21\/un-campeon-mbappe-recordo-a-emiliano-sala-a-cuatro-anos-del-fallecimiento-del-argentino\/"},"modified":"2023-01-21T14:53:10","modified_gmt":"2023-01-21T17:53:10","slug":"un-campeon-mbappe-recordo-a-emiliano-sala-a-cuatro-anos-del-fallecimiento-del-argentino","status":"publish","type":"post","link":"https:\/\/infolanus.com\/index.php\/2023\/01\/21\/un-campeon-mbappe-recordo-a-emiliano-sala-a-cuatro-anos-del-fallecimiento-del-argentino\/","title":{"rendered":"Un campe\u00f3n: Mbapp\u00e9 record\u00f3 a Emiliano Sala a cuatro a\u00f1os del fallecimiento del argentino"},"content":{"rendered":"<div class=\"media_block\"><\/div>\n<p>La relaci\u00f3n entre <a target=\"_blank\" href=\"https:\/\/442.perfil.com\/noticias\/futbol\/el-distante-reencuentro-entre-messi-y-mbappe-en-los-entrenamientos-del-psg.phtml\">Kylian Mbapp\u00e9<\/a> y los hinchas de <strong>Argentina<\/strong>, no es la mejor, pero no se le puede decir que es un distinto deportivamente y en varias acciones. El franc\u00e9s record\u00f3 a <a target=\"_blank\" href=\"https:\/\/442.perfil.com\/noticias\/futbol\/cardiff-realizo-el-primer-pago-al-nantes-por-el-fichaje-de-emiliano-sala.phtml\">Emiliano Sala<\/a>, a cuatro a\u00f1os de su muerte.<\/p>\n<p>En el tr\u00e1gico accidente a\u00e9reo que sufri\u00f3 el argentino y al conocerse la noticia, Mbapp\u00e9 don\u00f3 <strong>30.000 euros<\/strong> para promover y ayudar con la b\u00fasqueda de la avioneta que cay\u00f3 en el Canal de la Mancha y para la investigaci\u00f3n para encontrar a los culpables.<\/p>\n<p>\u201cCuatro a\u00f1os&#8230;\u201d, escribi\u00f3 Kylian&nbsp;sobre una imagen de Sala y eligi\u00f3 dos emojis, el de una paloma y el de las manos rezando, para enviar un mensaje a la memoria del exdelantero argentino que brill\u00f3 en el <a target=\"_blank\" href=\"https:\/\/442.perfil.com\/noticias\/futbol\/emotivo-nantes-homenajeo-a-emiliano-sala-en-la-final-de-la-copa-de-francia.phtml\"><strong>Nantes de Francia<\/strong><\/a>.&nbsp;<\/p>\n<p><img data-recalc-dims=\"1\" decoding=\"async\" alt=\"Emiliano Sala\" src=\"https:\/\/i0.wp.com\/fotos.perfil.com\/\/2023\/01\/21\/900\/0\/emiliano-sala-1495971.jpg?w=640&#038;ssl=1\" loading=\"lazy\"><\/p>\n<h2>Cardiff City intent\u00f3 contratar un seguro para Emiliano Sala el d\u00eda despu\u00e9s de su muerte<\/h2>\n<p>El equipo brit\u00e1nico trat\u00f3 de contratar un seguro por un valor de&nbsp;<strong>20 millones de libras (23 millones de euros)<\/strong>&nbsp;el d\u00eda despu\u00e9s de que el delantero argentino muriera en un accidente a\u00e9reo seg\u00fan revelaron este jueves medios brit\u00e1nicos.<\/p>\n<p><img data-recalc-dims=\"1\" decoding=\"async\" alt=\"Emiliano Sala\" src=\"https:\/\/i0.wp.com\/fotos.perfil.com\/\/2023\/01\/21\/900\/0\/emiliano-sala-1495972.jpg?w=640&#038;ssl=1\" loading=\"lazy\"><\/p>\n<p>El club gal\u00e9s, propiedad del empresario malayo Vincent Tan, reclama por v\u00eda judicial<strong>&nbsp;10 millones de libras (11,5 millones de euros)<\/strong>&nbsp;a la aseguradora Miller Insurance, que por su parte argumenta que el Cardiff era<strong>&nbsp;\u201ccompletamente consciente\u201d de que el jugador estaba sin asegurar<\/strong>, inform\u00f3 la agencia&nbsp;<em>EFE<\/em>.<\/p>\n<h2>Cardiff le pag\u00f3 al Nantes la primera cuota del pase de Emiliano Sala<\/h2>\n<p>El<strong>&nbsp;21 de enero de 2019<\/strong>, el atacante argentino de 28 a\u00f1os falleci\u00f3 en el accidente de una avioneta que le trasladaba de Nantes a <a target=\"_blank\" href=\"https:\/\/442.perfil.com\/noticias\/futbol\/la-pericias-determinaron-la-causa-de-la-muerte-de-emiliano-sala.phtml\">Cardiff<\/a> para unirse al club al que acababa de ser traspasado por&nbsp;<strong>unos 19&nbsp;millones de euros (15 millones de libras).<\/strong><\/p>\n<p><img data-recalc-dims=\"1\" decoding=\"async\" alt=\"Emiliano Sala\" src=\"https:\/\/i0.wp.com\/fotos.perfil.com\/\/2023\/01\/21\/900\/0\/emiliano-sala-1495973.jpg?w=640&#038;ssl=1\" loading=\"lazy\"><\/p>\n<p><strong>La FIFA orden\u00f3 el pago de un primer tramo de 6 millones de euros y el Tribunal Arbitral del Deporte (TAS)<\/strong>&nbsp;rechaz\u00f3 en agosto el recurso del Cardiff, estimando que el traspaso &#8220;hab\u00eda sido terminado&#8221; en el momento del fallecimiento de Sala.<\/p>\n","protected":false},"excerpt":{"rendered":"<p>La relaci\u00f3n entre Kylian Mbapp\u00e9 y los hinchas de Argentina, no es la mejor, pero no se le puede decir que es un distinto deportivamente y en varias acciones. El franc\u00e9s record\u00f3 a Emiliano Sala, a cuatro a\u00f1os de su muerte. En el tr\u00e1gico accidente a\u00e9reo que sufri\u00f3 el argentino y al conocerse la noticia, [&hellip;]<\/p>\n","protected":false},"author":2,"featured_media":3994,"comment_status":"closed","ping_status":"closed","sticky":false,"template":"","format":"standard","meta":{"jetpack_post_was_ever_published":false,"_jetpack_newsletter_access":"","_jetpack_dont_email_post_to_subs":false,"_jetpack_newsletter_tier_id":0,"_jetpack_memberships_contains_paywalled_content":false,"_jetpack_memberships_contains_paid_content":false,"footnotes":"","jetpack_publicize_message":"","jetpack_publicize_feature_enabled":true,"jetpack_social_post_already_shared":true,"jetpack_social_options":{"image_generator_settings":{"template":"highway","enabled":false},"version":2}},"categories":[17],"tags":[],"class_list":["post-3993","post","type-post","status-publish","format-standard","has-post-thumbnail","hentry","category-deportes"],"jetpack_publicize_connections":[],"jetpack_featured_media_url":"https:\/\/i0.wp.com\/infolanus.com\/wp-content\/uploads\/2023\/01\/un-campeon-mbappe-recordo-a-emiliano-sala-a-cuatro-anos-del-fallecimiento-del-argentino.jpg?fit=900%2C1498&ssl=1","jetpack_sharing_enabled":true,"jetpack_shortlink":"https:\/\/wp.me\/p9QtMr-12p","_links":{"self":[{"href":"https:\/\/infolanus.com\/index.php\/wp-json\/wp\/v2\/posts\/3993","targetHints":{"allow":["GET"]}}],"collection":[{"href":"https:\/\/infolanus.com\/index.php\/wp-json\/wp\/v2\/posts"}],"about":[{"href":"https:\/\/infolanus.com\/index.php\/wp-json\/wp\/v2\/types\/post"}],"author":[{"embeddable":true,"href":"https:\/\/infolanus.com\/index.php\/wp-json\/wp\/v2\/users\/2"}],"replies":[{"embeddable":true,"href":"https:\/\/infolanus.com\/index.php\/wp-json\/wp\/v2\/comments?post=3993"}],"version-history":[{"count":0,"href":"https:\/\/infolanus.com\/index.php\/wp-json\/wp\/v2\/posts\/3993\/revisions"}],"wp:featuredmedia":[{"embeddable":true,"href":"https:\/\/infolanus.com\/index.php\/wp-json\/wp\/v2\/media\/3994"}],"wp:attachment":[{"href":"https:\/\/infolanus.com\/index.php\/wp-json\/wp\/v2\/media?parent=3993"}],"wp:term":[{"taxonomy":"category","embeddable":true,"href":"https:\/\/infolanus.com\/index.php\/wp-json\/wp\/v2\/categories?post=3993"},{"taxonomy":"post_tag","embeddable":true,"href":"https:\/\/infolanus.com\/index.php\/wp-json\/wp\/v2\/tags?post=3993"}],"curies":[{"name":"wp","href":"https:\/\/api.w.org\/{rel}","templated":true}]}}