{"id":3997,"date":"2023-01-21T14:05:00","date_gmt":"2023-01-21T17:05:00","guid":{"rendered":"https:\/\/www.ambito.com\/mundo\/lula\/c5n-llevo-la-asuncion-toda-america-latina-n5633971"},"modified":"2023-01-21T14:05:00","modified_gmt":"2023-01-21T17:05:00","slug":"c5n-llevo-la-asuncion-de-lula-a-toda-america-latina","status":"publish","type":"post","link":"https:\/\/infolanus.com\/index.php\/2023\/01\/21\/c5n-llevo-la-asuncion-de-lula-a-toda-america-latina\/","title":{"rendered":"C5N llev\u00f3 la asunci\u00f3n de Lula a toda Am\u00e9rica Latina"},"content":{"rendered":"<div><img data-recalc-dims=\"1\" decoding=\"async\" src=\"https:\/\/i0.wp.com\/media.ambito.com\/p\/f92d751c15ea93f609c6bd76be20e7e4\/adjuntos\/239\/imagenes\/040\/444\/0040444135\/luladasilvajpg.jpg?w=640&#038;ssl=1\" class=\"ff-og-image-inserted\"><\/div>\n<p>Al no haber alcanzado la cantidad de votos necesaria para ganar en primera vuelta, <strong>se design\u00f3 que a fines de ese mes, el 30 de octubre, se desarrollar\u00eda el balotaje que definir\u00eda el futuro de Brasil.<\/strong><\/p>\n<p>El representante del Partido de los Trabajadores <strong><a href=\"https:\/\/www.c5n.com\/mundo\/balotaje-brasil-lula-da-silva-busca-acaparar-los-votos-los-indecisos-n87583\" target=\"_blank\" rel=\"follow noopener\">acentu\u00f3 su campa\u00f1a <\/a><\/strong> en los barrios y localidades con el objetivo de captar votos de cara a los comicios del 30. <strong><a href=\"https:\/\/www.c5n.com\/mundo\/balotaje-brasil-una-multitud-acompano-lula-el-cierre-su-campana-n87611\" target=\"_blank\" rel=\"follow noopener\">Multitudes en las calles acompa\u00f1aron al l\u00edder del PT <\/a><\/strong> luego de caravanas protagonizadas por el mismo Lula, un cl\u00e1sico de su estrategia electoral.<\/p>\n<p>Al cierre de las urnas el domingo 30 de octubre, 60 millones de brasile\u00f1os<strong> <a href=\"https:\/\/www.c5n.com\/mundo\/elecciones-brasil-balotaje-2022-lula-bolsonaro-resultados\" target=\"_blank\" rel=\"follow noopener\">le dieron el triunfo a Lula por la m\u00ednima diferencia<\/a> ante su opositor Jair Bolsonaro, con casi el 51% de los votos frente al 49% del todav\u00eda presidente<\/strong>. Esto marcaba, tambi\u00e9n, el regreso de la izquierda despu\u00e9s de seis a\u00f1os de gobiernos derechistas.<\/p>\n<p>Tres a\u00f1os despu\u00e9s de haber salido de prisi\u00f3n, en el pa\u00eds hablan de una &#8220;resurrecci\u00f3n&#8221; del expresidente.<\/p>\n<p><strong>El l\u00edder del Partido de los Trabajadores llegaba al poder con varios desaf\u00edos<\/strong>, entre ellos recomponer a un pa\u00eds fracturado, luego de haber ganado las elecciones por una m\u00ednima diferencia: un norte y noreste que vot\u00f3 a Lula y un sur y sudeste que dan se decidieron por ultraderechista Jair Bolsonaro.<\/p>\n<p>Adem\u00e1s, tendr\u00e1 que mejorar las relaciones internacionales y luchar contra la pobreza con una econom\u00eda que a\u00fan no logra recuperarse. Otro punto importante que <strong>tendr\u00e1 que atender Lula ser\u00e1n las relaciones con la Corte Suprema<\/strong>, el pilar de la democracia brasile\u00f1a blanco de duros ataques bolsonaristas.<\/p>\n<p>El 1 de enero, con el inicio de 2023, <strong>C5N<\/strong> tambi\u00e9n estuvo en el lugar de los hechos llevando a Am\u00e9rica Latina la asunci\u00f3n de Lula Da Silva en Brasil.<\/p>\n","protected":false},"excerpt":{"rendered":"<p>Al no haber alcanzado la cantidad de votos necesaria para ganar en primera vuelta, se design\u00f3 que a fines de ese mes, el 30 de octubre, se desarrollar\u00eda el balotaje que definir\u00eda el futuro de Brasil. El representante del Partido de los Trabajadores acentu\u00f3 su campa\u00f1a en los barrios y localidades con el objetivo de [&hellip;]<\/p>\n","protected":false},"author":2,"featured_media":3998,"comment_status":"closed","ping_status":"closed","sticky":false,"template":"","format":"standard","meta":{"jetpack_post_was_ever_published":false,"_jetpack_newsletter_access":"","_jetpack_dont_email_post_to_subs":false,"_jetpack_newsletter_tier_id":0,"_jetpack_memberships_contains_paywalled_content":false,"_jetpack_memberships_contains_paid_content":false,"footnotes":"","jetpack_publicize_message":"","jetpack_publicize_feature_enabled":true,"jetpack_social_post_already_shared":true,"jetpack_social_options":{"image_generator_settings":{"template":"highway","enabled":false},"version":2}},"categories":[20],"tags":[],"class_list":["post-3997","post","type-post","status-publish","format-standard","has-post-thumbnail","hentry","category-mundo"],"jetpack_publicize_connections":[],"jetpack_featured_media_url":"https:\/\/i0.wp.com\/infolanus.com\/wp-content\/uploads\/2023\/01\/c5n-llevo-la-asuncion-de-lula-a-toda-america-latina.jpg?fit=1200%2C675&ssl=1","jetpack_sharing_enabled":true,"jetpack_shortlink":"https:\/\/wp.me\/p9QtMr-12t","_links":{"self":[{"href":"https:\/\/infolanus.com\/index.php\/wp-json\/wp\/v2\/posts\/3997","targetHints":{"allow":["GET"]}}],"collection":[{"href":"https:\/\/infolanus.com\/index.php\/wp-json\/wp\/v2\/posts"}],"about":[{"href":"https:\/\/infolanus.com\/index.php\/wp-json\/wp\/v2\/types\/post"}],"author":[{"embeddable":true,"href":"https:\/\/infolanus.com\/index.php\/wp-json\/wp\/v2\/users\/2"}],"replies":[{"embeddable":true,"href":"https:\/\/infolanus.com\/index.php\/wp-json\/wp\/v2\/comments?post=3997"}],"version-history":[{"count":0,"href":"https:\/\/infolanus.com\/index.php\/wp-json\/wp\/v2\/posts\/3997\/revisions"}],"wp:featuredmedia":[{"embeddable":true,"href":"https:\/\/infolanus.com\/index.php\/wp-json\/wp\/v2\/media\/3998"}],"wp:attachment":[{"href":"https:\/\/infolanus.com\/index.php\/wp-json\/wp\/v2\/media?parent=3997"}],"wp:term":[{"taxonomy":"category","embeddable":true,"href":"https:\/\/infolanus.com\/index.php\/wp-json\/wp\/v2\/categories?post=3997"},{"taxonomy":"post_tag","embeddable":true,"href":"https:\/\/infolanus.com\/index.php\/wp-json\/wp\/v2\/tags?post=3997"}],"curies":[{"name":"wp","href":"https:\/\/api.w.org\/{rel}","templated":true}]}}