{"id":4005,"date":"2023-01-23T10:40:56","date_gmt":"2023-01-23T13:40:56","guid":{"rendered":"http:\/\/infolanus.com\/index.php\/2023\/01\/23\/la-formula-1-destaco-a-una-joyita-del-automovilismo-argentino-para-el-2023\/"},"modified":"2023-01-23T10:40:56","modified_gmt":"2023-01-23T13:40:56","slug":"la-formula-1-destaco-a-una-joyita-del-automovilismo-argentino-para-el-2023","status":"publish","type":"post","link":"https:\/\/infolanus.com\/index.php\/2023\/01\/23\/la-formula-1-destaco-a-una-joyita-del-automovilismo-argentino-para-el-2023\/","title":{"rendered":"La F\u00f3rmula 1 destac\u00f3 a una joyita del automovilismo argentino para el 2023"},"content":{"rendered":"<div class=\"media_block\"><\/div>\n<p>El piloto argentino <strong><a target=\"_blank\" href=\"https:\/\/442.perfil.com\/noticias\/automovilismo\/el-joven-piloto-argentino-que-se-acerca-a-la-formula-1.phtml\">Franco Colapinto<\/a> <\/strong>fue escogido entre los 20 talentos m\u00e1s emocionantes a seguir de cerca durante la temporada 2023 por la m\u00e1xima categor\u00eda del automovilismo, la<strong> <\/strong><a target=\"_blank\" href=\"https:\/\/442.perfil.com\/noticias\/automovilismo\/se-confirmo-el-calendario-2023-de-la-formula-1-23-carreras-y-no-habra-reemplazo-para-el-gran-premio-de-china.phtml\"><strong>F\u00f3rmula 1<\/strong><\/a>.<\/p>\n<p><strong>Colapinto<\/strong>, de tan solo 19 a\u00f1os, se uni\u00f3 a las filas de una de las escuder\u00edas m\u00e1s importantes de la M\u00e1xima: <strong>Williams<\/strong>, y empezar\u00e1 a entrenarse en la academia para competir en las divisiones menores a la <strong>F\u00f3rmula 1<\/strong>. El \u00fanico piloto argentino en competir con este equipo fue <strong><a target=\"_blank\" href=\"https:\/\/442.perfil.com\/noticias\/automovilismo\/carlos-reutemann-el-campeon-sin-corona-de-la-formula-1.phtml\">Carlos Reutemann<\/a> <\/strong>entre 1980 y 1982.<\/p>\n<p><img data-recalc-dims=\"1\" decoding=\"async\" alt=\"Franco Colapinto\" src=\"https:\/\/i0.wp.com\/fotos.perfil.com\/\/2023\/01\/23\/900\/0\/franco-colapinto-1496429.jpg?w=640&#038;ssl=1\" loading=\"lazy\"><\/p>\n<p>El equipo neerland\u00e9s <strong>MP Motorsport<\/strong> lo fich\u00f3 para disputar la temporada pasada de la F\u00f3rmula 3, la categor\u00eda previa a la F1, y tiene muy buenas referencias para poder sumarse a la <strong>F1 <\/strong>en el futuro.<\/p>\n<p>&#8220;<strong>Franco Colapinto, piloto recientemente sumado a la Academia de Williams Racing, fue otro novato en la F3 que se rob\u00f3 una buena cantidad de titulares el a\u00f1o pasado<\/strong>&#8220;, public\u00f3 F1 en su p\u00e1gina web.<\/p>\n<p>Y agreg\u00f3 que &#8220;t<strong>omando la pole en su debut en Bahrein, Colapinto logr\u00f3 dos victorias en su primera temporada<\/strong>&#8220;.<\/p>\n","protected":false},"excerpt":{"rendered":"<p>El piloto argentino Franco Colapinto fue escogido entre los 20 talentos m\u00e1s emocionantes a seguir de cerca durante la temporada 2023 por la m\u00e1xima categor\u00eda del automovilismo, la F\u00f3rmula 1. Colapinto, de tan solo 19 a\u00f1os, se uni\u00f3 a las filas de una de las escuder\u00edas m\u00e1s importantes de la M\u00e1xima: Williams, y empezar\u00e1 a [&hellip;]<\/p>\n","protected":false},"author":2,"featured_media":4006,"comment_status":"closed","ping_status":"closed","sticky":false,"template":"","format":"standard","meta":{"jetpack_post_was_ever_published":false,"_jetpack_newsletter_access":"","_jetpack_dont_email_post_to_subs":false,"_jetpack_newsletter_tier_id":0,"_jetpack_memberships_contains_paywalled_content":false,"_jetpack_memberships_contains_paid_content":false,"footnotes":"","jetpack_publicize_message":"","jetpack_publicize_feature_enabled":true,"jetpack_social_post_already_shared":true,"jetpack_social_options":{"image_generator_settings":{"template":"highway","enabled":false},"version":2}},"categories":[17],"tags":[],"class_list":["post-4005","post","type-post","status-publish","format-standard","has-post-thumbnail","hentry","category-deportes"],"jetpack_publicize_connections":[],"jetpack_featured_media_url":"https:\/\/i0.wp.com\/infolanus.com\/wp-content\/uploads\/2023\/01\/la-formula-1-destaco-a-una-joyita-del-automovilismo-argentino-para-el-2023.jpg?fit=900%2C506&ssl=1","jetpack_sharing_enabled":true,"jetpack_shortlink":"https:\/\/wp.me\/p9QtMr-12B","_links":{"self":[{"href":"https:\/\/infolanus.com\/index.php\/wp-json\/wp\/v2\/posts\/4005","targetHints":{"allow":["GET"]}}],"collection":[{"href":"https:\/\/infolanus.com\/index.php\/wp-json\/wp\/v2\/posts"}],"about":[{"href":"https:\/\/infolanus.com\/index.php\/wp-json\/wp\/v2\/types\/post"}],"author":[{"embeddable":true,"href":"https:\/\/infolanus.com\/index.php\/wp-json\/wp\/v2\/users\/2"}],"replies":[{"embeddable":true,"href":"https:\/\/infolanus.com\/index.php\/wp-json\/wp\/v2\/comments?post=4005"}],"version-history":[{"count":0,"href":"https:\/\/infolanus.com\/index.php\/wp-json\/wp\/v2\/posts\/4005\/revisions"}],"wp:featuredmedia":[{"embeddable":true,"href":"https:\/\/infolanus.com\/index.php\/wp-json\/wp\/v2\/media\/4006"}],"wp:attachment":[{"href":"https:\/\/infolanus.com\/index.php\/wp-json\/wp\/v2\/media?parent=4005"}],"wp:term":[{"taxonomy":"category","embeddable":true,"href":"https:\/\/infolanus.com\/index.php\/wp-json\/wp\/v2\/categories?post=4005"},{"taxonomy":"post_tag","embeddable":true,"href":"https:\/\/infolanus.com\/index.php\/wp-json\/wp\/v2\/tags?post=4005"}],"curies":[{"name":"wp","href":"https:\/\/api.w.org\/{rel}","templated":true}]}}