{"id":4015,"date":"2023-01-24T00:14:00","date_gmt":"2023-01-24T03:14:00","guid":{"rendered":"https:\/\/www.ambito.com\/polonia-desafia-alemania-y-presiona-europa-el-envio-tanques-ucrania-n5635361"},"modified":"2023-01-24T00:14:00","modified_gmt":"2023-01-24T03:14:00","slug":"polonia-desafia-a-alemania-y-presiona-a-europa-por-el-envio-de-tanques-a-ucrania","status":"publish","type":"post","link":"https:\/\/infolanus.com\/index.php\/2023\/01\/24\/polonia-desafia-a-alemania-y-presiona-a-europa-por-el-envio-de-tanques-a-ucrania\/","title":{"rendered":"Polonia desaf\u00eda a Alemania y presiona a Europa por el env\u00edo de tanques a Ucrania"},"content":{"rendered":"<div><img data-recalc-dims=\"1\" decoding=\"async\" src=\"https:\/\/i0.wp.com\/media.ambito.com\/p\/05adee26ae0d6111aa7f48929d1c6a06\/adjuntos\/239\/imagenes\/040\/448\/0040448219\/1200x675\/smart\/inter-ukraine-crisis_optjpeg.jpeg?w=640&#038;ssl=1\" class=\"ff-og-image-inserted\"><\/div>\n<p>Tras varios d\u00edas de creciente presi\u00f3n sobre Berl\u00edn, la ministra alemana de Relaciones Exteriores, Annalena Baerbock, indic\u00f3 que Alemania no se opondr\u00eda si Varsovia le solicita autorizaci\u00f3n para entregarle los blindados a Ucrania. \u201cPediremos ese acuerdo\u201d, declar\u00f3 ayer el primer ministro polaco, Mateusz Morawiecki.<\/p>\n<p>\u201cIncluso si no obtenemos su acuerdo, daremos nuestros tanques a Ucrania, junto con otros pa\u00edses, en el marco de una peque\u00f1a coalici\u00f3n, incluso si Alemania no forma parte\u201d, a\u00f1adi\u00f3, ante la falta de definiciones al respecto.<\/p>\n<p>Ucrania ha criticado la \u201cindecisi\u00f3n global\u201d de sus aliados a la hora de proporcionarle tanques, una postura que, seg\u00fan Kiev, est\u00e1 \u201cmatando a m\u00e1s gente\u201d.<\/p>\n<p><strong>Idas y vueltas<\/strong><\/p>\n<p>Este mes, Polonia hab\u00eda anunciado que estaba dispuesta a enviar 14 tanques Leopard a Ucrania, pero que estaba esperando el visto bueno de Berl\u00edn al respecto. El Gobierno alem\u00e1n, en tanto, insist\u00eda en la necesidad de que todos los aliados trabajen conjuntamente.<\/p>\n<p>El portavoz de Scholz reiter\u00f3 ayer esa idea al afirmar que el Gobierno de Berl\u00edn \u201cno descarta\u201d la entrega de blindados, pero a\u00f1adi\u00f3: \u201ceso todav\u00eda no se ha decidido\u201d.<\/p>\n<p>Marcada por la Segunda Guerra Mundial, Alemania intenta mantener un perfil bajo, actuando de forma silenciosa y discreta en la escena internacional, cuando se trata de conflictos. Sobre todo en momentos en que Rusia dice que la entrega de material militar m\u00e1s pesado a Ucrania conllevar\u00eda un riesgo serio de derrame del conflicto.<\/p>\n<p>Seg\u00fan la legislaci\u00f3n alemana de control de armas, Polonia \u2013como cualquier otro pa\u00eds que le compre armamento\u2013 necesita la aprobaci\u00f3n de Berl\u00edn para entregarle los tanques Leopard a Ucrania, porque estos fueron producidos en Alemania. Esa ley busca evitar que armas fabricadas en Alemania terminen siendo utilizadas en zonas de conflicto en contra de los intereses del pa\u00eds.<\/p>\n<p><strong>En el terreno<\/strong><\/p>\n<p>En tanto, un dirigente de la ocupaci\u00f3n rusa del este de Ucrania, Denis Pushilin, afirm\u00f3 que hab\u00eda visitado Soledar, una ciudad de la regi\u00f3n de Donetsk, en el este ucraniano, que Mosc\u00fa asegur\u00f3 haber conquistado este mes.<\/p>\n<p>Pushilin, m\u00e1ximo responsable ruso para Donetsk, indic\u00f3 el domingo por la noche que hab\u00eda visitado la localidad, arrasada por los combates, junto a Zurab Makiev, un diputado ruso.<\/p>\n<p>El dirigente public\u00f3 un video en redes sociales en el que se ve a ambos hombres, armados y con uniforme militar, llegando en coche a Soledar. Seg\u00fan afirmaron, son los primeros responsables rusos que visitan ese municipio, cuya toma fue anunciada por Mosc\u00fa el 13 de enero como una importante victoria.<\/p>\n<p>Pushilin declar\u00f3 ayer a la televisi\u00f3n estatal rusa que Soledar hab\u00eda sido \u201cdestrozada\u201d y que \u201ccasi no quedan edificios enteros en pie\u201d.<\/p>\n<p>Seg\u00fan el Ministerio de Defensa ruso, la conquista de esa ciudad es un paso importante de cara a expulsar a las tropas ucranianas de Bajmut, una localidad minera, m\u00e1s grande, cerca de Soledar.<\/p>\n<p>Pushilin apunt\u00f3 que los combates en Bajmut se estaban \u201cintensificando\u201d y afirm\u00f3 que las tropas rusas estaban avanzando, y que miembros del grupo de mercenarios ruso Wagner controlaban posiciones estrat\u00e9gicas cerca de Bajumt.<\/p>\n<p>Ucrania no ha reconocido oficialmente la p\u00e9rdida de Soledar.<\/p>\n","protected":false},"excerpt":{"rendered":"<p>Tras varios d\u00edas de creciente presi\u00f3n sobre Berl\u00edn, la ministra alemana de Relaciones Exteriores, Annalena Baerbock, indic\u00f3 que Alemania no se opondr\u00eda si Varsovia le solicita autorizaci\u00f3n para entregarle los blindados a Ucrania. \u201cPediremos ese acuerdo\u201d, declar\u00f3 ayer el primer ministro polaco, Mateusz Morawiecki. \u201cIncluso si no obtenemos su acuerdo, daremos nuestros tanques a Ucrania, [&hellip;]<\/p>\n","protected":false},"author":2,"featured_media":4016,"comment_status":"closed","ping_status":"closed","sticky":false,"template":"","format":"standard","meta":{"jetpack_post_was_ever_published":false,"_jetpack_newsletter_access":"","_jetpack_dont_email_post_to_subs":false,"_jetpack_newsletter_tier_id":0,"_jetpack_memberships_contains_paywalled_content":false,"_jetpack_memberships_contains_paid_content":false,"footnotes":"","jetpack_publicize_message":"","jetpack_publicize_feature_enabled":true,"jetpack_social_post_already_shared":true,"jetpack_social_options":{"image_generator_settings":{"template":"highway","enabled":false},"version":2}},"categories":[20],"tags":[],"class_list":["post-4015","post","type-post","status-publish","format-standard","has-post-thumbnail","hentry","category-mundo"],"jetpack_publicize_connections":[],"jetpack_featured_media_url":"https:\/\/i0.wp.com\/infolanus.com\/wp-content\/uploads\/2023\/01\/polonia-desafia-a-alemania-y-presiona-a-europa-por-el-envio-de-tanques-a-ucrania.jpg?fit=1200%2C675&ssl=1","jetpack_sharing_enabled":true,"jetpack_shortlink":"https:\/\/wp.me\/p9QtMr-12L","_links":{"self":[{"href":"https:\/\/infolanus.com\/index.php\/wp-json\/wp\/v2\/posts\/4015","targetHints":{"allow":["GET"]}}],"collection":[{"href":"https:\/\/infolanus.com\/index.php\/wp-json\/wp\/v2\/posts"}],"about":[{"href":"https:\/\/infolanus.com\/index.php\/wp-json\/wp\/v2\/types\/post"}],"author":[{"embeddable":true,"href":"https:\/\/infolanus.com\/index.php\/wp-json\/wp\/v2\/users\/2"}],"replies":[{"embeddable":true,"href":"https:\/\/infolanus.com\/index.php\/wp-json\/wp\/v2\/comments?post=4015"}],"version-history":[{"count":0,"href":"https:\/\/infolanus.com\/index.php\/wp-json\/wp\/v2\/posts\/4015\/revisions"}],"wp:featuredmedia":[{"embeddable":true,"href":"https:\/\/infolanus.com\/index.php\/wp-json\/wp\/v2\/media\/4016"}],"wp:attachment":[{"href":"https:\/\/infolanus.com\/index.php\/wp-json\/wp\/v2\/media?parent=4015"}],"wp:term":[{"taxonomy":"category","embeddable":true,"href":"https:\/\/infolanus.com\/index.php\/wp-json\/wp\/v2\/categories?post=4015"},{"taxonomy":"post_tag","embeddable":true,"href":"https:\/\/infolanus.com\/index.php\/wp-json\/wp\/v2\/tags?post=4015"}],"curies":[{"name":"wp","href":"https:\/\/api.w.org\/{rel}","templated":true}]}}