{"id":4017,"date":"2023-01-24T21:15:47","date_gmt":"2023-01-25T00:15:47","guid":{"rendered":"http:\/\/infolanus.com\/index.php\/2023\/01\/24\/lionel-scaloni-revelo-quien-provoco-su-llanto-viral-en-la-final-del-mundial\/"},"modified":"2023-01-24T21:15:47","modified_gmt":"2023-01-25T00:15:47","slug":"lionel-scaloni-revelo-quien-provoco-su-llanto-viral-en-la-final-del-mundial","status":"publish","type":"post","link":"https:\/\/infolanus.com\/index.php\/2023\/01\/24\/lionel-scaloni-revelo-quien-provoco-su-llanto-viral-en-la-final-del-mundial\/","title":{"rendered":"Lionel Scaloni revel\u00f3 qui\u00e9n provoc\u00f3 su llanto viral en la final del Mundial"},"content":{"rendered":"<div class=\"media_block\"><\/div>\n<div><img data-recalc-dims=\"1\" decoding=\"async\" src=\"https:\/\/i0.wp.com\/fotos.perfil.com\/2023\/01\/24\/trim\/1140\/641\/lionel-scaloni-1497633.jpg?w=640&#038;ssl=1\" class=\"ff-og-image-inserted\"><\/div>\n<p>Una de las im\u00e1genes m\u00e1s emotivas que se viraliz\u00f3 en las redes en los \u00faltimos meses&nbsp;es la de <strong>el llanto de <a target=\"_blank\" href=\"http:\/\/https:\/\/442.perfil.com\/noticias\/futbol\/el-tremendo-elogio-de-scaloni-a-lionel-messi-no-lo-vi-nunca.phtml\">Lionel Scaloni<\/a> tras la final del Mundial de Qatar que la Selecci\u00f3n Argentina le gan\u00f3 a Francia,<\/strong> y el&nbsp;propio DT <strong>revel\u00f3 cual fue el motivo que lo llev\u00f3&nbsp;a emocionarse de esa manera.&nbsp;<\/strong><\/p>\n<p>En una entrevista que Scaloni brind\u00f3 a DeporTV, dijo: <strong>&#8220;En ese momento dec\u00eds \u2018se acab\u00f3&#8217;, \u2018qu\u00e9 alivio\u201d, \u2018lo conseguimos, pero que alivio\u2019&#8221;<\/strong>, reconoci\u00f3 en cuanto a las presiones que sent\u00edan en torno a la definici\u00f3n para cortar los 36 a\u00f1os sin t\u00edtulos mundiales de la Selecci\u00f3n, y luego se refiri\u00f3 a su conmovedor llanto.<\/p>\n<p>&#8220;<strong>Lo veo venir a \u00e9l (<a target=\"_blank\" href=\"https:\/\/442.perfil.com\/noticias\/futbol\/paredes-elogio-a-mac-allister-y-a-enzo-fernandez-se-lo-que-trabajaron-y-lo-que-querian-estar-en-la-seleccion.phtml\">Leandro Paredes<\/a>) llorando de frente, a \u00e9l, que hab\u00eda sufrido, que hab\u00edaa entrado y salido del equipo. \u00c9l llegaba justo, hab\u00eda tenido una lesi\u00f3n y verlo a \u00e9l emocionado a m\u00ed me hizo emocionar tambi\u00e9n y bueno, fue un abrazo muy lindo<\/strong>&#8220;, revel\u00f3 el entrenador.&nbsp;<\/p>\n<p>Otro momento notable de esa secuencia es cuando, tras abrazarse con Lionel Scaloni, Paredes se da vuelta y, solo, se toma la cabeza y dice al aire<strong> \u201csomos campeones del mundo\u201d<\/strong>, como autoconvenci\u00e9ndose de eso tan deseado, por fin hecho realidad.<\/p>\n","protected":false},"excerpt":{"rendered":"<p>Una de las im\u00e1genes m\u00e1s emotivas que se viraliz\u00f3 en las redes en los \u00faltimos meses&nbsp;es la de el llanto de Lionel Scaloni tras la final del Mundial de Qatar que la Selecci\u00f3n Argentina le gan\u00f3 a Francia, y el&nbsp;propio DT revel\u00f3 cual fue el motivo que lo llev\u00f3&nbsp;a emocionarse de esa manera.&nbsp; En una [&hellip;]<\/p>\n","protected":false},"author":2,"featured_media":4018,"comment_status":"closed","ping_status":"closed","sticky":false,"template":"","format":"standard","meta":{"jetpack_post_was_ever_published":false,"_jetpack_newsletter_access":"","_jetpack_dont_email_post_to_subs":false,"_jetpack_newsletter_tier_id":0,"_jetpack_memberships_contains_paywalled_content":false,"_jetpack_memberships_contains_paid_content":false,"footnotes":"","jetpack_publicize_message":"","jetpack_publicize_feature_enabled":true,"jetpack_social_post_already_shared":true,"jetpack_social_options":{"image_generator_settings":{"template":"highway","enabled":false},"version":2}},"categories":[17],"tags":[],"class_list":["post-4017","post","type-post","status-publish","format-standard","has-post-thumbnail","hentry","category-deportes"],"jetpack_publicize_connections":[],"jetpack_featured_media_url":"https:\/\/i0.wp.com\/infolanus.com\/wp-content\/uploads\/2023\/01\/lionel-scaloni-revelo-quien-provoco-su-llanto-viral-en-la-final-del-mundial.jpg?fit=1140%2C641&ssl=1","jetpack_sharing_enabled":true,"jetpack_shortlink":"https:\/\/wp.me\/p9QtMr-12N","_links":{"self":[{"href":"https:\/\/infolanus.com\/index.php\/wp-json\/wp\/v2\/posts\/4017","targetHints":{"allow":["GET"]}}],"collection":[{"href":"https:\/\/infolanus.com\/index.php\/wp-json\/wp\/v2\/posts"}],"about":[{"href":"https:\/\/infolanus.com\/index.php\/wp-json\/wp\/v2\/types\/post"}],"author":[{"embeddable":true,"href":"https:\/\/infolanus.com\/index.php\/wp-json\/wp\/v2\/users\/2"}],"replies":[{"embeddable":true,"href":"https:\/\/infolanus.com\/index.php\/wp-json\/wp\/v2\/comments?post=4017"}],"version-history":[{"count":0,"href":"https:\/\/infolanus.com\/index.php\/wp-json\/wp\/v2\/posts\/4017\/revisions"}],"wp:featuredmedia":[{"embeddable":true,"href":"https:\/\/infolanus.com\/index.php\/wp-json\/wp\/v2\/media\/4018"}],"wp:attachment":[{"href":"https:\/\/infolanus.com\/index.php\/wp-json\/wp\/v2\/media?parent=4017"}],"wp:term":[{"taxonomy":"category","embeddable":true,"href":"https:\/\/infolanus.com\/index.php\/wp-json\/wp\/v2\/categories?post=4017"},{"taxonomy":"post_tag","embeddable":true,"href":"https:\/\/infolanus.com\/index.php\/wp-json\/wp\/v2\/tags?post=4017"}],"curies":[{"name":"wp","href":"https:\/\/api.w.org\/{rel}","templated":true}]}}