{"id":4044,"date":"2023-01-27T18:51:05","date_gmt":"2023-01-27T21:51:05","guid":{"rendered":"https:\/\/www.inforegion.com.ar\/?p=251206"},"modified":"2023-01-27T18:51:05","modified_gmt":"2023-01-27T21:51:05","slug":"lanus-un-joven-fue-asesinado-en-una-presunta-pelea-entre-bandas-rivales","status":"publish","type":"post","link":"https:\/\/infolanus.com\/index.php\/2023\/01\/27\/lanus-un-joven-fue-asesinado-en-una-presunta-pelea-entre-bandas-rivales\/","title":{"rendered":"Lanus: Un joven fue asesinado en una presunta pelea entre bandas rivales"},"content":{"rendered":"<div><img data-recalc-dims=\"1\" decoding=\"async\" src=\"https:\/\/i0.wp.com\/www.inforegion.com.ar\/wp-content\/uploads\/2023\/01\/diamante.jpg?w=640&#038;ssl=1\" class=\"ff-og-image-inserted\"><\/div>\n<p>Un joven fue asesinado a balazos en la localidad lanusense de <strong>Villa Diamante en el marco de una pelea callejera <\/strong>que habr\u00edan mantenido los integrantes de dos bandas rivales, en un suceso que la Polic\u00eda investiga tras descartar la hip\u00f3tesis del intento de robo.<\/p>\n<p>La v\u00edctima, identificada como <strong>Emiliano Ra\u00fal Ru\u00edz D\u00edaz<\/strong>, fue baleada durante la tarde de este jueves en el cruce de <strong>Manuela Pedraza y Potos\u00ed, de Villa Diamante<\/strong>, donde aseguran que se gener\u00f3 una pelea callejera entre bandas rivales.<\/p>\n<p>Fue en esas circunstancias que Ru\u00edz D\u00edaz fue alcanzado por un balazo y tuvo que ser <strong>trasladado de urgencia al Hospital Evita, donde, finalmente, muri\u00f3<\/strong>. <\/p>\n<p>Peritos de la Polic\u00eda Cient\u00edfica que revisaron el cad\u00e1ver determinaron que <strong>la v\u00edctima hab\u00eda sido alcanzada por un proyectil de arma de fuego en el hemit\u00f3rax izquierdo<\/strong>.<\/p>\n<p>Al respecto, efectivos de la comisar\u00eda de Villa Diamante realizaban procedimientos en busca de esclarecer el asesinato aunque ya <strong>descartaron que haya sido baleado en una tentativa de robo, pues sostienen que Ruiz D\u00edaz conoc\u00eda a los victimarios<\/strong>.<\/p>\n<p>La causa penal fue <strong>preventivamente caratulada como \u201cHomicidio\u201d <\/strong>e interviene el fiscal Gast\u00f3n Nahuel Fern\u00e1ndez, de la Unidad Funcional 7 de los tribunales de Avellaneda \u2013 Lan\u00fas.<\/p>\n","protected":false},"excerpt":{"rendered":"<p>Un joven fue asesinado a balazos en la localidad lanusense de Villa Diamante en el marco de una pelea callejera que habr\u00edan mantenido los integrantes de dos bandas rivales, en un suceso que la Polic\u00eda investiga tras descartar la hip\u00f3tesis del intento de robo. La v\u00edctima, identificada como Emiliano Ra\u00fal Ru\u00edz D\u00edaz, fue baleada durante [&hellip;]<\/p>\n","protected":false},"author":2,"featured_media":4045,"comment_status":"closed","ping_status":"closed","sticky":false,"template":"","format":"standard","meta":{"jetpack_post_was_ever_published":false,"_jetpack_newsletter_access":"","_jetpack_dont_email_post_to_subs":false,"_jetpack_newsletter_tier_id":0,"_jetpack_memberships_contains_paywalled_content":false,"_jetpack_memberships_contains_paid_content":false,"footnotes":"","jetpack_publicize_message":"","jetpack_publicize_feature_enabled":true,"jetpack_social_post_already_shared":true,"jetpack_social_options":{"image_generator_settings":{"template":"highway","enabled":false},"version":2}},"categories":[19,547],"tags":[233,1266,773,774,23,822,167],"class_list":["post-4044","post","type-post","status-publish","format-standard","has-post-thumbnail","hentry","category-municipio","category-policiales","tag-asesinato","tag-bandas","tag-centrales","tag-destacadas","tag-lanus","tag-policiales","tag-villa-diamante"],"jetpack_publicize_connections":[],"jetpack_featured_media_url":"https:\/\/i0.wp.com\/infolanus.com\/wp-content\/uploads\/2023\/01\/lanus-un-joven-fue-asesinado-en-una-presunta-pelea-entre-bandas-rivales.jpg?fit=847%2C476&ssl=1","jetpack_sharing_enabled":true,"jetpack_shortlink":"https:\/\/wp.me\/p9QtMr-13e","_links":{"self":[{"href":"https:\/\/infolanus.com\/index.php\/wp-json\/wp\/v2\/posts\/4044","targetHints":{"allow":["GET"]}}],"collection":[{"href":"https:\/\/infolanus.com\/index.php\/wp-json\/wp\/v2\/posts"}],"about":[{"href":"https:\/\/infolanus.com\/index.php\/wp-json\/wp\/v2\/types\/post"}],"author":[{"embeddable":true,"href":"https:\/\/infolanus.com\/index.php\/wp-json\/wp\/v2\/users\/2"}],"replies":[{"embeddable":true,"href":"https:\/\/infolanus.com\/index.php\/wp-json\/wp\/v2\/comments?post=4044"}],"version-history":[{"count":0,"href":"https:\/\/infolanus.com\/index.php\/wp-json\/wp\/v2\/posts\/4044\/revisions"}],"wp:featuredmedia":[{"embeddable":true,"href":"https:\/\/infolanus.com\/index.php\/wp-json\/wp\/v2\/media\/4045"}],"wp:attachment":[{"href":"https:\/\/infolanus.com\/index.php\/wp-json\/wp\/v2\/media?parent=4044"}],"wp:term":[{"taxonomy":"category","embeddable":true,"href":"https:\/\/infolanus.com\/index.php\/wp-json\/wp\/v2\/categories?post=4044"},{"taxonomy":"post_tag","embeddable":true,"href":"https:\/\/infolanus.com\/index.php\/wp-json\/wp\/v2\/tags?post=4044"}],"curies":[{"name":"wp","href":"https:\/\/api.w.org\/{rel}","templated":true}]}}