{"id":4090,"date":"2023-02-03T18:58:00","date_gmt":"2023-02-03T21:58:00","guid":{"rendered":"https:\/\/www.ambito.com\/mundo\/incendio\/chile-ya-hubo-cinco-muertos-y-boric-culpo-las-quemas-no-autorizadas-n5644063"},"modified":"2023-02-03T18:58:00","modified_gmt":"2023-02-03T21:58:00","slug":"incendio-en-chile-ya-hubo-cinco-muertos-y-boric-culpo-a-las-quemas-no-autorizadas","status":"publish","type":"post","link":"https:\/\/infolanus.com\/index.php\/2023\/02\/03\/incendio-en-chile-ya-hubo-cinco-muertos-y-boric-culpo-a-las-quemas-no-autorizadas\/","title":{"rendered":"Incendio en Chile: ya hubo cinco muertos y Boric culp\u00f3 a las quemas no autorizadas"},"content":{"rendered":"<div><img data-recalc-dims=\"1\" decoding=\"async\" src=\"https:\/\/i0.wp.com\/media.ambito.com\/p\/aea9194dcf40f3eb75e517d2ce3aa01f\/adjuntos\/239\/imagenes\/040\/477\/0040477877\/1200x675\/smart\/03-02-2023_la_ministra_del_interior_chilenajpg.jpg?w=640&#038;ssl=1\" class=\"ff-og-image-inserted\"><\/div>\n<h2>Boric sostuvo que hay &#8220;indicios&#8221; que los generan las quemas<\/h2>\n<p><a href=\"https:\/\/www.ambito.com\/mundo\/chile\/gabriel-boric-pierde-una-ministra-y-al-jefe-gabinete-n5624180\" target=\"_blank\" rel=\"follow noopener\">El presidente de Chile, Gabriel Boric<\/a>, dijo hoy que<strong> existen &#8220;indicios&#8221; de que algunos de los m\u00e1s de 170 incendios forestales activos en el pa\u00eds fueron causados por quemas no autorizadas. <\/strong><\/p>\n<p>El Presidente interrumpi\u00f3 sus vacaciones para visitar la regi\u00f3n de Biob\u00edo, decretada en estado de cat\u00e1strofe, en una jornada en la que<strong> hubo cinco muertes por el fuego en la comuna de Santa Juana<\/strong>.<\/p>\n<p>Asegur\u00f3 que &#8220;<strong>todas las fuerzas del Estado van a estar desplegadas para combatir los incendios<\/strong>&#8221; y en cuanto a la causa de inicio del fuego adelant\u00f3 que existen &#8220;indicios&#8221; de que algunos focos fueron provocados por quemas no autorizadas.<\/p>\n<p>&#8220;Las Fuerzas Armadas y Carabineros <strong>van a estar patrullando y haciendo patrullajes preventivos por toda la zona<\/strong>&#8220;, agreg\u00f3 el jefe de Estado.<\/p>\n<p>Por otro lado se refiri\u00f3 a las v\u00edctimas fatales que dej\u00f3 este gran incendio y sostuvo: &#8220;Una vez apagada la emergencia <strong>vamos a hacernos cargo y acompa\u00f1ar en todo lo necesario a las comunidades y las v\u00edctimas<\/strong>&#8220;.<\/p>\n<p>La ministra del Interior chilena, Carolina Toh\u00e1, tambi\u00e9n habl\u00f3 de las v\u00edctimas del incendio: &#8220;Tuvimos la confirmaci\u00f3n de cuatro personas fallecidas, <strong>son personas que se desplazaban en veh\u00edculo, en un caso por camino principal y en el otro por uno interior<\/strong>&#8220;, explic\u00f3 la ministra y detall\u00f3 que &#8220;en un caso <strong>se calcinaron<\/strong> porque <strong>fueron alcanzados por el fuego<\/strong> y en el otro sufrieron un accidente probablemente intentando escapar del fuego&#8221;.<\/p>\n<p>Toh\u00e1 lament\u00f3 el hecho y anunci\u00f3 que <strong>Santa Juana<\/strong> est\u00e1 &#8220;focalizada como uno de los lugares en los que se pondr\u00e1 <strong>principal atenci\u00f3n<\/strong>&#8220;.<\/p>\n<p>Respecto a las medidas para hacer frente a los incendios forestales, la ministra del Interior inform\u00f3 que &#8220;se han hecho una serie de <strong>gestiones en las \u00faltimas horas para reforzar los equipos con los que se est\u00e1 trabajando<\/strong>&#8220;, y se\u00f1al\u00f3 que de los 63 aviones de los que dispone la Corporaci\u00f3n Nacional Forestal se &#8220;ha generado un <strong>incremento de 10 aviones adicionales<\/strong>&#8220;.<\/p>\n","protected":false},"excerpt":{"rendered":"<p>Boric sostuvo que hay &#8220;indicios&#8221; que los generan las quemas El presidente de Chile, Gabriel Boric, dijo hoy que existen &#8220;indicios&#8221; de que algunos de los m\u00e1s de 170 incendios forestales activos en el pa\u00eds fueron causados por quemas no autorizadas. El Presidente interrumpi\u00f3 sus vacaciones para visitar la regi\u00f3n de Biob\u00edo, decretada en estado [&hellip;]<\/p>\n","protected":false},"author":2,"featured_media":4091,"comment_status":"closed","ping_status":"closed","sticky":false,"template":"","format":"standard","meta":{"jetpack_post_was_ever_published":false,"_jetpack_newsletter_access":"","_jetpack_dont_email_post_to_subs":false,"_jetpack_newsletter_tier_id":0,"_jetpack_memberships_contains_paywalled_content":false,"_jetpack_memberships_contains_paid_content":false,"footnotes":"","jetpack_publicize_message":"","jetpack_publicize_feature_enabled":true,"jetpack_social_post_already_shared":true,"jetpack_social_options":{"image_generator_settings":{"template":"highway","enabled":false},"version":2}},"categories":[20],"tags":[],"class_list":["post-4090","post","type-post","status-publish","format-standard","has-post-thumbnail","hentry","category-mundo"],"jetpack_publicize_connections":[],"jetpack_featured_media_url":"https:\/\/i0.wp.com\/infolanus.com\/wp-content\/uploads\/2023\/02\/incendio-en-chile-ya-hubo-cinco-muertos-y-boric-culpo-a-las-quemas-no-autorizadas.jpg?fit=1200%2C675&ssl=1","jetpack_sharing_enabled":true,"jetpack_shortlink":"https:\/\/wp.me\/p9QtMr-13Y","_links":{"self":[{"href":"https:\/\/infolanus.com\/index.php\/wp-json\/wp\/v2\/posts\/4090","targetHints":{"allow":["GET"]}}],"collection":[{"href":"https:\/\/infolanus.com\/index.php\/wp-json\/wp\/v2\/posts"}],"about":[{"href":"https:\/\/infolanus.com\/index.php\/wp-json\/wp\/v2\/types\/post"}],"author":[{"embeddable":true,"href":"https:\/\/infolanus.com\/index.php\/wp-json\/wp\/v2\/users\/2"}],"replies":[{"embeddable":true,"href":"https:\/\/infolanus.com\/index.php\/wp-json\/wp\/v2\/comments?post=4090"}],"version-history":[{"count":0,"href":"https:\/\/infolanus.com\/index.php\/wp-json\/wp\/v2\/posts\/4090\/revisions"}],"wp:featuredmedia":[{"embeddable":true,"href":"https:\/\/infolanus.com\/index.php\/wp-json\/wp\/v2\/media\/4091"}],"wp:attachment":[{"href":"https:\/\/infolanus.com\/index.php\/wp-json\/wp\/v2\/media?parent=4090"}],"wp:term":[{"taxonomy":"category","embeddable":true,"href":"https:\/\/infolanus.com\/index.php\/wp-json\/wp\/v2\/categories?post=4090"},{"taxonomy":"post_tag","embeddable":true,"href":"https:\/\/infolanus.com\/index.php\/wp-json\/wp\/v2\/tags?post=4090"}],"curies":[{"name":"wp","href":"https:\/\/api.w.org\/{rel}","templated":true}]}}