{"id":4098,"date":"2023-02-04T12:36:00","date_gmt":"2023-02-04T15:36:00","guid":{"rendered":"https:\/\/www.ambito.com\/mundo\/pakistan\/bloquea-wikipedia-al-acusarla-difundir-contenido-blasfemo-n5644252"},"modified":"2023-02-04T12:36:00","modified_gmt":"2023-02-04T15:36:00","slug":"pakistan-bloquea-wikipedia-al-acusarla-de-difundir-contenido-blasfemo","status":"publish","type":"post","link":"https:\/\/infolanus.com\/index.php\/2023\/02\/04\/pakistan-bloquea-wikipedia-al-acusarla-de-difundir-contenido-blasfemo\/","title":{"rendered":"Pakist\u00e1n bloquea Wikipedia al acusarla de difundir &#8220;contenido blasfemo&#8221;"},"content":{"rendered":"<div><img data-recalc-dims=\"1\" decoding=\"async\" src=\"https:\/\/i0.wp.com\/media.ambito.com\/p\/8bbfbca6d81caebe1002aab7360584d1\/adjuntos\/239\/imagenes\/040\/478\/0040478599\/wikipedia-1802614_1920jpg.jpg?w=640&#038;ssl=1\" class=\"ff-og-image-inserted\"><\/div>\n<p>La enciclopedia en l\u00ednea fue <strong>bloqueada<\/strong> en el pa\u00eds<strong> &#8220;por no haber respondido a nuestros reiterados mensajes para que retirara el contenido blasfemo en el plazo&#8221;<\/strong> indicado, explic\u00f3 el vocero de la PTA,<strong> Malahat Obaid<\/strong>.<\/p>\n<p>El ente le hab\u00eda dado plazo a <strong>Wikipedia<\/strong> hasta el viernes por la noche para retirar ese contenido, sobre el cual no se conocieron los detalles.<strong> &#8220;Retiraron parte del material, pero no todo&#8221;<\/strong>, apunt\u00f3 y agreg\u00f3 que <strong>Wikipedia <\/strong>&#8220;permanecer\u00e1 <strong>bloqueada <\/strong>hasta que retiren todo el material objetable&#8221;.<\/p>\n<p>La <strong>Fundaci\u00f3n<\/strong> <strong>Wikimedia<\/strong>, que gestiona <strong>Wikipedia<\/strong>, lament\u00f3 la decisi\u00f3n, que &#8220;<strong>niega <\/strong>al quinto pa\u00eds m\u00e1s poblado del mundo el acceso al<strong> mayor repertorio de conocimientos libre<\/strong>&#8220;. &#8220;Si esto contin\u00faa, <strong>privar\u00e1 a todo el mundo<\/strong> en Pakist\u00e1n del conocimiento, la historia, la cultura&#8221;, afirm\u00f3 la organizaci\u00f3n en un comunicado.<\/p>\n<p>Los <strong>defensores de la libertad de expresi\u00f3n<\/strong> critican desde hace tiempo la <strong>censura <\/strong>impuesta por los diferentes gobiernos y su <strong>control de Internet y los medios de comunicaci\u00f3n<\/strong>. &#8220;El objetivo principal es <strong>silenciar a cualquier disidente<\/strong>&#8220;, afirm\u00f3 el activista por los derechos digitales, <strong>Usama Khilji<\/strong>, en declaraciones a agencia de noticias AFP. &#8220;Muchas veces se utiliza la <strong>blasfemia <\/strong>como arma arrojadiza con ese fin&#8221;, subray\u00f3.<\/p>\n<p>En <strong>2010<\/strong>, <strong>Pakist\u00e1n <\/strong>bloque\u00f3 <strong>Facebook <\/strong>durante dos semanas por una publicaci\u00f3n supuestamente blasfema. Y <strong>YouTube <\/strong>estuvo inaccesible de <strong>2012 a 2016<\/strong> debido a la difusi\u00f3n de una <strong>pel\u00edcula amateur islam\u00f3foba <\/strong>que desencaden\u00f3 violentas <strong>protestas <\/strong>en numerosos pa\u00edses. <\/p>\n","protected":false},"excerpt":{"rendered":"<p>La enciclopedia en l\u00ednea fue bloqueada en el pa\u00eds &#8220;por no haber respondido a nuestros reiterados mensajes para que retirara el contenido blasfemo en el plazo&#8221; indicado, explic\u00f3 el vocero de la PTA, Malahat Obaid. El ente le hab\u00eda dado plazo a Wikipedia hasta el viernes por la noche para retirar ese contenido, sobre el [&hellip;]<\/p>\n","protected":false},"author":2,"featured_media":4099,"comment_status":"closed","ping_status":"closed","sticky":false,"template":"","format":"standard","meta":{"jetpack_post_was_ever_published":false,"_jetpack_newsletter_access":"","_jetpack_dont_email_post_to_subs":false,"_jetpack_newsletter_tier_id":0,"_jetpack_memberships_contains_paywalled_content":false,"_jetpack_memberships_contains_paid_content":false,"footnotes":"","jetpack_publicize_message":"","jetpack_publicize_feature_enabled":true,"jetpack_social_post_already_shared":true,"jetpack_social_options":{"image_generator_settings":{"template":"highway","enabled":false},"version":2}},"categories":[20],"tags":[],"class_list":["post-4098","post","type-post","status-publish","format-standard","has-post-thumbnail","hentry","category-mundo"],"jetpack_publicize_connections":[],"jetpack_featured_media_url":"https:\/\/i0.wp.com\/infolanus.com\/wp-content\/uploads\/2023\/02\/pakistan-bloquea-wikipedia-al-acusarla-de-difundir-contenido-blasfemo.jpg?fit=1200%2C675&ssl=1","jetpack_sharing_enabled":true,"jetpack_shortlink":"https:\/\/wp.me\/p9QtMr-146","_links":{"self":[{"href":"https:\/\/infolanus.com\/index.php\/wp-json\/wp\/v2\/posts\/4098","targetHints":{"allow":["GET"]}}],"collection":[{"href":"https:\/\/infolanus.com\/index.php\/wp-json\/wp\/v2\/posts"}],"about":[{"href":"https:\/\/infolanus.com\/index.php\/wp-json\/wp\/v2\/types\/post"}],"author":[{"embeddable":true,"href":"https:\/\/infolanus.com\/index.php\/wp-json\/wp\/v2\/users\/2"}],"replies":[{"embeddable":true,"href":"https:\/\/infolanus.com\/index.php\/wp-json\/wp\/v2\/comments?post=4098"}],"version-history":[{"count":0,"href":"https:\/\/infolanus.com\/index.php\/wp-json\/wp\/v2\/posts\/4098\/revisions"}],"wp:featuredmedia":[{"embeddable":true,"href":"https:\/\/infolanus.com\/index.php\/wp-json\/wp\/v2\/media\/4099"}],"wp:attachment":[{"href":"https:\/\/infolanus.com\/index.php\/wp-json\/wp\/v2\/media?parent=4098"}],"wp:term":[{"taxonomy":"category","embeddable":true,"href":"https:\/\/infolanus.com\/index.php\/wp-json\/wp\/v2\/categories?post=4098"},{"taxonomy":"post_tag","embeddable":true,"href":"https:\/\/infolanus.com\/index.php\/wp-json\/wp\/v2\/tags?post=4098"}],"curies":[{"name":"wp","href":"https:\/\/api.w.org\/{rel}","templated":true}]}}