{"id":4104,"date":"2023-02-05T15:59:11","date_gmt":"2023-02-05T18:59:11","guid":{"rendered":"https:\/\/www.ambito.com\/mundo\/chile\/incendios-forestales-24-muertos-y-evacuados-las-llamas-n5644779"},"modified":"2023-02-05T15:59:11","modified_gmt":"2023-02-05T18:59:11","slug":"incendios-forestales-en-chile-24-muertos-y-evacuados-por-las-llamas","status":"publish","type":"post","link":"https:\/\/infolanus.com\/index.php\/2023\/02\/05\/incendios-forestales-en-chile-24-muertos-y-evacuados-por-las-llamas\/","title":{"rendered":"Incendios forestales en Chile: 24 muertos y evacuados por las llamas"},"content":{"rendered":"<div><img data-recalc-dims=\"1\" decoding=\"async\" src=\"https:\/\/i0.wp.com\/media.ambito.com\/p\/371ace2704edc2ffb0f76894eb6679b1\/adjuntos\/239\/imagenes\/040\/479\/0040479682\/incendio-chile-vajpg.jpg?w=640&#038;ssl=1\" class=\"ff-og-image-inserted\"><\/div>\n<h2>Incendios forestales en Chile: el fuego no da tregua<\/h2>\n<p>Agreg\u00f3 que<strong> &#8220;hay 10 detenidos por eventual responsabilidad en la generaci\u00f3n de incendios&#8221;<\/strong> y sostuvo que <strong>&#8220;la generaci\u00f3n intencional de incendios va a ser perseguida penalmente por el Gobierno de Chile&#8221;.<\/strong><\/p>\n<p>El funcionario indic\u00f3 que en la jornada de hoy <strong>&#8220;no hay temperaturas extremas. Mantenemos altas temperaturas en las regiones que van desde Valpara\u00edso a la regi\u00f3n de las Araucan\u00eda, pero no son extremas&#8221;<\/strong>.<\/p>\n<p>No obstante, advirti\u00f3 que durante la semana <strong>&#8220;las regiones metropolitanas y \u00d1uble sufrir\u00e1n temperaturas extremas y el escenario ser\u00e1 complejo&#8221;.<\/strong><\/p>\n<p>A su vez, <strong>Monsalve<\/strong> dijo que &#8220;en la <strong>Regi\u00f3n de \u00d1uble y en la Regi\u00f3n de Biob\u00edo<\/strong> la actividad de esos incendios durante el transcurso de la noche fue menor a la esperada, lo cual, desde el punto de vista del contexto de la emergencia que vivimos, es un escenario un poco mejor a lo que hab\u00edamos vividos los d\u00edas anteriores&#8221;.<\/p>\n<p>En este sentido, el subsecretario indic\u00f3 que &#8220;el viernes se registraron 76 nuevos incendios durante el d\u00eda, luego 16 el s\u00e1bado, y que &#8220;al horario que llevamos, tenemos 8 nuevos incendios durante el d\u00eda, que esperamos que no sigan creciendo&#8221;.<\/p>\n<p>Y agreg\u00f3 <strong>&#8220;hay 260 incendios en estos momentos en Chile, de los cuales 51 est\u00e1n en combate, y de esos 28 son considerados incendios relevantes&#8221;<\/strong>.<\/p>\n<p>A su vez, el funcionario <strong>&#8220;la Polic\u00eda de Investigaciones tiene 89 efectivos desplegados en las zonas afectadas por la emergencia y Carabineros de Chile tiene 908&#8221;<\/strong>.<\/p>\n<p>Con respecto a los bomberos, declar\u00f3 que <strong>&#8220;hay cerca de 895 voluntarios desplegados, m\u00e1s de 70 carros de bomba&#8221;<\/strong>.<\/p>\n<p>Consultado por las denuncias de la desaparici\u00f3n de dos personas, Monsalve explic\u00f3 que fueron halladas y que actualmente &#8220;no hay personas desparecidas&#8221;.<\/p>\n<p>Respecto a la infraestructura sanitaria, el subsecretario del Interior se\u00f1al\u00f3 que &#8220;hay dos hospitales evacuados, pero est\u00e1n atendiendo las urgencias que son<strong> Lautaro y Pur\u00e9n<\/strong>. Tenemos postas afectadas, que son tres que est\u00e1n en evaluaci\u00f3n y tenemos una infraestructura hospitalaria considerada destruida, que es una posta rural&#8221;.<\/p>\n<p>Por el desarrollo de estos incendios <strong>el presidente del Gobierno de Espa\u00f1a, Pedro S\u00e1nchez, inform\u00f3 que envi\u00f3 a Chile un avi\u00f3n con un contingente de la Unidad Militar de Emergencias (UME) para colaborar en la extinci\u00f3n y control de los incendios que est\u00e1n azotando a Chile<\/strong>, tras el pedido ayuda a varios gobiernos, incluido el espa\u00f1ol, public\u00f3 la agencia de noticias DPA.<\/p>\n<p>S\u00e1nchez subray\u00f3 que <strong>Espa\u00f1a &#8220;conoce bien el drama de los incendios forestales&#8221;<\/strong> y mand\u00f3 su apoyo al pueblo chileno.<\/p>\n","protected":false},"excerpt":{"rendered":"<p>Incendios forestales en Chile: el fuego no da tregua Agreg\u00f3 que &#8220;hay 10 detenidos por eventual responsabilidad en la generaci\u00f3n de incendios&#8221; y sostuvo que &#8220;la generaci\u00f3n intencional de incendios va a ser perseguida penalmente por el Gobierno de Chile&#8221;. El funcionario indic\u00f3 que en la jornada de hoy &#8220;no hay temperaturas extremas. Mantenemos altas [&hellip;]<\/p>\n","protected":false},"author":2,"featured_media":4105,"comment_status":"closed","ping_status":"closed","sticky":false,"template":"","format":"standard","meta":{"jetpack_post_was_ever_published":false,"_jetpack_newsletter_access":"","_jetpack_dont_email_post_to_subs":false,"_jetpack_newsletter_tier_id":0,"_jetpack_memberships_contains_paywalled_content":false,"_jetpack_memberships_contains_paid_content":false,"footnotes":"","jetpack_publicize_message":"","jetpack_publicize_feature_enabled":true,"jetpack_social_post_already_shared":true,"jetpack_social_options":{"image_generator_settings":{"template":"highway","enabled":false},"version":2}},"categories":[20],"tags":[],"class_list":["post-4104","post","type-post","status-publish","format-standard","has-post-thumbnail","hentry","category-mundo"],"jetpack_publicize_connections":[],"jetpack_featured_media_url":"https:\/\/i0.wp.com\/infolanus.com\/wp-content\/uploads\/2023\/02\/incendios-forestales-en-chile-24-muertos-y-evacuados-por-las-llamas.jpg?fit=1200%2C675&ssl=1","jetpack_sharing_enabled":true,"jetpack_shortlink":"https:\/\/wp.me\/p9QtMr-14c","_links":{"self":[{"href":"https:\/\/infolanus.com\/index.php\/wp-json\/wp\/v2\/posts\/4104","targetHints":{"allow":["GET"]}}],"collection":[{"href":"https:\/\/infolanus.com\/index.php\/wp-json\/wp\/v2\/posts"}],"about":[{"href":"https:\/\/infolanus.com\/index.php\/wp-json\/wp\/v2\/types\/post"}],"author":[{"embeddable":true,"href":"https:\/\/infolanus.com\/index.php\/wp-json\/wp\/v2\/users\/2"}],"replies":[{"embeddable":true,"href":"https:\/\/infolanus.com\/index.php\/wp-json\/wp\/v2\/comments?post=4104"}],"version-history":[{"count":0,"href":"https:\/\/infolanus.com\/index.php\/wp-json\/wp\/v2\/posts\/4104\/revisions"}],"wp:featuredmedia":[{"embeddable":true,"href":"https:\/\/infolanus.com\/index.php\/wp-json\/wp\/v2\/media\/4105"}],"wp:attachment":[{"href":"https:\/\/infolanus.com\/index.php\/wp-json\/wp\/v2\/media?parent=4104"}],"wp:term":[{"taxonomy":"category","embeddable":true,"href":"https:\/\/infolanus.com\/index.php\/wp-json\/wp\/v2\/categories?post=4104"},{"taxonomy":"post_tag","embeddable":true,"href":"https:\/\/infolanus.com\/index.php\/wp-json\/wp\/v2\/tags?post=4104"}],"curies":[{"name":"wp","href":"https:\/\/api.w.org\/{rel}","templated":true}]}}