{"id":4110,"date":"2023-02-06T15:53:53","date_gmt":"2023-02-06T18:53:53","guid":{"rendered":"https:\/\/www.ambito.com\/mundo\/terremoto\/turquia-y-siria-erdogan-declaro-siete-dias-luto-las-victimas-n5645541"},"modified":"2023-02-06T15:53:53","modified_gmt":"2023-02-06T18:53:53","slug":"terremoto-en-turquia-y-siria-erdogan-declaro-siete-dias-de-luto-por-las-victimas","status":"publish","type":"post","link":"https:\/\/infolanus.com\/index.php\/2023\/02\/06\/terremoto-en-turquia-y-siria-erdogan-declaro-siete-dias-de-luto-por-las-victimas\/","title":{"rendered":"Terremoto en Turqu\u00eda y Siria: Erdogan declar\u00f3 siete d\u00edas de luto por las v\u00edctimas"},"content":{"rendered":"<div><img data-recalc-dims=\"1\" decoding=\"async\" src=\"https:\/\/i0.wp.com\/media.ambito.com\/p\/55fe4af0ee6d2acbeb2483e664760bbc\/adjuntos\/239\/imagenes\/040\/480\/0040480508\/sismo-turquia-siriajpg.jpg?w=640&#038;ssl=1\" class=\"ff-og-image-inserted\"><\/div>\n<p>El devastador<strong> temblor de magnitud 7,8<\/strong> se sinti\u00f3 tambi\u00e9n en <strong>Chipre<\/strong>, <strong>L\u00edbano <\/strong>e incluso en la lejana <strong>Groenlandia<\/strong>. De hecho, tal como afirm\u00f3 el ingeniero geof\u00edsico turco, Ovgun Ahmet Ercan, al medio turco Hurriyet, el terremoto que sacudi\u00f3 este lunes a la regi\u00f3n fronteriza entre Turqu\u00eda y Siria <strong>tuvo la potencia de 130 bombas at\u00f3micas<\/strong>.<\/p>\n<h2>Consecuencias del sismo<\/h2>\n<p>El <strong>balance conjunto de muertos <\/strong>tras el terremoto que azot\u00f3<strong> Turqu\u00eda y Siria<\/strong> este lunes ascendi\u00f3 a <strong>m\u00e1s de 2.600 fallecidos<\/strong>. Al menos <strong>1.651 personas murieron en Turqu\u00eda<\/strong> en el sismo, seg\u00fan el<strong> ministro turco de Salud, Fahrettin Koca<\/strong>. En cuanto a Siria, <strong>al menos 1.000 personas murieron <\/strong>de acuerdo a cifras comunicadas por el <strong>ministerio de Salud sirio<\/strong>.<\/p>\n<p>El terremoto <strong>derrib\u00f3 bloques de apartamentos enteros<\/strong> en ciudades turcas y <strong>sumaba m\u00e1s devastaci\u00f3n a los millones de sirios desplazados por a\u00f1os de guerra<\/strong>. El segundo sismo fue lo<strong> suficientemente grande como para derribar m\u00e1s edificios<\/strong> y, al igual que el primero, se sinti\u00f3 en toda la regi\u00f3n, poniendo en peligro a los trabajadores de rescate que luchaban por sacar a las v\u00edctimas de entre los escombros.<\/p>\n<p>Se trata ya del <strong>mayor n\u00famero de v\u00edctimas mortales de un terremoto en Turqu\u00eda desde 1999<\/strong>, cuando un temblor de magnitud similar devast\u00f3 la densamente poblada regi\u00f3n oriental del mar de M\u00e1rmara, cerca de Estambul, causando m\u00e1s de 17.000 muertos. <\/p>\n<p>El presidente turco lo calific\u00f3 de <strong>desastre hist\u00f3rico<\/strong> y afirm\u00f3 que las autoridades est\u00e1n haciendo todo lo que pueden. <strong>&#8220;Todo el mundo se est\u00e1 esforzando al m\u00e1ximo<\/strong>, aunque la estaci\u00f3n invernal, el fr\u00edo y el hecho de que el terremoto se haya producido durante la noche dificultan las cosas&#8221;, sostuvo<\/p>\n","protected":false},"excerpt":{"rendered":"<p>El devastador temblor de magnitud 7,8 se sinti\u00f3 tambi\u00e9n en Chipre, L\u00edbano e incluso en la lejana Groenlandia. De hecho, tal como afirm\u00f3 el ingeniero geof\u00edsico turco, Ovgun Ahmet Ercan, al medio turco Hurriyet, el terremoto que sacudi\u00f3 este lunes a la regi\u00f3n fronteriza entre Turqu\u00eda y Siria tuvo la potencia de 130 bombas at\u00f3micas. [&hellip;]<\/p>\n","protected":false},"author":2,"featured_media":4111,"comment_status":"closed","ping_status":"closed","sticky":false,"template":"","format":"standard","meta":{"jetpack_post_was_ever_published":false,"_jetpack_newsletter_access":"","_jetpack_dont_email_post_to_subs":false,"_jetpack_newsletter_tier_id":0,"_jetpack_memberships_contains_paywalled_content":false,"_jetpack_memberships_contains_paid_content":false,"footnotes":"","jetpack_publicize_message":"","jetpack_publicize_feature_enabled":true,"jetpack_social_post_already_shared":true,"jetpack_social_options":{"image_generator_settings":{"template":"highway","enabled":false},"version":2}},"categories":[20],"tags":[],"class_list":["post-4110","post","type-post","status-publish","format-standard","has-post-thumbnail","hentry","category-mundo"],"jetpack_publicize_connections":[],"jetpack_featured_media_url":"https:\/\/i0.wp.com\/infolanus.com\/wp-content\/uploads\/2023\/02\/terremoto-en-turquia-y-siria-erdogan-declaro-siete-dias-de-luto-por-las-victimas.jpg?fit=1200%2C675&ssl=1","jetpack_sharing_enabled":true,"jetpack_shortlink":"https:\/\/wp.me\/p9QtMr-14i","_links":{"self":[{"href":"https:\/\/infolanus.com\/index.php\/wp-json\/wp\/v2\/posts\/4110","targetHints":{"allow":["GET"]}}],"collection":[{"href":"https:\/\/infolanus.com\/index.php\/wp-json\/wp\/v2\/posts"}],"about":[{"href":"https:\/\/infolanus.com\/index.php\/wp-json\/wp\/v2\/types\/post"}],"author":[{"embeddable":true,"href":"https:\/\/infolanus.com\/index.php\/wp-json\/wp\/v2\/users\/2"}],"replies":[{"embeddable":true,"href":"https:\/\/infolanus.com\/index.php\/wp-json\/wp\/v2\/comments?post=4110"}],"version-history":[{"count":0,"href":"https:\/\/infolanus.com\/index.php\/wp-json\/wp\/v2\/posts\/4110\/revisions"}],"wp:featuredmedia":[{"embeddable":true,"href":"https:\/\/infolanus.com\/index.php\/wp-json\/wp\/v2\/media\/4111"}],"wp:attachment":[{"href":"https:\/\/infolanus.com\/index.php\/wp-json\/wp\/v2\/media?parent=4110"}],"wp:term":[{"taxonomy":"category","embeddable":true,"href":"https:\/\/infolanus.com\/index.php\/wp-json\/wp\/v2\/categories?post=4110"},{"taxonomy":"post_tag","embeddable":true,"href":"https:\/\/infolanus.com\/index.php\/wp-json\/wp\/v2\/tags?post=4110"}],"curies":[{"name":"wp","href":"https:\/\/api.w.org\/{rel}","templated":true}]}}