{"id":4122,"date":"2023-02-07T20:29:44","date_gmt":"2023-02-07T23:29:44","guid":{"rendered":"http:\/\/infolanus.com\/index.php\/2023\/02\/07\/dura-baja-para-demichelis-bruno-zuculini-se-rompio-el-ligamento-cruzado-anterior\/"},"modified":"2023-02-07T20:29:44","modified_gmt":"2023-02-07T23:29:44","slug":"dura-baja-para-demichelis-bruno-zuculini-se-rompio-el-ligamento-cruzado-anterior","status":"publish","type":"post","link":"https:\/\/infolanus.com\/index.php\/2023\/02\/07\/dura-baja-para-demichelis-bruno-zuculini-se-rompio-el-ligamento-cruzado-anterior\/","title":{"rendered":"Dura baja para Demichelis: Bruno Zuculini se rompi\u00f3 el ligamento cruzado anterior"},"content":{"rendered":"<div class=\"media_block\"><\/div>\n<div><img data-recalc-dims=\"1\" decoding=\"async\" src=\"https:\/\/i0.wp.com\/fotos.perfil.com\/2023\/02\/07\/trim\/1140\/641\/bruno-zuculini-1505625.jpg?w=640&#038;ssl=1\" class=\"ff-og-image-inserted\"><\/div>\n<p><a target=\"_blank\" href=\"https:\/\/442.perfil.com\/noticias\/futbol\/zuculini-me-sorprendio-cuando-dijo-que-me-queria.phtml\"><strong>Bruno Zuculini<\/strong><\/a> sufri\u00f3 la ruptura parcial del ligamento cruzado anterior de su pierna izquierda&nbsp;en la pr\u00e1ctica de este martes y ser\u00e1 baja en&nbsp;<a target=\"_blank\" href=\"https:\/\/442.perfil.com\/noticias\/futbol\/la-inesperada-declaracion-de-pablo-vegetti-que-ilusiona-al-mundo-river.phtml\"><strong>River Plate<\/strong><\/a>.&nbsp;En las \u00faltimas horas le hicieron estudios y finalmente el club public\u00f3 el parte m\u00e9dico oficial, aunque&nbsp;la buena para el volante es que la recuperaci\u00f3n le demandar\u00eda menos de seis meses.<\/p>\n<h2><strong>El parte m\u00e9dico<\/strong><\/h2>\n<p>En el comunicado oficial, el <em>Millonario<\/em> inform\u00f3:<em>&nbsp;&#8220;<\/em>En el entrenamiento de hoy,&nbsp;el jugador <strong>Bruno Zuculini<\/strong> sufri\u00f3 un esguince de su rodilla izquierda y los estudios posteriores confirmaron la presunci\u00f3n diagn\u00f3stica de rotura del ligamento cruzado anterior.&nbsp;Se programar\u00e1 resoluci\u00f3n quir\u00fargica en los pr\u00f3ximos d\u00edas<em>&#8220;<\/em>.<\/p>\n<p>Despu\u00e9s de que se opere,&nbsp;el volante de 29 a\u00f1os deber\u00e1 afrontar el periodo de recuperaci\u00f3n y posterior rehabilitaci\u00f3n que no ser\u00e1 tan largo,&nbsp;ya que no es una rotura total del ligamento. Sin embargo, igualmente se perder\u00e1 buena parte del a\u00f1o.<\/p>\n<h2><strong>La falta de jugadores en el puesto<\/strong><\/h2>\n<p>Con esta baja,&nbsp;<a target=\"_blank\" href=\"https:\/\/442.perfil.com\/noticias\/futbol\/tras-la-derrota-ante-belgrano-demichelis-hablo-de-los-lesionados-y-palpito-dos-regresos.phtml\"><strong>Mart\u00edn Demichelis<\/strong><\/a> pierde una pieza importante de recambio en una zona de la cancha en la que ya ven\u00eda complicado. Es que&nbsp;<strong>Mat\u00edas Kranevitter<\/strong>, uno de los refuerzos para esta temporada, sufri\u00f3 fractura de peron\u00e9 con compromiso ligamentario de tobillo derecho&nbsp;en el amistoso ante <strong>Uni\u00f3n La Calera<\/strong> y a\u00fan le queda un buen tiempo de recuperaci\u00f3n.&nbsp;<\/p>\n<p>En tanto,&nbsp;<strong>Felipe Pe\u00f1a Biafore<\/strong>, otra alternativa en ese puesto, fue cedido a pr\u00e9stamo a <a target=\"_blank\" href=\"https:\/\/442.perfil.com\/noticias\/futbol\/asi-quedo-la-tabla-de-posiciones-luego-de-la-segunda-fecha-de-la-liga-profesional.phtml\"><strong>Arsenal<\/strong><\/a>, por lo que&nbsp;solo queda <strong>Enzo P\u00e9rez<\/strong> como volante central en el plantel&nbsp;y sino hay que recurrir a alg\u00fan juvenil de la Reserva o a otro futbolista que no es mediocampista central natural.<\/p>\n","protected":false},"excerpt":{"rendered":"<p>Bruno Zuculini sufri\u00f3 la ruptura parcial del ligamento cruzado anterior de su pierna izquierda&nbsp;en la pr\u00e1ctica de este martes y ser\u00e1 baja en&nbsp;River Plate.&nbsp;En las \u00faltimas horas le hicieron estudios y finalmente el club public\u00f3 el parte m\u00e9dico oficial, aunque&nbsp;la buena para el volante es que la recuperaci\u00f3n le demandar\u00eda menos de seis meses. El [&hellip;]<\/p>\n","protected":false},"author":2,"featured_media":4123,"comment_status":"closed","ping_status":"closed","sticky":false,"template":"","format":"standard","meta":{"jetpack_post_was_ever_published":false,"_jetpack_newsletter_access":"","_jetpack_dont_email_post_to_subs":false,"_jetpack_newsletter_tier_id":0,"_jetpack_memberships_contains_paywalled_content":false,"_jetpack_memberships_contains_paid_content":false,"footnotes":"","jetpack_publicize_message":"","jetpack_publicize_feature_enabled":true,"jetpack_social_post_already_shared":true,"jetpack_social_options":{"image_generator_settings":{"template":"highway","enabled":false},"version":2}},"categories":[17],"tags":[],"class_list":["post-4122","post","type-post","status-publish","format-standard","has-post-thumbnail","hentry","category-deportes"],"jetpack_publicize_connections":[],"jetpack_featured_media_url":"https:\/\/i0.wp.com\/infolanus.com\/wp-content\/uploads\/2023\/02\/dura-baja-para-demichelis-bruno-zuculini-se-rompio-el-ligamento-cruzado-anterior.jpg?fit=1140%2C641&ssl=1","jetpack_sharing_enabled":true,"jetpack_shortlink":"https:\/\/wp.me\/p9QtMr-14u","_links":{"self":[{"href":"https:\/\/infolanus.com\/index.php\/wp-json\/wp\/v2\/posts\/4122","targetHints":{"allow":["GET"]}}],"collection":[{"href":"https:\/\/infolanus.com\/index.php\/wp-json\/wp\/v2\/posts"}],"about":[{"href":"https:\/\/infolanus.com\/index.php\/wp-json\/wp\/v2\/types\/post"}],"author":[{"embeddable":true,"href":"https:\/\/infolanus.com\/index.php\/wp-json\/wp\/v2\/users\/2"}],"replies":[{"embeddable":true,"href":"https:\/\/infolanus.com\/index.php\/wp-json\/wp\/v2\/comments?post=4122"}],"version-history":[{"count":0,"href":"https:\/\/infolanus.com\/index.php\/wp-json\/wp\/v2\/posts\/4122\/revisions"}],"wp:featuredmedia":[{"embeddable":true,"href":"https:\/\/infolanus.com\/index.php\/wp-json\/wp\/v2\/media\/4123"}],"wp:attachment":[{"href":"https:\/\/infolanus.com\/index.php\/wp-json\/wp\/v2\/media?parent=4122"}],"wp:term":[{"taxonomy":"category","embeddable":true,"href":"https:\/\/infolanus.com\/index.php\/wp-json\/wp\/v2\/categories?post=4122"},{"taxonomy":"post_tag","embeddable":true,"href":"https:\/\/infolanus.com\/index.php\/wp-json\/wp\/v2\/tags?post=4122"}],"curies":[{"name":"wp","href":"https:\/\/api.w.org\/{rel}","templated":true}]}}