{"id":413,"date":"2018-05-08T17:10:45","date_gmt":"2018-05-08T20:10:45","guid":{"rendered":"http:\/\/infolanus.com\/?p=413"},"modified":"2018-05-08T17:10:45","modified_gmt":"2018-05-08T20:10:45","slug":"argentina-vuelve-a-financiarse-con-el-fmi-macri-anuncio-el-inicio-de-negociaciones-para-un-prestamo","status":"publish","type":"post","link":"https:\/\/infolanus.com\/index.php\/2018\/05\/08\/argentina-vuelve-a-financiarse-con-el-fmi-macri-anuncio-el-inicio-de-negociaciones-para-un-prestamo\/","title":{"rendered":"Argentina vuelve a financiarse con el FMI: Macri anunci\u00f3 el inicio de negociaciones para un pr\u00e9stamo"},"content":{"rendered":"<p>M\u00e1s de 12 a\u00f1os despu\u00e9s de que se saldara la deuda con el FMI, la Argentina volver\u00e1 financiarse con un pr\u00e9stamo de ese organismo. El encargado del anuncio fue el presidente Mauricio Macri, quien grab\u00f3 y difundi\u00f3 un mensaje desde Casa Rosada en medio de la fuerte volatilidad del d\u00f3lar que hoy volvi\u00f3 a marcar un nuevo r\u00e9cord al tocar los $ 23,66.<\/p>\n<p>&#8220;Nuestra pol\u00edtica depende mucho del financiamiento externo&#8221;, justific\u00f3 el jefe de Estado para luego informar que ya se iniciaron negociaciones con la titular del organismo, Christine Lagarde, para cerrar el pr\u00e9stamo.<\/p>\n<p>Macri no dio los detalles del pr\u00e9stamo. Luego habl\u00f3 el ministro de Hacienda, Nicol\u00e1s Dujovne, quien si bien no dijo cu\u00e1l es el monto, asegur\u00f3 que ser\u00e1 &#8220;a la tasa m\u00e1s baja&#8221; que puede acceder el pa\u00eds. Pero seg\u00fan la agencia la agencia Bloomberg ser\u00eda por unos u$s 30.000 millones. La Argentina deber\u00e1 cumplir ciertos requisitos para acceder al cr\u00e9dito.<\/p>\n<p>&#8220;Durante los 2 primeros a\u00f1os contamos con un contexto internacional favorable, pero eso est\u00e1 cambiando: suba de tasa de inter\u00e9s, devaluaci\u00f3n de monedas emergentes. Somos de los pa\u00edses del mundo que m\u00e1s dependemos del financiamiento externo. Frente a esta nueva situaci\u00f3n he decidido iniciar conversaciones con el FMI, para que nos otorgue una l\u00ednea de financiamiento&#8221;, dijo el Presidente. Y agreg\u00f3: &#8220;Esta decisi\u00f3n la tom\u00e9 pensando en lo mejor para todos los argentinos. No minti\u00e9ndoles como siempre han hecho&#8221;. <\/p>\n<p>Con esta decisi\u00f3n, la Argentina vuelve a financiarse con recursos del Fondo Monetario Internacional, 12 a\u00f1os despu\u00e9s de que N\u00e9stor Kirchner cancel\u00f3 la deuda con ese organismo con reservas del Banco Central. Fueron cerca de u$s 9.500 millones los que gatill\u00f3 en efectivo. <\/p>\n<p>Ahora, el Gobierno regresa a ese organismo como parte de una bater\u00eda de medidas para frenar la incertidumbre econ\u00f3mica, en medio de la escalada del d\u00f3lar y la persistente inflaci\u00f3n. Esas acciones incluyen la suba de tasas de pol\u00edtica monetaria por parte del BCRA, la baja del tope de d\u00f3lares que pueden tener los bancos en sus b\u00f3vedas -de 30% a 10%-, y un ajuste de la meta de d\u00e9ficit fiscal de 3,2% a 2,7%. La consecuencia de esa \u00faltima medida es que se recortar\u00e1 unos u$s 30.000 millones el presupuesto para la obra p\u00fablica.<\/p>\n<p>Cabe recordar que el mes pasado Lagarde estuvo de visita en la Argentina donde se reuni\u00f3 con el Gobierno e hizo un fuerte apoyo al &#8220;gradualismo&#8221; del econ\u00f3mico de la gesti\u00f3n de Cambiemos.<\/p>\n","protected":false},"excerpt":{"rendered":"<p>M\u00e1s de 12 a\u00f1os despu\u00e9s de que se saldara la deuda con el FMI, la Argentina volver\u00e1 financiarse con un pr\u00e9stamo de ese organismo. El encargado del anuncio fue el presidente Mauricio Macri, quien grab\u00f3 y difundi\u00f3 un mensaje desde Casa Rosada en medio de la fuerte volatilidad del d\u00f3lar que hoy volvi\u00f3 a marcar [&hellip;]<\/p>\n","protected":false},"author":2,"featured_media":416,"comment_status":"open","ping_status":"open","sticky":false,"template":"","format":"standard","meta":{"jetpack_post_was_ever_published":false,"_jetpack_newsletter_access":"","_jetpack_dont_email_post_to_subs":false,"_jetpack_newsletter_tier_id":0,"_jetpack_memberships_contains_paywalled_content":false,"_jetpack_memberships_contains_paid_content":false,"footnotes":"","jetpack_publicize_message":"","jetpack_publicize_feature_enabled":true,"jetpack_social_post_already_shared":true,"jetpack_social_options":{"image_generator_settings":{"template":"highway","enabled":false},"version":2}},"categories":[18],"tags":[156,31,157,58],"class_list":["post-413","post","type-post","status-publish","format-standard","has-post-thumbnail","hentry","category-economia","tag-deuda","tag-fmi","tag-fondo-monetario-internacional","tag-mauricio-macri"],"jetpack_publicize_connections":[],"jetpack_featured_media_url":"https:\/\/i0.wp.com\/infolanus.com\/wp-content\/uploads\/2018\/05\/mauricio-macri-.jpg?fit=728%2C500&ssl=1","jetpack_sharing_enabled":false,"jetpack_shortlink":"https:\/\/wp.me\/p9QtMr-6F","_links":{"self":[{"href":"https:\/\/infolanus.com\/index.php\/wp-json\/wp\/v2\/posts\/413","targetHints":{"allow":["GET"]}}],"collection":[{"href":"https:\/\/infolanus.com\/index.php\/wp-json\/wp\/v2\/posts"}],"about":[{"href":"https:\/\/infolanus.com\/index.php\/wp-json\/wp\/v2\/types\/post"}],"author":[{"embeddable":true,"href":"https:\/\/infolanus.com\/index.php\/wp-json\/wp\/v2\/users\/2"}],"replies":[{"embeddable":true,"href":"https:\/\/infolanus.com\/index.php\/wp-json\/wp\/v2\/comments?post=413"}],"version-history":[{"count":3,"href":"https:\/\/infolanus.com\/index.php\/wp-json\/wp\/v2\/posts\/413\/revisions"}],"predecessor-version":[{"id":417,"href":"https:\/\/infolanus.com\/index.php\/wp-json\/wp\/v2\/posts\/413\/revisions\/417"}],"wp:featuredmedia":[{"embeddable":true,"href":"https:\/\/infolanus.com\/index.php\/wp-json\/wp\/v2\/media\/416"}],"wp:attachment":[{"href":"https:\/\/infolanus.com\/index.php\/wp-json\/wp\/v2\/media?parent=413"}],"wp:term":[{"taxonomy":"category","embeddable":true,"href":"https:\/\/infolanus.com\/index.php\/wp-json\/wp\/v2\/categories?post=413"},{"taxonomy":"post_tag","embeddable":true,"href":"https:\/\/infolanus.com\/index.php\/wp-json\/wp\/v2\/tags?post=413"}],"curies":[{"name":"wp","href":"https:\/\/api.w.org\/{rel}","templated":true}]}}