{"id":4173,"date":"2023-02-14T22:17:42","date_gmt":"2023-02-15T01:17:42","guid":{"rendered":"http:\/\/infolanus.com\/index.php\/2023\/02\/14\/el-proximo-mundial-de-clubes-ya-tiene-sede-confirmada\/"},"modified":"2023-02-14T22:17:42","modified_gmt":"2023-02-15T01:17:42","slug":"el-proximo-mundial-de-clubes-ya-tiene-sede-confirmada","status":"publish","type":"post","link":"https:\/\/infolanus.com\/index.php\/2023\/02\/14\/el-proximo-mundial-de-clubes-ya-tiene-sede-confirmada\/","title":{"rendered":"El pr\u00f3ximo Mundial de Clubes ya tiene sede confirmada"},"content":{"rendered":"<div class=\"media_block\"><\/div>\n<div><img data-recalc-dims=\"1\" decoding=\"async\" src=\"https:\/\/i0.wp.com\/fotos.perfil.com\/2023\/02\/14\/trim\/1140\/641\/mundial-de-clubes-1509871.jpg?w=640&#038;ssl=1\" class=\"ff-og-image-inserted\"><\/div>\n<p><strong>Arabia Saudita<\/strong> albergar\u00e1 el pr\u00f3ximo <a target=\"_blank\" href=\"https:\/\/442.perfil.com\/noticias\/futbol\/el-al-hilal-del-argentino-ramon-diaz-jugara-la-final-del-mundial-de-clubes-ante-real-madrid.phtml\"><strong>Mundial de Clubes<\/strong><\/a>, que se disputar\u00e1 en diciembre venidero y ser\u00e1 el \u00faltimo certamen con el actual formato, antes de pasar, en 2025, a un torneo con 32 equipos.<\/p>\n<p>El Consejo de <strong>FIFA<\/strong> resolvi\u00f3 hoy en Zurich que el tradicional campeonato de clubes campeones de las distintas Confederaciones se llevar\u00e1 a cabo en territorio \u00e1rabe, entre el 12 y 22 de diciembre. La votaci\u00f3n de los integrantes del Consejo result\u00f3 \u201cun\u00e1nime\u201d para elegir la sede convenida. En tanto, entre junio y julio de 2025 se celebrar\u00e1 el siguiente Mundial, con la participaci\u00f3n de 32 conjuntos, seg\u00fan esta distribuci\u00f3n.<\/p>\n<p>La <strong>Uni\u00f3n Europea<\/strong> (UEFA) tendr\u00e1 12 representantes, el continente sudamericano (<strong>Conmebol<\/strong>) dispondr\u00e1 de 6; la Confederaci\u00f3n Africana (<strong>CAF<\/strong>), su par Asi\u00e1tica (<strong>AFC<\/strong>) y la de Norte y Centro Am\u00e9rica (<strong>Concacaf<\/strong>) contar\u00e1n con 4 equipos cada uno; la Federaci\u00f3n de f\u00fatbol de Ocean\u00eda (<strong>OFC<\/strong>) y el pa\u00eds sede, uno cada uno. Todav\u00eda no se defini\u00f3 el escenario.<\/p>\n<p>La \u00faltima edici\u00f3n del <strong>Mundial de Clubes<\/strong>, celebrada en Marruecos, fue ganada el pasado fin de semana por <strong>Real Madrid<\/strong>, que derrot\u00f3 5-3 en la final a <strong>Al Hilal<\/strong>, de Arabia Saudita y que dirige&nbsp;el t\u00e9cnico argentino, <a target=\"_blank\" href=\"https:\/\/442.perfil.com\/noticias\/futbol\/el-al-hilal-de-ramon-diaz-enfrentara-al-real-madrid-en-la-final-del-mundial-de-clubes.phtml\"><strong>Ram\u00f3n D\u00edaz<\/strong><\/a>.<\/p>\n","protected":false},"excerpt":{"rendered":"<p>Arabia Saudita albergar\u00e1 el pr\u00f3ximo Mundial de Clubes, que se disputar\u00e1 en diciembre venidero y ser\u00e1 el \u00faltimo certamen con el actual formato, antes de pasar, en 2025, a un torneo con 32 equipos. El Consejo de FIFA resolvi\u00f3 hoy en Zurich que el tradicional campeonato de clubes campeones de las distintas Confederaciones se llevar\u00e1 [&hellip;]<\/p>\n","protected":false},"author":2,"featured_media":4174,"comment_status":"closed","ping_status":"closed","sticky":false,"template":"","format":"standard","meta":{"jetpack_post_was_ever_published":false,"_jetpack_newsletter_access":"","_jetpack_dont_email_post_to_subs":false,"_jetpack_newsletter_tier_id":0,"_jetpack_memberships_contains_paywalled_content":false,"_jetpack_memberships_contains_paid_content":false,"footnotes":"","jetpack_publicize_message":"","jetpack_publicize_feature_enabled":true,"jetpack_social_post_already_shared":true,"jetpack_social_options":{"image_generator_settings":{"template":"highway","enabled":false},"version":2}},"categories":[17],"tags":[],"class_list":["post-4173","post","type-post","status-publish","format-standard","has-post-thumbnail","hentry","category-deportes"],"jetpack_publicize_connections":[],"jetpack_featured_media_url":"https:\/\/i0.wp.com\/infolanus.com\/wp-content\/uploads\/2023\/02\/el-proximo-mundial-de-clubes-ya-tiene-sede-confirmada.jpg?fit=1140%2C641&ssl=1","jetpack_sharing_enabled":true,"jetpack_shortlink":"https:\/\/wp.me\/p9QtMr-15j","_links":{"self":[{"href":"https:\/\/infolanus.com\/index.php\/wp-json\/wp\/v2\/posts\/4173","targetHints":{"allow":["GET"]}}],"collection":[{"href":"https:\/\/infolanus.com\/index.php\/wp-json\/wp\/v2\/posts"}],"about":[{"href":"https:\/\/infolanus.com\/index.php\/wp-json\/wp\/v2\/types\/post"}],"author":[{"embeddable":true,"href":"https:\/\/infolanus.com\/index.php\/wp-json\/wp\/v2\/users\/2"}],"replies":[{"embeddable":true,"href":"https:\/\/infolanus.com\/index.php\/wp-json\/wp\/v2\/comments?post=4173"}],"version-history":[{"count":0,"href":"https:\/\/infolanus.com\/index.php\/wp-json\/wp\/v2\/posts\/4173\/revisions"}],"wp:featuredmedia":[{"embeddable":true,"href":"https:\/\/infolanus.com\/index.php\/wp-json\/wp\/v2\/media\/4174"}],"wp:attachment":[{"href":"https:\/\/infolanus.com\/index.php\/wp-json\/wp\/v2\/media?parent=4173"}],"wp:term":[{"taxonomy":"category","embeddable":true,"href":"https:\/\/infolanus.com\/index.php\/wp-json\/wp\/v2\/categories?post=4173"},{"taxonomy":"post_tag","embeddable":true,"href":"https:\/\/infolanus.com\/index.php\/wp-json\/wp\/v2\/tags?post=4173"}],"curies":[{"name":"wp","href":"https:\/\/api.w.org\/{rel}","templated":true}]}}