{"id":4179,"date":"2023-02-15T21:45:06","date_gmt":"2023-02-16T00:45:06","guid":{"rendered":"http:\/\/infolanus.com\/index.php\/2023\/02\/15\/dibu-martinez-subastara-los-guantes-que-uso-en-mundial-de-qatar-2022\/"},"modified":"2023-02-15T21:45:06","modified_gmt":"2023-02-16T00:45:06","slug":"dibu-martinez-subastara-los-guantes-que-uso-en-mundial-de-qatar-2022","status":"publish","type":"post","link":"https:\/\/infolanus.com\/index.php\/2023\/02\/15\/dibu-martinez-subastara-los-guantes-que-uso-en-mundial-de-qatar-2022\/","title":{"rendered":"Dibu Mart\u00ednez subastar\u00e1 los guantes que us\u00f3 en Mundial de Qatar 2022"},"content":{"rendered":"<div class=\"media_block\"><\/div>\n<p><strong><a target=\"_blank\" href=\"https:\/\/442.perfil.com\/noticias\/futbol\/dibu-martinez-es-finalista-en-los-premios-the-best-de-la-fifa.phtml\">Emiliano Mart\u00ednez<\/a> <\/strong>confirm\u00f3 a trav\u00e9s de su cuenta de Instagram que <strong>subastar\u00e1 los guantes que utiliz\u00f3 en el Mundial Qatar 2022 <\/strong>con el objetivo de recaudar fondos<strong> a beneficio de la sala de oncolog\u00eda del Hospital Garrahan,<\/strong> con la cooperaci\u00f3n de la Fundaci\u00f3n Pedi\u00e1trica Argentina.<\/p>\n<p>Bajo el eslogan<strong> &#8220;los guantes del Dibu nos vuelven a emocionar&#8221;,<\/strong> el arquero campe\u00f3n del mundo explic\u00f3 en un video que<strong> &#8220;ojal\u00e1 que con lo recaudado puedan ayudar a la sala de oncolog\u00eda del Hospital Garrahan&#8221;.<\/strong><\/p>\n<p>Para participar de la subasta, se debe ingresar a este<strong> <a target=\"_blank\" href=\"https:\/\/www.bidbit.ar\/profile\/fupea\/lots\/view\/8534?fbclid=PAAaaQ96_8xztrHiMBJKSSQ2d6JyLmAWkE0yCblOXBicQaNJuGMG9-VCNSRoY\">link<\/a><\/strong> y <strong>habr\u00e1 tiempo de ofertar hasta el pr\u00f3ximo 3 de marzo.<\/strong><\/p>\n<p><img data-recalc-dims=\"1\" decoding=\"async\" alt=\"Dibu Mart\u00ednez\" src=\"https:\/\/i0.wp.com\/fotos.perfil.com\/\/2023\/02\/15\/900\/0\/dibu-martinez-1510673.jpg?w=640&#038;ssl=1\" loading=\"lazy\"><\/p>\n<p>El actual arquero del Aston Villa <strong>utiliz\u00f3 ese mismo par de guantes desde la fase de grupos y hasta la final de la Copa del Mundo<\/strong>. Con ellos, fue vital en m\u00e1s de una ocasi\u00f3n para que la Selecci\u00f3n Argentina obtenga su tercer Mundial.<\/p>\n","protected":false},"excerpt":{"rendered":"<p>Emiliano Mart\u00ednez confirm\u00f3 a trav\u00e9s de su cuenta de Instagram que subastar\u00e1 los guantes que utiliz\u00f3 en el Mundial Qatar 2022 con el objetivo de recaudar fondos a beneficio de la sala de oncolog\u00eda del Hospital Garrahan, con la cooperaci\u00f3n de la Fundaci\u00f3n Pedi\u00e1trica Argentina. Bajo el eslogan &#8220;los guantes del Dibu nos vuelven a [&hellip;]<\/p>\n","protected":false},"author":2,"featured_media":4180,"comment_status":"closed","ping_status":"closed","sticky":false,"template":"","format":"standard","meta":{"jetpack_post_was_ever_published":false,"_jetpack_newsletter_access":"","_jetpack_dont_email_post_to_subs":false,"_jetpack_newsletter_tier_id":0,"_jetpack_memberships_contains_paywalled_content":false,"_jetpack_memberships_contains_paid_content":false,"footnotes":"","jetpack_publicize_message":"","jetpack_publicize_feature_enabled":true,"jetpack_social_post_already_shared":true,"jetpack_social_options":{"image_generator_settings":{"template":"highway","enabled":false},"version":2}},"categories":[17],"tags":[],"class_list":["post-4179","post","type-post","status-publish","format-standard","has-post-thumbnail","hentry","category-deportes"],"jetpack_publicize_connections":[],"jetpack_featured_media_url":"https:\/\/i0.wp.com\/infolanus.com\/wp-content\/uploads\/2023\/02\/dibu-martinez-subastara-los-guantes-que-uso-en-mundial-de-qatar-2022.jpg?fit=900%2C505&ssl=1","jetpack_sharing_enabled":true,"jetpack_shortlink":"https:\/\/wp.me\/p9QtMr-15p","_links":{"self":[{"href":"https:\/\/infolanus.com\/index.php\/wp-json\/wp\/v2\/posts\/4179","targetHints":{"allow":["GET"]}}],"collection":[{"href":"https:\/\/infolanus.com\/index.php\/wp-json\/wp\/v2\/posts"}],"about":[{"href":"https:\/\/infolanus.com\/index.php\/wp-json\/wp\/v2\/types\/post"}],"author":[{"embeddable":true,"href":"https:\/\/infolanus.com\/index.php\/wp-json\/wp\/v2\/users\/2"}],"replies":[{"embeddable":true,"href":"https:\/\/infolanus.com\/index.php\/wp-json\/wp\/v2\/comments?post=4179"}],"version-history":[{"count":0,"href":"https:\/\/infolanus.com\/index.php\/wp-json\/wp\/v2\/posts\/4179\/revisions"}],"wp:featuredmedia":[{"embeddable":true,"href":"https:\/\/infolanus.com\/index.php\/wp-json\/wp\/v2\/media\/4180"}],"wp:attachment":[{"href":"https:\/\/infolanus.com\/index.php\/wp-json\/wp\/v2\/media?parent=4179"}],"wp:term":[{"taxonomy":"category","embeddable":true,"href":"https:\/\/infolanus.com\/index.php\/wp-json\/wp\/v2\/categories?post=4179"},{"taxonomy":"post_tag","embeddable":true,"href":"https:\/\/infolanus.com\/index.php\/wp-json\/wp\/v2\/tags?post=4179"}],"curies":[{"name":"wp","href":"https:\/\/api.w.org\/{rel}","templated":true}]}}