{"id":4240,"date":"2023-02-24T13:51:30","date_gmt":"2023-02-24T16:51:30","guid":{"rendered":"https:\/\/www.ambito.com\/uruguay\/la-venta-aves-silvestres-tambien-prohibida-la-gripe-aviar-n5659188"},"modified":"2023-02-24T13:51:30","modified_gmt":"2023-02-24T16:51:30","slug":"la-venta-de-aves-silvestres-tambien-prohibida-por-la-gripe-aviar","status":"publish","type":"post","link":"https:\/\/infolanus.com\/index.php\/2023\/02\/24\/la-venta-de-aves-silvestres-tambien-prohibida-por-la-gripe-aviar\/","title":{"rendered":"La venta de aves silvestres, tambi\u00e9n prohibida por la gripe aviar"},"content":{"rendered":"<div><img data-recalc-dims=\"1\" decoding=\"async\" src=\"https:\/\/i0.wp.com\/media.ambito.com\/p\/df6dfacfcc5ce1c8ec73c1e690c13881\/adjuntos\/351\/imagenes\/040\/518\/0040518234\/1200x675\/smart\/cisne-gripe-aviarjpg.jpg?w=640&#038;ssl=1\" class=\"ff-og-image-inserted\"><\/div>\n<p>Esta nueva restricci\u00f3n se suma a las decretadas junto con la emergencia sanitaria, que restringen todos los movimientos dentro del territorio nacional de aves de traspatio \u2014gallos, gallinas, pollos y gansos que se cr\u00edan en gallineros caseros o en patios de viviendas\u2014 y aves no controlados a trav\u00e9s del <strong>Sistema de Monitoreo Av\u00edcola<\/strong>. Asimismo, las aves de traspatio y aquellas que compongan el sistema productivo <strong>Free Range<\/strong> deber\u00e1n estar alojadas en instalaciones cerradas techadas en cumplimiento con el <strong>Manual de Contingencia de Influenza Aviar<\/strong> aprobado en el 2022.<\/p>\n<p>De forma paralela, tambi\u00e9n se suspendieron todas las ferias, remates, exposiciones y eventos vinculados a la especie aviar, con sanciones legales para quienes incumplan esta o cualquiera de las medidas decretadas.<\/p>\n<h2>Los casos, solo en Laguna Garz\u00f3n<\/h2>\n<p>Los ministerios involucrados en la contenci\u00f3n de la gripe aviar en el pa\u00eds confirmaron que <a href=\"https:\/\/www.ambito.com\/uruguay\/gripe-aviar-el-mgap-y-ambiente-confirman-que-los-casos-son-solo-laguna-garzon-n5658010\" target=\"_blank\" rel=\"follow noopener\">los casos solo se detectaron en Laguna Garz\u00f3n<\/a>, en el \u00e1rea entre <strong>Rocha<\/strong> y <strong>Maldonado,<\/strong> y que afectaron a 1<strong>00 cisnes Cuello Negro<\/strong>. El estudio a la gaviota sospechada dio negativo.<\/p>\n<p>Sin embargo, remarcaron que lo que se trata de evitar es que las aves que puedan llegar a estar contaminadas sobrevuelen y propaguen el virus a otras regiones. \u201cHasta ahora no ha habido ning\u00fan caso de afectaci\u00f3n en las \u00e1reas de producci\u00f3n circundantes\u201d, inform\u00f3 el titular del MGAP, <strong>Fernando Mattos.<\/strong><\/p>\n<p>Asimismo, las autoridades contin\u00faan insistiendo en la importancia de no tocar aves enfermas o muertas debido a que la cepa que ingres\u00f3 a Uruguay \u2014H5N1\u2014 es altamente contagiosa en humanos a trav\u00e9s de la manipulaci\u00f3n de los animales.<\/p>\n","protected":false},"excerpt":{"rendered":"<p>Esta nueva restricci\u00f3n se suma a las decretadas junto con la emergencia sanitaria, que restringen todos los movimientos dentro del territorio nacional de aves de traspatio \u2014gallos, gallinas, pollos y gansos que se cr\u00edan en gallineros caseros o en patios de viviendas\u2014 y aves no controlados a trav\u00e9s del Sistema de Monitoreo Av\u00edcola. Asimismo, las [&hellip;]<\/p>\n","protected":false},"author":2,"featured_media":4241,"comment_status":"closed","ping_status":"closed","sticky":false,"template":"","format":"standard","meta":{"jetpack_post_was_ever_published":false,"_jetpack_newsletter_access":"","_jetpack_dont_email_post_to_subs":false,"_jetpack_newsletter_tier_id":0,"_jetpack_memberships_contains_paywalled_content":false,"_jetpack_memberships_contains_paid_content":false,"footnotes":"","jetpack_publicize_message":"","jetpack_publicize_feature_enabled":true,"jetpack_social_post_already_shared":true,"jetpack_social_options":{"image_generator_settings":{"template":"highway","enabled":false},"version":2}},"categories":[20],"tags":[1286],"class_list":["post-4240","post","type-post","status-publish","format-standard","has-post-thumbnail","hentry","category-mundo","tag-mundo"],"jetpack_publicize_connections":[],"jetpack_featured_media_url":"https:\/\/i0.wp.com\/infolanus.com\/wp-content\/uploads\/2023\/02\/la-venta-de-aves-silvestres-tambien-prohibida-por-la-gripe-aviar.jpg?fit=1200%2C675&ssl=1","jetpack_sharing_enabled":true,"jetpack_shortlink":"https:\/\/wp.me\/p9QtMr-16o","_links":{"self":[{"href":"https:\/\/infolanus.com\/index.php\/wp-json\/wp\/v2\/posts\/4240","targetHints":{"allow":["GET"]}}],"collection":[{"href":"https:\/\/infolanus.com\/index.php\/wp-json\/wp\/v2\/posts"}],"about":[{"href":"https:\/\/infolanus.com\/index.php\/wp-json\/wp\/v2\/types\/post"}],"author":[{"embeddable":true,"href":"https:\/\/infolanus.com\/index.php\/wp-json\/wp\/v2\/users\/2"}],"replies":[{"embeddable":true,"href":"https:\/\/infolanus.com\/index.php\/wp-json\/wp\/v2\/comments?post=4240"}],"version-history":[{"count":0,"href":"https:\/\/infolanus.com\/index.php\/wp-json\/wp\/v2\/posts\/4240\/revisions"}],"wp:featuredmedia":[{"embeddable":true,"href":"https:\/\/infolanus.com\/index.php\/wp-json\/wp\/v2\/media\/4241"}],"wp:attachment":[{"href":"https:\/\/infolanus.com\/index.php\/wp-json\/wp\/v2\/media?parent=4240"}],"wp:term":[{"taxonomy":"category","embeddable":true,"href":"https:\/\/infolanus.com\/index.php\/wp-json\/wp\/v2\/categories?post=4240"},{"taxonomy":"post_tag","embeddable":true,"href":"https:\/\/infolanus.com\/index.php\/wp-json\/wp\/v2\/tags?post=4240"}],"curies":[{"name":"wp","href":"https:\/\/api.w.org\/{rel}","templated":true}]}}