{"id":4294,"date":"2023-03-04T20:03:00","date_gmt":"2023-03-04T23:03:00","guid":{"rendered":"https:\/\/www.ambito.com\/uruguay\/las-70-gallinas-muertas-gripe-aviar-se-contagiaron-aves-migratorias-afirmo-mattos-n5665597"},"modified":"2023-03-04T20:03:00","modified_gmt":"2023-03-04T23:03:00","slug":"las-70-gallinas-muertas-por-gripe-aviar-se-contagiaron-por-aves-migratorias-afirmo-mattos","status":"publish","type":"post","link":"https:\/\/infolanus.com\/index.php\/2023\/03\/04\/las-70-gallinas-muertas-por-gripe-aviar-se-contagiaron-por-aves-migratorias-afirmo-mattos\/","title":{"rendered":"Las 70 gallinas muertas por gripe aviar se contagiaron por aves migratorias, afirm\u00f3 Mattos"},"content":{"rendered":"<div><img data-recalc-dims=\"1\" decoding=\"async\" src=\"https:\/\/i0.wp.com\/media.ambito.com\/p\/f240e443c65101ed492e09b3afab1278\/adjuntos\/351\/imagenes\/040\/537\/0040537119\/1200x675\/smart\/fernando-mattosjpg.jpg?w=640&#038;ssl=1\" class=\"ff-og-image-inserted\"><\/div>\n<p>La noticia tiene especial relevancia porque <a href=\"https:\/\/www.ambito.com\/uruguay\/el-caso-gripe-aviar-podria-bloquear-los-planes-exportacion-china-n5652601\" target=\"_blank\" rel=\"follow noopener\">complica a\u00fan m\u00e1s las negociaciones<\/a> que encabezaba el ministro con <strong>China<\/strong> para exportar carne aviar a ese pa\u00eds asi\u00e1tico. El gobierno busca abrir nuevos mercados precisamente por la situaci\u00f3n delicada del sector en <strong>Uruguay.<\/strong><\/p>\n<p>As\u00ed, el gigante asi\u00e1tico cuenta con una alta demanda de prote\u00edna animal y es el mayor mercado para la exportaci\u00f3n de carne bovina y ovina de origen uruguayo.<\/p>\n<p>En ese sentido, Mattos plante\u00f3 que es \u201cdif\u00edcil\u201d dimensionar la <strong>p\u00e9rdida econ\u00f3mica<\/strong> que representa para el pa\u00eds el advenimiento de este virus.<\/p>\n<h2>Mattos advirti\u00f3 que, de encontrarse casos en criaderos, \u201cser\u00eda un impacto muy fuerte\u201d<\/h2>\n<p>La industria av\u00edcola no pasa por su mejor momento. En ese contexto, el jerarca plante\u00f3 que se est\u00e1n \u201ctomando todas las medidas para que esto no se verifique en criaderos, ah\u00ed s\u00ed <strong>ser\u00eda un impacto muy fuerte<\/strong>&#8220;.<\/p>\n<p>La llegada de la gripe aviar representa un riesgo enorme para el sector. Por lo tanto, la disposici\u00f3n legal que tiene el Ministerio es del <strong>sacrificio sanitario<\/strong>, \u201chay que sacrificar todo animal que haya tenido contacto con especies enfermas&#8221;, en palabras del funcionario.<\/p>\n<p>En ese sentido, explic\u00f3: &#8220;<strong>Si hay un ave enferma en un galp\u00f3n de miles, hay que eliminar las miles que est\u00e1n en contacto<\/strong>. Una vez que ingresa al criadero hay que aplicar el sacrificio sanitario en la totalidad del galp\u00f3n. Todo eso ser\u00eda una enorme p\u00e9rdida para el productor y el pa\u00eds&#8221;.<\/p>\n","protected":false},"excerpt":{"rendered":"<p>La noticia tiene especial relevancia porque complica a\u00fan m\u00e1s las negociaciones que encabezaba el ministro con China para exportar carne aviar a ese pa\u00eds asi\u00e1tico. El gobierno busca abrir nuevos mercados precisamente por la situaci\u00f3n delicada del sector en Uruguay. As\u00ed, el gigante asi\u00e1tico cuenta con una alta demanda de prote\u00edna animal y es el [&hellip;]<\/p>\n","protected":false},"author":2,"featured_media":4295,"comment_status":"closed","ping_status":"closed","sticky":false,"template":"","format":"standard","meta":{"jetpack_post_was_ever_published":false,"_jetpack_newsletter_access":"","_jetpack_dont_email_post_to_subs":false,"_jetpack_newsletter_tier_id":0,"_jetpack_memberships_contains_paywalled_content":false,"_jetpack_memberships_contains_paid_content":false,"footnotes":"","jetpack_publicize_message":"","jetpack_publicize_feature_enabled":true,"jetpack_social_post_already_shared":true,"jetpack_social_options":{"image_generator_settings":{"template":"highway","enabled":false},"version":2}},"categories":[20],"tags":[1286],"class_list":["post-4294","post","type-post","status-publish","format-standard","has-post-thumbnail","hentry","category-mundo","tag-mundo"],"jetpack_publicize_connections":[],"jetpack_featured_media_url":"https:\/\/i0.wp.com\/infolanus.com\/wp-content\/uploads\/2023\/03\/las-70-gallinas-muertas-por-gripe-aviar-se-contagiaron-por-aves-migratorias-afirmo-mattos.jpg?fit=1200%2C675&ssl=1","jetpack_sharing_enabled":true,"jetpack_shortlink":"https:\/\/wp.me\/p9QtMr-17g","_links":{"self":[{"href":"https:\/\/infolanus.com\/index.php\/wp-json\/wp\/v2\/posts\/4294","targetHints":{"allow":["GET"]}}],"collection":[{"href":"https:\/\/infolanus.com\/index.php\/wp-json\/wp\/v2\/posts"}],"about":[{"href":"https:\/\/infolanus.com\/index.php\/wp-json\/wp\/v2\/types\/post"}],"author":[{"embeddable":true,"href":"https:\/\/infolanus.com\/index.php\/wp-json\/wp\/v2\/users\/2"}],"replies":[{"embeddable":true,"href":"https:\/\/infolanus.com\/index.php\/wp-json\/wp\/v2\/comments?post=4294"}],"version-history":[{"count":0,"href":"https:\/\/infolanus.com\/index.php\/wp-json\/wp\/v2\/posts\/4294\/revisions"}],"wp:featuredmedia":[{"embeddable":true,"href":"https:\/\/infolanus.com\/index.php\/wp-json\/wp\/v2\/media\/4295"}],"wp:attachment":[{"href":"https:\/\/infolanus.com\/index.php\/wp-json\/wp\/v2\/media?parent=4294"}],"wp:term":[{"taxonomy":"category","embeddable":true,"href":"https:\/\/infolanus.com\/index.php\/wp-json\/wp\/v2\/categories?post=4294"},{"taxonomy":"post_tag","embeddable":true,"href":"https:\/\/infolanus.com\/index.php\/wp-json\/wp\/v2\/tags?post=4294"}],"curies":[{"name":"wp","href":"https:\/\/api.w.org\/{rel}","templated":true}]}}