{"id":4340,"date":"2023-03-11T15:32:00","date_gmt":"2023-03-11T18:32:00","guid":{"rendered":"https:\/\/www.ambito.com\/uruguay\/la-otra-opcion-era-no-hacer-nada-respondio-cosse-las-criticas-el-acto-lula-montevideo-n5671232"},"modified":"2023-03-11T15:32:00","modified_gmt":"2023-03-11T18:32:00","slug":"la-otra-opcion-era-no-hacer-nada-respondio-cosse-a-las-criticas-por-el-acto-con-lula-en-montevideo","status":"publish","type":"post","link":"https:\/\/infolanus.com\/index.php\/2023\/03\/11\/la-otra-opcion-era-no-hacer-nada-respondio-cosse-a-las-criticas-por-el-acto-con-lula-en-montevideo\/","title":{"rendered":"&#8220;La otra opci\u00f3n era no hacer nada&#8221;, respondi\u00f3 Cosse a las cr\u00edticas por el acto con Lula en Montevideo"},"content":{"rendered":"<div><img data-recalc-dims=\"1\" decoding=\"async\" src=\"https:\/\/i0.wp.com\/media.ambito.com\/p\/360f2459ac2102d6c0f5f32bcb6223ad\/adjuntos\/351\/imagenes\/040\/455\/0040455433\/1200x675\/smart\/lula-cossejpeg.jpeg?w=640&#038;ssl=1\" class=\"ff-og-image-inserted\"><\/div>\n<div id>\n<p>La intendenta de <strong>Montevideo, Carolina Cosse<\/strong>, se hizo eco de las fuertes cr\u00edticas de la oposici\u00f3n que, a trav\u00e9s de un pedido de informaci\u00f3n p\u00fablica, encontr\u00f3 que el acto del pasado <strong>25 de enero<\/strong> en donde se recibi\u00f3 al <a href=\"https:\/\/www.ambito.com\/uruguay\/lula-montevideo-me-voy-convencido-que-cosse-tendra-un-mandato-mucho-exito-n5636940\" target=\"_blank\" rel=\"follow noopener\">presidente de Brasil, <strong>Lula Da Silva<\/strong><\/a>, en el Palacio Municipal cost\u00f3 <strong> 1,5 millones de pesos<\/strong>. <strong>&#8220;La otra opci\u00f3n era no hacer nada, no cuenten conmigo para eso&#8221;<\/strong>, contest\u00f3 la jefa departamental.<\/p>\n<\/div>\n<div id>\n<p>&#8220;Las actividades tienen un costo y se afront\u00f3 porque se entendi\u00f3 que <strong>esta oportunidad lo val\u00eda<\/strong>. A la explanada pudo concurrir todo el que quiso escuchar a uno de los presidentes m\u00e1s influyentes a nivel mundial&#8221;, justific\u00f3 Cosse en una publicaci\u00f3n de descargo en sus redes sociales.<\/p>\n<\/div>\n<div id>\n<p> Aquel d\u00eda, el mandatario del pa\u00eds vecino hab\u00eda visitado <strong>Uruguay<\/strong> tras la \u00faltima cumbre de la Celac para reunirse con el presidente <strong>Luis Lacalle Pou<\/strong>. Despu\u00e9s, se encontr\u00f3 con Cosse en la <strong>Intendencia de Montevideo (IM)<\/strong>, que le entreg\u00f3 la <a href=\"https:\/\/www.ambito.com\/uruguay\/cosse-premiara-lula-montevideo-un-mar-criticas-parte-la-oposicion-local-n5636287\" target=\"_blank\" rel=\"follow noopener\">distinci\u00f3n \u201cM\u00e1s Verde\u201d<\/a> por su compromiso con la defensa del medioambiente.<\/p>\n<\/div>\n<div id>\n<p>Sobre los gastos del evento, la intendenta manifest\u00f3: &#8220;Invitamos a la IM al presidente de una potencia como Brasil con un rol estrat\u00e9gico con UY. Logramos que todo el p\u00fablico que quisiera lo pudiera ver y escuchar. Por tanto, contratamos audio y pantalla&#8221;.<\/p>\n<\/div>\n<div id>\n<p>Miles de manifestantes se congregaron en las afueras del Palacio Municipal en pleno enero para escuchar unas palabras del flamante jefe de Estado de Brasil. Seg\u00fan consta en la respuesta al <a href=\"https:\/\/www.ambito.com\/uruguay\/escandalo-el-acto-lula-y-cosse-montevideo-costo-15-millones-n5670918\" target=\"_blank\" rel=\"follow noopener\">pedido de informaci\u00f3n<\/a> del edil <strong>Fabi\u00e1n Bravetti<\/strong>, un 10%, es decir, <strong>150.000 pesos<\/strong>, se gastaron en la entrega de <strong>gorros de color verde con el logo de la Intendencia<\/strong> entre los militantes.<\/p>\n<p>&#8220;Por su agenda <strong>pod\u00eda a las 15 horas en enero y dimos gorros y agua a quien lo precis\u00f3<\/strong>&#8220;, justific\u00f3 Cosse, frente a las acusaciones de la oposici\u00f3n.<\/p>\n<p>Adem\u00e1s, para &#8220;los que van a comentar esto hablando de la basura&#8221;, la jefa departamental les dej\u00f3 un link con el mapa de recolecci\u00f3n de la IM. &#8220;Los contenedores no se desbordan, personas en situaci\u00f3n de calle (aumentaron exponencialmente), sacan residuos y dejan sucio. Ay\u00fadanos enviando fotos al 092250260 y vamos a limpiar&#8221;, escribi\u00f3 en su cuenta de Twitter.<\/p>\n<h2>\u00bfEn qu\u00e9 se gastaron los $1,5 millones?<\/h2>\n<p>De acuerdo a la informaci\u00f3n provista por Bravetti, la administraci\u00f3n local gast\u00f3 cerca de <strong>40.000 d\u00f3lares<\/strong> en arrendamiento de <strong>generadores el\u00e9ctricos<\/strong>, <strong>carpas y gradas<\/strong> para la delegaci\u00f3n brasile\u00f1a y la prensa, el <strong>servicio audiovisual y streaming<\/strong>, la proyecci\u00f3n en <strong>pantalla gigante<\/strong>; servicio de <strong>traslados <\/strong>y la<strong> ambientaci\u00f3n<\/strong>.<\/p>\n<p>Sin embargo, alrededor de <strong>150.000 pesos<\/strong> estuvieron destinados a la compra de merchandising. En rigor, a la entrega de <strong>gorros de color verde <\/strong>con el logo de la Intendencia entre los militantes que se congregaron en las inmediaciones de la IM. Ese punto signific\u00f3, en tanto, el <strong>10% del gasto total<\/strong>.<\/p>\n<p>Adem\u00e1s de la delegaci\u00f3n que acompa\u00f1\u00f3 a Lula a Montevideo, en la organizaci\u00f3n del evento participaron los equipos que suelen ocuparse de las visitas institucionales a la capital del pa\u00eds, seg\u00fan la respuesta de la IM, encargadas de la seguridad, vigilancia, log\u00edstica y montaje, comunicaci\u00f3n y difusi\u00f3n, relaciones internacionales y protocolo.<\/p>\n<p>\u201cSe cumplieron satisfactoriamente con las medidas requeridas y exigencias propias de un evento cubierto por la prensa nacional e internacional\u201d, respondi\u00f3 la Intendencia ante el pedido de informaci\u00f3n del referente local del <strong>Partido Nacional (PN)<\/strong>.<\/p>\n<\/div>\n","protected":false},"excerpt":{"rendered":"<p>La intendenta de Montevideo, Carolina Cosse, se hizo eco de las fuertes cr\u00edticas de la oposici\u00f3n que, a trav\u00e9s de un pedido de informaci\u00f3n p\u00fablica, encontr\u00f3 que el acto del pasado 25 de enero en donde se recibi\u00f3 al presidente de Brasil, Lula Da Silva, en el Palacio Municipal cost\u00f3 1,5 millones de pesos. &#8220;La [&hellip;]<\/p>\n","protected":false},"author":2,"featured_media":4341,"comment_status":"closed","ping_status":"closed","sticky":false,"template":"","format":"standard","meta":{"jetpack_post_was_ever_published":false,"_jetpack_newsletter_access":"","_jetpack_dont_email_post_to_subs":false,"_jetpack_newsletter_tier_id":0,"_jetpack_memberships_contains_paywalled_content":false,"_jetpack_memberships_contains_paid_content":false,"footnotes":"","jetpack_publicize_message":"","jetpack_publicize_feature_enabled":true,"jetpack_social_post_already_shared":true,"jetpack_social_options":{"image_generator_settings":{"template":"highway","enabled":false},"version":2}},"categories":[20],"tags":[1286],"class_list":["post-4340","post","type-post","status-publish","format-standard","has-post-thumbnail","hentry","category-mundo","tag-mundo"],"jetpack_publicize_connections":[],"jetpack_featured_media_url":"https:\/\/i0.wp.com\/infolanus.com\/wp-content\/uploads\/2023\/03\/la-otra-opcion-era-no-hacer-nada-respondio-cosse-a-las-criticas-por-el-acto-con-lula-en-montevideo.jpg?fit=1200%2C675&ssl=1","jetpack_sharing_enabled":true,"jetpack_shortlink":"https:\/\/wp.me\/p9QtMr-180","_links":{"self":[{"href":"https:\/\/infolanus.com\/index.php\/wp-json\/wp\/v2\/posts\/4340","targetHints":{"allow":["GET"]}}],"collection":[{"href":"https:\/\/infolanus.com\/index.php\/wp-json\/wp\/v2\/posts"}],"about":[{"href":"https:\/\/infolanus.com\/index.php\/wp-json\/wp\/v2\/types\/post"}],"author":[{"embeddable":true,"href":"https:\/\/infolanus.com\/index.php\/wp-json\/wp\/v2\/users\/2"}],"replies":[{"embeddable":true,"href":"https:\/\/infolanus.com\/index.php\/wp-json\/wp\/v2\/comments?post=4340"}],"version-history":[{"count":0,"href":"https:\/\/infolanus.com\/index.php\/wp-json\/wp\/v2\/posts\/4340\/revisions"}],"wp:featuredmedia":[{"embeddable":true,"href":"https:\/\/infolanus.com\/index.php\/wp-json\/wp\/v2\/media\/4341"}],"wp:attachment":[{"href":"https:\/\/infolanus.com\/index.php\/wp-json\/wp\/v2\/media?parent=4340"}],"wp:term":[{"taxonomy":"category","embeddable":true,"href":"https:\/\/infolanus.com\/index.php\/wp-json\/wp\/v2\/categories?post=4340"},{"taxonomy":"post_tag","embeddable":true,"href":"https:\/\/infolanus.com\/index.php\/wp-json\/wp\/v2\/tags?post=4340"}],"curies":[{"name":"wp","href":"https:\/\/api.w.org\/{rel}","templated":true}]}}