{"id":4346,"date":"2023-03-12T13:56:00","date_gmt":"2023-03-12T16:56:00","guid":{"rendered":"https:\/\/www.ambito.com\/uruguay\/el-mtop-respondio-la-critica-los-productores-corte-pasto-rutas-n5671673"},"modified":"2023-03-12T13:56:00","modified_gmt":"2023-03-12T16:56:00","slug":"el-mtop-respondio-la-critica-de-los-productores-por-corte-de-pasto-en-rutas","status":"publish","type":"post","link":"https:\/\/infolanus.com\/index.php\/2023\/03\/12\/el-mtop-respondio-la-critica-de-los-productores-por-corte-de-pasto-en-rutas\/","title":{"rendered":"El MTOP respondi\u00f3 la cr\u00edtica de los productores por corte de pasto en rutas"},"content":{"rendered":"<p><!-- { REGION4 --> <\/p>\n<header class=\"news-headline\">\n<div class=\"news-headline__topics-and-date-wrapper\"> <span class=\"news-headline__publication-date\"> 12\/03\/2023 <\/span><\/div>\n<h2 class=\"news-headline__article-summary\">\tEsta semana se viraliz\u00f3 un video donde un productor denunciaba el corte de pasto sobre la ruta 26 diciendo que les quitaban el \u00fanico recurso que ten\u00edan. <\/h2>\n<\/header>\n<div class=\"detail-highlighted-multimedia content-protected-false\">\n<figure class=\"detail-highlighted-multimedia__figure\"> <img data-recalc-dims=\"1\" loading=\"lazy\" decoding=\"async\" src=\"https:\/\/i0.wp.com\/media.ambito.com\/p\/55c871a744659b947285ec950edbeb9b\/adjuntos\/351\/imagenes\/040\/479\/0040479988\/655x368\/smart\/sequia-ganado-campo.jpg?resize=640%2C311&#038;ssl=1\" class=\"detail-highlighted-multimedia__figure-img img-fluid\" alt=\"Sequ\u00eda Ganado Campo\" width=\"640\" height=\"311\"><figcaption class=\"detail-highlighted-multimedia__figcaption\"><span class=\"detail-highlighted-multimedia__copyright\"> Foto: Presidencia<\/span><\/figcaption><\/figure>\n<\/div>\n<article class=\"article-body article-body--first-paragraph content-protected-false\" data-td-script-src=\"https:\/\/www.ambito.com\/td\/modulos\/encuestas\/js\/function-embeds-min-version-1660312129.js\" readability=\"28.97385620915\">\n<p>El <strong>Ministerio de Transporte y Obras P\u00fablicas <\/strong>defendi\u00f3 el corte de pasto realizado en la <strong>Ruta 26 <\/strong>realizado la semana pasada, luego de denuncias en la redes sociales por parte de productores que establec\u00edan que estaba sacando el \u00fanico recurso que tienen para alimentar a sus animales <a href=\"https:\/\/www.ambito.com\/uruguay\/sequia-dramatica-estos-departamentos-se-quedarian-agua-potable-fin-mes-n5668452#:~:text=La%20sequ%C3%ADa%20que%20afecta%20a,acceder%20es%20exclusivo%20para%20suscriptores.\" target=\"_blank\" rel=\"follow noopener\">debido a la sequ\u00eda.<\/a><\/p>\n<\/article>\n<article class=\"article-body article-body--second-paragraph content-protected-false\" readability=\"28.54498714653\">\n<p>Una de las medidas tomadas por el gobierno este verano debido a la sequ\u00eda que tiene en vilo a los <strong>productores uruguayos <\/strong>fue la posibilidad de que sus<a href=\"https:\/\/www.ambito.com\/uruguay\/entre-la-sequia-y-un-mercado-que-fortalece-los-precios-la-carne-se-afianzan-n5665318\" target=\"_blank\" rel=\"follow noopener\"> animales pastoreen al costado de las rutas<\/a>. Esta semana, un productor subi\u00f3 un video a las redes sociales que se volvi\u00f3 viral donde se pod\u00eda ver como se cortaban los pastos en la Ruta 26, en el tramo que va de <strong>Tacuaremb\u00f3 <\/strong>a <strong>Caraguat\u00e1<\/strong>.<\/p>\n<\/article>\n<section class=\"related-news\"> <span class=\"related-news__title\">Informate m\u00e1s<\/span> <\/p>\n<div class=\"row row--eq-height\">\n<div class=\"col-12 col-md-6\">\n<article class=\"news-article news-article--landscape-news news-article--landscape-news\">\n<figure class=\"news-article__figure figure\"> <a href=\"https:\/\/www.ambito.com\/uruguay\/sequia-el-mgap-financiara-microproductores-la-compra-raciones-n5670658\" target title=\"\u00e1mbito.com | Sequ\u00eda: el MGAP financiar\u00e1 a microproductores para la compra de raciones\" alt=\"\u00e1mbito.com | Sequ\u00eda: el MGAP financiar\u00e1 a microproductores para la compra de raciones\" rel=\"noindex nofollow noreferrer\"> <img loading=\"lazy\" decoding=\"async\" src=\"https:\/\/www.ambito.com\/css-custom\/351\/lazy.svg\" data-td-src-property=\"https:\/\/media.ambito.com\/p\/56f6d31bc123c2b897591050a4ff0180\/adjuntos\/351\/imagenes\/040\/558\/0040558057\/93x52\/smart\/mgap-mattosjpg.jpg\" alt=\"El ministro de Ganader\u00eda, Agricultura y Pesca, Fernando Mattos, en el anuncio del Plan de Contingencia Alimentaria.\" title=\"El ministro de Ganader\u00eda, Agricultura y Pesca, Fernando Mattos, en el anuncio del Plan de Contingencia Alimentaria.\" width=\"93\" height=\"52\" class=\"news-article__figure-img figure-img img-fluid\"> <\/a><\/figure>\n<\/article><\/div>\n<div class=\"col-12 col-md-6\">\n<article class=\"news-article news-article--landscape-news news-article--landscape-news\">\n<figure class=\"news-article__figure figure\"> <a href=\"https:\/\/www.ambito.com\/uruguay\/ute-podra-endeudarse-us-70-m-enfrentar-los-costos-la-sequia-n5670461\" target title=\"\u00e1mbito.com | UTE podr\u00e1 endeudarse por u$s 70 M para enfrentar los costos de la sequ\u00eda\" alt=\"\u00e1mbito.com | UTE podr\u00e1 endeudarse por u$s 70 M para enfrentar los costos de la sequ\u00eda\" rel=\"noindex nofollow noreferrer\"> <img loading=\"lazy\" decoding=\"async\" src=\"https:\/\/www.ambito.com\/css-custom\/351\/lazy.svg\" data-td-src-property=\"https:\/\/media.ambito.com\/p\/048693170b9bbaf2597affe76a68f4f7\/adjuntos\/351\/imagenes\/040\/423\/0040423227\/93x52\/smart\/central-termoelectricajpg.jpg\" alt=\"UTE realiza importaciones de energ\u00eda para satisfacer la demanda el\u00e9ctrica en Uruguay.\" title=\"UTE realiza importaciones de energ\u00eda para satisfacer la demanda el\u00e9ctrica en Uruguay.\" width=\"93\" height=\"52\" class=\"news-article__figure-img figure-img img-fluid\"> <\/a><\/figure>\n<\/article><\/div>\n<\/div>\n<\/section>\n<article class=\"article-body article-body--third-paragraph content-protected-false\" readability=\"29.788990825688\">\n<div contenteditable=\"false\" class=\"embed_cont type_freetext\" rel=\"freetext\" id=\"embed1237_wrap\" data-provider=\"Twitter\" readability=\"22.608695652174\">\n<p> https:\/\/twitter.com\/GBacigalupi\/status\/1633848913772924929<span onclick=\"parent.parent.TinyMCETdcuerpo.preview_embed('embed1237')\" class=\"embed_colapse less\" id=\"embed1237_colapse\"><\/span><span onclick=\"parent.parent.TinyMCETdcuerpo.delete_embed('embed1237')\" class=\"embed_delete less\" id=\"embed1237_delete\"><\/span><\/p>\n<\/p><\/div>\n<p>Frente a esto, la regional 4 del <strong>Ministerio de Transporte y Obras P\u00fablicas (MTOP)<\/strong> public\u00f3 un informe ,enviado a Vialidad, donde establecen que la cartera solicit\u00f3 como norma general cortar como m\u00e1ximo<strong> 2,6 metros<\/strong> desde la cuneta hacia el alambrado.<\/p>\n<\/article>\n<article class=\"article-body article-body--fourth-paragraph content-protected-false\" readability=\"35\">\n<p>\u201cLa <strong>Direcci\u00f3n Nacional de Vialidad <\/strong>est\u00e1 trabajando acorde a las directivas emitidas por el Gobierno, ante la preocupaci\u00f3n por la situaci\u00f3n de d\u00e9ficit h\u00eddrico, al tiempo que vela por mantener las condiciones de seguridad vial\u201d, remarc\u00f3 el comunicado del MTOP, publicado por Joselo Hernandez, coordinador del \u00c1rea Metropolitana del MTOP.<\/p>\n<\/article>\n<article class=\"article-body article-body--remaining-paragraph content-protected-false\" readability=\"47.099014547161\">\n<p>\u201cEl corte de pasto al borde de la banquina es fundamental para proteger a los usuarios, ya que tal como establece la Ley N\u00b0 18.191 que regula el tr\u00e1nsito y la seguridad vial, las se\u00f1ales de tr\u00e1nsito deben ser perfectamente visibles, y protegerse contra cualquier obst\u00e1culo que pueda perturbar su identificaci\u00f3n, adem\u00e1s de ser una acci\u00f3n necesaria para asegurar el correcto drenaje superficial\u201d, especific\u00f3.<\/p>\n<div contenteditable=\"false\" class=\"embed_cont type_freetext\" rel=\"freetext\" id=\"embed4649_wrap\" data-provider=\"Twitter\" readability=\"28.862745098039\">\n<p> https:\/\/twitter.com\/JoseloHernand\/status\/1634903256177451008<span onclick=\"parent.parent.TinyMCETdcuerpo.preview_embed('embed4649')\" class=\"embed_colapse less\" id=\"embed4649_colapse\"><\/span><span onclick=\"parent.parent.TinyMCETdcuerpo.delete_embed('embed4649')\" class=\"embed_delete less\" id=\"embed4649_delete\"><\/span><\/p>\n<div id=\"embed4649_content\" class=\"embed_content\">\n<div id=\"embed4649_embed\" readability=\"6.635446685879\">\n<blockquote data-td-script-src=\"https:\/\/platform.twitter.com\/widgets.js\" class=\"twitter-tweet\" readability=\"7.0778097982709\">\n<p dir=\"ltr\" lang=\"es\"> Compartimos informe enviado desde la Divisi\u00f3n regional 4 a Hernan Ciganda, Director Nacional d Vialidad referente al uso d Rotativas en la faja p\u00fablica d rutas Nacionales a ra\u00edz d la emergencia Hidrica actual .- Fotos d Ruta 26 tramo d Ruta 5 a Caraguat\u00e1 Ruta 6. <a href=\"https:\/\/t.co\/zIfQIWVWgk\">pic.twitter.com\/zIfQIWVWgk<\/a><\/p>\n<p> \u2014 Joselo Hern\u00e1ndez (@JoseloHernand) <a href=\"https:\/\/twitter.com\/JoseloHernand\/status\/1634903256177451008?ref_src=twsrc%5Etfw\">March 12, 2023<\/a><\/p><\/blockquote>\n<\/div><\/div>\n<\/p><\/div>\n<h2>Extensi\u00f3n de pastoreo por marzo<\/h2>\n<p>A finales de febrero el<strong> Ministerio de Ganader\u00eda, Agricultura y Pesca (MGAP) <\/strong>extendi\u00f3 por <strong>30 d\u00edas m\u00e1s <\/strong>el pastoreo en rutas y caminos vecinales debido a que la sequ\u00eda no da tregua y los productores se encuentran con cada vez menos comida para el ganado. Es por eso que en algunos departamentos se modificaron la cantidad de permisos agreg\u00e1ndose m\u00e1s seccionales policiales que en el decreto anterior.<\/p>\n<p>Las secciones policiales de 17 departamentos de todo el pa\u00eds se volvieron a incluir en la autorizaci\u00f3n, agregando, en algunos casos, todas las seccionales:<\/p>\n<ul>\n<li>Seccionales policiales 2 \u00aa 12\u00aa de <strong>Artigas<\/strong>.<\/li>\n<li>Todas las seccionales de <strong>Cerro Largo<\/strong>.<\/li>\n<li>Todas las seccionales de <strong>Canelones<\/strong>.<\/li>\n<li>Todas las seccionales de <strong>Colonia.<\/strong><\/li>\n<li>Seccionales policiales 2\u00aa a 15\u00aa de <strong>Durazno<\/strong>.<\/li>\n<li>Todas las seccionales de <strong>Flores<\/strong>.<\/li>\n<li>Todas las seccionales de <strong>Florida<\/strong>.<\/li>\n<li>Seccionales policiales 1\u00aa a la 14\u00aa de <strong>Lavalleja<\/strong>.<\/li>\n<li>Todas las seccionales de <strong>Maldonado<\/strong>.<\/li>\n<li>Seccionales policiales 3\u00aa a 10\u00aa de <strong>Paysand\u00fa<\/strong>.<\/li>\n<li>Todas las seccionales de <strong>R\u00edo Negro<\/strong>.<\/li>\n<li>Seccionales policiales 2\u00aa a 8\u00aa de <strong>Rivera<\/strong>.<\/li>\n<li>Todas las seccionales de <strong>Rocha<\/strong>.<\/li>\n<li>Todas las seccionales de <strong>Salto<\/strong>.<\/li>\n<li>Todas las seccionales de <strong>San Jos\u00e9<\/strong>.<\/li>\n<li>Todas las seccionales de <strong>Soriano<\/strong>.<\/li>\n<li>Todas las seccionales de <strong>Tacuaremb\u00f3<\/strong>.<\/li>\n<li>Seccionales policiales 1\u00aa a 10\u00aa de <strong>Treinta y Tres<\/strong>.<\/li>\n<\/ul>\n<\/article>\n<p> <!-- REGION4 } --> <\/p>\n","protected":false},"excerpt":{"rendered":"<p>12\/03\/2023 Esta semana se viraliz\u00f3 un video donde un productor denunciaba el corte de pasto sobre la ruta 26 diciendo que les quitaban el \u00fanico recurso que ten\u00edan. Foto: Presidencia El Ministerio de Transporte y Obras P\u00fablicas defendi\u00f3 el corte de pasto realizado en la Ruta 26 realizado la semana pasada, luego de denuncias en [&hellip;]<\/p>\n","protected":false},"author":2,"featured_media":4347,"comment_status":"closed","ping_status":"closed","sticky":false,"template":"","format":"standard","meta":{"jetpack_post_was_ever_published":false,"_jetpack_newsletter_access":"","_jetpack_dont_email_post_to_subs":false,"_jetpack_newsletter_tier_id":0,"_jetpack_memberships_contains_paywalled_content":false,"_jetpack_memberships_contains_paid_content":false,"footnotes":"","jetpack_publicize_message":"","jetpack_publicize_feature_enabled":true,"jetpack_social_post_already_shared":true,"jetpack_social_options":{"image_generator_settings":{"template":"highway","enabled":false},"version":2}},"categories":[20],"tags":[1286],"class_list":["post-4346","post","type-post","status-publish","format-standard","has-post-thumbnail","hentry","category-mundo","tag-mundo"],"jetpack_publicize_connections":[],"jetpack_featured_media_url":"https:\/\/i0.wp.com\/infolanus.com\/wp-content\/uploads\/2023\/03\/el-mtop-respondio-la-critica-de-los-productores-por-corte-de-pasto-en-rutas.jpg?fit=655%2C368&ssl=1","jetpack_sharing_enabled":true,"jetpack_shortlink":"https:\/\/wp.me\/p9QtMr-186","_links":{"self":[{"href":"https:\/\/infolanus.com\/index.php\/wp-json\/wp\/v2\/posts\/4346","targetHints":{"allow":["GET"]}}],"collection":[{"href":"https:\/\/infolanus.com\/index.php\/wp-json\/wp\/v2\/posts"}],"about":[{"href":"https:\/\/infolanus.com\/index.php\/wp-json\/wp\/v2\/types\/post"}],"author":[{"embeddable":true,"href":"https:\/\/infolanus.com\/index.php\/wp-json\/wp\/v2\/users\/2"}],"replies":[{"embeddable":true,"href":"https:\/\/infolanus.com\/index.php\/wp-json\/wp\/v2\/comments?post=4346"}],"version-history":[{"count":0,"href":"https:\/\/infolanus.com\/index.php\/wp-json\/wp\/v2\/posts\/4346\/revisions"}],"wp:featuredmedia":[{"embeddable":true,"href":"https:\/\/infolanus.com\/index.php\/wp-json\/wp\/v2\/media\/4347"}],"wp:attachment":[{"href":"https:\/\/infolanus.com\/index.php\/wp-json\/wp\/v2\/media?parent=4346"}],"wp:term":[{"taxonomy":"category","embeddable":true,"href":"https:\/\/infolanus.com\/index.php\/wp-json\/wp\/v2\/categories?post=4346"},{"taxonomy":"post_tag","embeddable":true,"href":"https:\/\/infolanus.com\/index.php\/wp-json\/wp\/v2\/tags?post=4346"}],"curies":[{"name":"wp","href":"https:\/\/api.w.org\/{rel}","templated":true}]}}