{"id":4359,"date":"2023-03-14T11:04:50","date_gmt":"2023-03-14T14:04:50","guid":{"rendered":"https:\/\/www.ambito.com\/uruguay\/montecon-relanza-su-ofensiva-judicial-contra-anp-el-puerto-montevideo-n5673055"},"modified":"2023-03-14T11:04:50","modified_gmt":"2023-03-14T14:04:50","slug":"montecon-relanza-su-ofensiva-judicial-contra-anp-por-el-puerto-de-montevideo","status":"publish","type":"post","link":"https:\/\/infolanus.com\/index.php\/2023\/03\/14\/montecon-relanza-su-ofensiva-judicial-contra-anp-por-el-puerto-de-montevideo\/","title":{"rendered":"Montecon relanza su ofensiva judicial contra ANP por el puerto de Montevideo"},"content":{"rendered":"<p><!-- { REGION4 --> <\/p>\n<header class=\"news-headline\">\n<div class=\"news-headline__topics-and-date-wrapper\"> <span class=\"news-headline__publication-date\"> 14\/03\/2023 <\/span><\/div>\n<h2 class=\"news-headline__article-summary\">\tLa empresa la acusa de no favorecer la libre competencia y reclama que se investigue el sistema de reservas de los muelles. <\/h2>\n<\/header>\n<div class=\"detail-highlighted-multimedia content-protected-false\">\n<figure class=\"detail-highlighted-multimedia__figure\"> <img data-recalc-dims=\"1\" loading=\"lazy\" decoding=\"async\" src=\"https:\/\/i0.wp.com\/media.ambito.com\/p\/b897621c20fac8facaaba7dc95f55455\/adjuntos\/351\/imagenes\/040\/471\/0040471335\/655x368\/smart\/puerto-montevideo-exportaciones.jpg?resize=640%2C427&#038;ssl=1\" class=\"detail-highlighted-multimedia__figure-img img-fluid\" alt=\"La denuncia fue hecha ante la Comisi\u00f3n de Promoci\u00f3n y Defensa de la Competencia del Ministerio de Econom\u00eda y Finanzas.\" width=\"640\" height=\"427\"><figcaption class=\"detail-highlighted-multimedia__figcaption\" readability=\"-23.5\"> <span class=\"detail-highlighted-multimedia__copyright\">Foto: Medios P\u00fablicos<\/span><\/figcaption><\/figure>\n<\/div>\n<article class=\"article-body article-body--first-paragraph content-protected-false\" data-td-script-src=\"https:\/\/www.ambito.com\/td\/modulos\/encuestas\/js\/function-embeds-min-version-1660312092.js\" readability=\"26.545454545455\">\n<p>La<a href=\"https:\/\/www.ambito.com\/uruguay\/tcp-presento-el-gobierno-avances-el-puerto-montevideo-n5643705\" target=\"_blank\" rel=\"follow noopener\"> empresa de servicios del<strong> puerto de Montevideo<\/strong><\/a>, <strong> Montecon<\/strong>, denunci\u00f3 a la <strong>Administraci\u00f3n Nacional de Puertos (ANP) <\/strong>ante el <strong>Ministerio de Econom\u00eda y Finanzas (MEF)<\/strong>, bas\u00e1ndose en hechos que consideran \u201canticompetitivos\u201d y que afectan en la libre competencia.<\/p>\n<\/article>\n<article class=\"article-body article-body--second-paragraph content-protected-false\" readability=\"26.793650793651\">\n<p>La empresa de log\u00edstica, que <a href=\"https:\/\/www.ambito.com\/uruguay\/la-ampliacion-del-puerto-montevideo-costara-mas-us-600-m-n5665277\" target=\"_blank\" rel=\"follow noopener\">opera un sector del puerto de Montevideo,<\/a> lleva meses denunciando que la ANP ha llevado a cabo hechos que afectan \u201cla <strong>libre competencia y perjudican el comercio exterior<\/strong>\u201d, seg\u00fan un comunicado publicado por la empresa.<\/p>\n<\/article>\n<section class=\"related-news\"> <span class=\"related-news__title\">Informate m\u00e1s<\/span> <\/p>\n<div class=\"row row--eq-height\">\n<div class=\"col-12 col-md-6\">\n<article class=\"news-article news-article--landscape-news news-article--landscape-news\">\n<figure class=\"news-article__figure figure\"> <a href=\"https:\/\/www.ambito.com\/uruguay\/aduanas-hallo-e-incauto-armas-guerra-el-puerto-montevideo-n5668927\" target title=\"\u00e1mbito.com | Aduanas hall\u00f3 e incaut\u00f3 armas de guerra en el puerto de Montevideo\" alt=\"\u00e1mbito.com | Aduanas hall\u00f3 e incaut\u00f3 armas de guerra en el puerto de Montevideo\" rel=\"noindex nofollow noreferrer\"> <img loading=\"lazy\" decoding=\"async\" src=\"https:\/\/www.ambito.com\/css-custom\/351\/lazy.svg\" data-td-src-property=\"https:\/\/media.ambito.com\/p\/b3c120e6e822d71ea6c53f640246aa01\/adjuntos\/351\/imagenes\/040\/552\/0040552584\/93x52\/smart\/armas-guerra-aduanasjpg.jpg\" alt=\"En los contenedores abiertos por la DNA se encontraron municiones, accesorios y armas de guerra.\" title=\"En los contenedores abiertos por la DNA se encontraron municiones, accesorios y armas de guerra.\" width=\"93\" height=\"52\" class=\"news-article__figure-img figure-img img-fluid\"> <\/a><\/figure>\n<\/article><\/div>\n<div class=\"col-12 col-md-6\">\n<article class=\"news-article news-article--landscape-news news-article--landscape-news\">\n<figure class=\"news-article__figure figure\"> <a href=\"https:\/\/www.ambito.com\/uruguay\/fray-bentos-funcionara-como-puerto-la-celulosa-paraguaya-n5661784\" target title=\"\u00e1mbito.com | Fray Bentos funcionar\u00e1 como puerto para la celulosa paraguaya\" alt=\"\u00e1mbito.com | Fray Bentos funcionar\u00e1 como puerto para la celulosa paraguaya\" rel=\"noindex nofollow noreferrer\"> <img loading=\"lazy\" decoding=\"async\" src=\"https:\/\/www.ambito.com\/css-custom\/351\/lazy.svg\" data-td-src-property=\"https:\/\/media.ambito.com\/p\/eb2680fdad5981bd4ae7bdf8b931558c\/adjuntos\/351\/imagenes\/040\/452\/0040452734\/93x52\/smart\/fray-bentosjpg.jpg\" alt=\"Paraguay podr\u00e1 usar el puerto de Fray Bentos en Uruguay como punto de trasbordo para la celulosa.\" title=\"Paraguay podr\u00e1 usar el puerto de Fray Bentos en Uruguay como punto de trasbordo para la celulosa.\" width=\"93\" height=\"52\" class=\"news-article__figure-img figure-img img-fluid\"> <\/a><\/figure>\n<\/article><\/div>\n<\/div>\n<\/section>\n<article class=\"article-body article-body--third-paragraph content-protected-false\" readability=\"31\">\n<p> La denuncia fue hecha ante la<strong> Comisi\u00f3n de Promoci\u00f3n y Defensa de la Competencia<\/strong> del Ministerio de Econom\u00eda y Finanzas y es la tercera que realiza a la ANP por las mismas razones. Seg\u00fan la denuncia, el organismo \u201ctoma decisiones operativas que obstaculizan o impiden a los usuarios la utilizaci\u00f3n de los muelles p\u00fablicos y que no permiten a los operadores la prestaci\u00f3n de los servicios requeridos\u201d.<\/p>\n<\/article>\n<article class=\"article-body article-body--fourth-paragraph content-protected-false\" readability=\"32\">\n<p>El comunicado cita dos ejemplos donde, uno de ellos es que el d\u00eda 27 de febrero de este a\u00f1o se obstaculiz\u00f3 la solicitud de atraque de un buque de la empresa <strong>Ipanema Meditarranean Shipping Co. (MSC)<\/strong> en los muelles p\u00fablicos. \u201cEsto impidi\u00f3 que la l\u00ednea cumpliera con su itinerario previsto por el comercio exterior nacional y que la carga que no pudo ser operada en Montevideo fuera descargada en Buenos Aires\u201d, remarc\u00f3 el comunicado. Una situaci\u00f3n parecida se dio lugar con la empresa <strong>Far East <\/strong>donde evitaron que atraquen en los muelles p\u00fablicos.<\/p>\n<\/article>\n<article class=\"article-body article-body--remaining-paragraph content-protected-false\" readability=\"32\">\n<p>Montecon esta pidiendo que se investiguen los m\u00e9todos que se llevan a cabo en el <strong>sistema de reservas de los muelles<\/strong> y las razones por las que no se asignan muelles p\u00fablicos cuando los navieros as\u00ed lo demandan. \u201cLa participaci\u00f3n de la ANP como sociedad de <strong>Terminal Cuenca del Plata S.A.<\/strong> ha sido determinante para que el Estado tome medidas de privilegio a favor de esta compa\u00f1\u00eda, cuando las leyes le exig\u00edan trabajar en r\u00e9gimen de libre competencia con los dem\u00e1s operadores portuarios. El Estado es juez y parte\u201d, denuncia el comunicado.<\/p>\n<\/article>\n<p> <!-- REGION4 } --> <\/p>\n","protected":false},"excerpt":{"rendered":"<p>14\/03\/2023 La empresa la acusa de no favorecer la libre competencia y reclama que se investigue el sistema de reservas de los muelles. Foto: Medios P\u00fablicos La empresa de servicios del puerto de Montevideo, Montecon, denunci\u00f3 a la Administraci\u00f3n Nacional de Puertos (ANP) ante el Ministerio de Econom\u00eda y Finanzas (MEF), bas\u00e1ndose en hechos que [&hellip;]<\/p>\n","protected":false},"author":2,"featured_media":4360,"comment_status":"closed","ping_status":"closed","sticky":false,"template":"","format":"standard","meta":{"jetpack_post_was_ever_published":false,"_jetpack_newsletter_access":"","_jetpack_dont_email_post_to_subs":false,"_jetpack_newsletter_tier_id":0,"_jetpack_memberships_contains_paywalled_content":false,"_jetpack_memberships_contains_paid_content":false,"footnotes":"","jetpack_publicize_message":"","jetpack_publicize_feature_enabled":true,"jetpack_social_post_already_shared":true,"jetpack_social_options":{"image_generator_settings":{"template":"highway","enabled":false},"version":2}},"categories":[20],"tags":[1286],"class_list":["post-4359","post","type-post","status-publish","format-standard","has-post-thumbnail","hentry","category-mundo","tag-mundo"],"jetpack_publicize_connections":[],"jetpack_featured_media_url":"https:\/\/i0.wp.com\/infolanus.com\/wp-content\/uploads\/2023\/03\/montecon-relanza-su-ofensiva-judicial-contra-anp-por-el-puerto-de-montevideo.jpg?fit=655%2C368&ssl=1","jetpack_sharing_enabled":true,"jetpack_shortlink":"https:\/\/wp.me\/p9QtMr-18j","_links":{"self":[{"href":"https:\/\/infolanus.com\/index.php\/wp-json\/wp\/v2\/posts\/4359","targetHints":{"allow":["GET"]}}],"collection":[{"href":"https:\/\/infolanus.com\/index.php\/wp-json\/wp\/v2\/posts"}],"about":[{"href":"https:\/\/infolanus.com\/index.php\/wp-json\/wp\/v2\/types\/post"}],"author":[{"embeddable":true,"href":"https:\/\/infolanus.com\/index.php\/wp-json\/wp\/v2\/users\/2"}],"replies":[{"embeddable":true,"href":"https:\/\/infolanus.com\/index.php\/wp-json\/wp\/v2\/comments?post=4359"}],"version-history":[{"count":0,"href":"https:\/\/infolanus.com\/index.php\/wp-json\/wp\/v2\/posts\/4359\/revisions"}],"wp:featuredmedia":[{"embeddable":true,"href":"https:\/\/infolanus.com\/index.php\/wp-json\/wp\/v2\/media\/4360"}],"wp:attachment":[{"href":"https:\/\/infolanus.com\/index.php\/wp-json\/wp\/v2\/media?parent=4359"}],"wp:term":[{"taxonomy":"category","embeddable":true,"href":"https:\/\/infolanus.com\/index.php\/wp-json\/wp\/v2\/categories?post=4359"},{"taxonomy":"post_tag","embeddable":true,"href":"https:\/\/infolanus.com\/index.php\/wp-json\/wp\/v2\/tags?post=4359"}],"curies":[{"name":"wp","href":"https:\/\/api.w.org\/{rel}","templated":true}]}}