{"id":4371,"date":"2023-03-16T08:45:44","date_gmt":"2023-03-16T11:45:44","guid":{"rendered":"https:\/\/www.ambito.com\/uruguay\/el-mgap-prorrogo-la-ayuda-economica-los-productores-golpeados-la-sequia-n5674862"},"modified":"2023-03-16T08:45:44","modified_gmt":"2023-03-16T11:45:44","slug":"el-mgap-prorrogo-la-ayuda-economica-para-los-productores-golpeados-por-la-sequia","status":"publish","type":"post","link":"https:\/\/infolanus.com\/index.php\/2023\/03\/16\/el-mgap-prorrogo-la-ayuda-economica-para-los-productores-golpeados-por-la-sequia\/","title":{"rendered":"El MGAP prorrog\u00f3 la ayuda econ\u00f3mica para los productores golpeados por la sequ\u00eda"},"content":{"rendered":"<p><!-- { REGION4 --> <\/p>\n<header class=\"news-headline\">\n<div class=\"news-headline__topics-and-date-wrapper\"> <span class=\"news-headline__publication-date\"> 16\/03\/2023 <\/span><\/div>\n<h2 class=\"news-headline__article-summary\">\tLa cartera decidi\u00f3 prorrogar las medidas de apoyo por la sequ\u00eda en el marco de la \u00faltima Sesi\u00f3n Plenaria del Congreso de Intendentes. <\/h2>\n<\/header>\n<div class=\"detail-highlighted-multimedia content-protected-false\">\n<figure class=\"detail-highlighted-multimedia__figure\"> <img data-recalc-dims=\"1\" loading=\"lazy\" decoding=\"async\" src=\"https:\/\/i0.wp.com\/media.ambito.com\/p\/70fa75036f07200c5d2c475c9ad70129\/adjuntos\/351\/imagenes\/040\/569\/0040569135\/655x368\/smart\/fernando-echeverria-intendente-flores-congreso-intendentes.jpg?resize=640%2C480&#038;ssl=1\" class=\"detail-highlighted-multimedia__figure-img img-fluid\" alt=\"El intendente de Flores, Fernando Echeverr\u00eda, haciendo uso de la palabra.\" width=\"640\" height=\"480\"><figcaption class=\"detail-highlighted-multimedia__figcaption\" readability=\"-23\"> <span class=\"detail-highlighted-multimedia__copyright\">@FEcheverriaBes<\/span><\/figcaption><\/figure>\n<\/div>\n<article class=\"article-body article-body--first-paragraph content-protected-false\" data-td-script-src=\"https:\/\/www.ambito.com\/td\/modulos\/encuestas\/js\/function-embeds-min-version-1660312110.js\" readability=\"33.134860050891\">\n<p>El <strong>Ministerio de Ganader\u00eda, Agricultura y Pesca<\/strong> (<strong>MGAP<\/strong>) decidi\u00f3 extender la caducidad del paquete de medidas que aporta fondos para el auxilio de los <strong>peque\u00f1os productores agropecuarios<\/strong> que est\u00e1n siendo perjudicados por <a href=\"https:\/\/www.ambito.com\/uruguay\/la-situacion-del-campo-es-critica-y-de-catastrofe-afirmo-mattos-n5671925\" target=\"_blank\" rel=\"follow noopener\">la sequ\u00eda<\/a>. Estos convenios, que totalizan unos <strong>50 millones de pesos<\/strong>, est\u00e1n destinados b\u00e1sicamente a la limpieza de tajamares y la compra de fardos, semillas y raciones.<\/p>\n<\/article>\n<article class=\"article-body article-body--second-paragraph content-protected-false\" readability=\"28.024\">\n<p>Las medidas est\u00e1n dirigidas tanto <a href=\"https:\/\/www.ambito.com\/uruguay\/sequia-cuales-son-todas-las-medidas-apoyo-los-productores-montevideo-n5651859\" target=\"_blank\" rel=\"follow noopener\">a productores familiares<\/a> como aquellos que exploten hasta <strong>500 hect\u00e1reas con Coneat 100<\/strong>. El propio titular del MGAP, <strong>Fernando Mattos<\/strong>, fue el encargado de rubricar la renovaci\u00f3n junto a los jerarcas departamentales.<\/p>\n<\/article>\n<section class=\"related-news\"> <span class=\"related-news__title\">Informate m\u00e1s<\/span> <\/p>\n<div class=\"row row--eq-height\">\n<div class=\"col-12 col-md-6\">\n<article class=\"news-article news-article--landscape-news news-article--landscape-news\">\n<figure class=\"news-article__figure figure\"> <a href=\"https:\/\/www.ambito.com\/uruguay\/sequia-el-mgap-financiara-microproductores-la-compra-raciones-n5670658\" target title=\"\u00e1mbito.com | Sequ\u00eda: el MGAP financiar\u00e1 a microproductores para la compra de raciones\" alt=\"\u00e1mbito.com | Sequ\u00eda: el MGAP financiar\u00e1 a microproductores para la compra de raciones\" rel=\"noindex nofollow noreferrer\"> <img loading=\"lazy\" decoding=\"async\" src=\"https:\/\/www.ambito.com\/css-custom\/351\/lazy.svg\" data-td-src-property=\"https:\/\/media.ambito.com\/p\/56f6d31bc123c2b897591050a4ff0180\/adjuntos\/351\/imagenes\/040\/558\/0040558057\/93x52\/smart\/mgap-mattosjpg.jpg\" alt=\"El ministro de Ganader\u00eda, Agricultura y Pesca, Fernando Mattos, en el anuncio del Plan de Contingencia Alimentaria.\" title=\"El ministro de Ganader\u00eda, Agricultura y Pesca, Fernando Mattos, en el anuncio del Plan de Contingencia Alimentaria.\" width=\"93\" height=\"52\" class=\"news-article__figure-img figure-img img-fluid\"> <\/a><\/figure>\n<\/article><\/div>\n<div class=\"col-12 col-md-6\">\n<article class=\"news-article news-article--landscape-news news-article--landscape-news\">\n<figure class=\"news-article__figure figure\"> <a href=\"https:\/\/www.ambito.com\/uruguay\/el-mgap-ordeno-medidas-adicionales-contra-la-sequia-n5663821\" target title=\"\u00e1mbito.com | El MGAP orden\u00f3 medidas adicionales contra la sequ\u00eda\" alt=\"\u00e1mbito.com | El MGAP orden\u00f3 medidas adicionales contra la sequ\u00eda\" rel=\"noindex nofollow noreferrer\"> <img loading=\"lazy\" decoding=\"async\" src=\"https:\/\/www.ambito.com\/css-custom\/351\/lazy.svg\" data-td-src-property=\"https:\/\/media.ambito.com\/p\/b4b6829ba682a58ac7caf5d81915facd\/adjuntos\/351\/imagenes\/040\/488\/0040488447\/93x52\/smart\/sequia-campo.jpg\" alt=\"La sequ\u00eda afecta los cultivos de Uruguay y habr\u00e1 menores cosechas.\" title=\"La sequ\u00eda afecta los cultivos de Uruguay y habr\u00e1 menores cosechas.\" width=\"93\" height=\"52\" class=\"news-article__figure-img figure-img img-fluid\"> <\/a><\/figure>\n<\/article><\/div>\n<\/div>\n<\/section>\n<article class=\"article-body article-body--third-paragraph content-protected-false\" readability=\"32\">\n<p> A su vez, se conformaron comit\u00e9s de gesti\u00f3n y seguimiento que estar\u00e1n integrados por un funcionario de <strong>Desarrollo Rural<\/strong> del MGAP, el director departamental de la cartera y un funcionario designado por cada intendencia. Estos comit\u00e9s ejecutar\u00e1n los apoyos con base en las demandas recibidas y los montos disponibles.<\/p>\n<\/article>\n<article class=\"article-body article-body--fourth-paragraph content-protected-false\" readability=\"27.926267281106\">\n<p>El monto destinado a cada productor tendr\u00e1 un tope de <strong>20.000 pesos<\/strong>, de los cuales este \u00faltimo deber\u00e1 devolver el <strong>25%<\/strong> en un plazo no mayor a <strong>6 meses<\/strong>. Los solicitantes pueden inscribirse a trav\u00e9s de <a href=\"https:\/\/www.gub.uy\/tramites\/postulacion-asistencia-mejora-tajamares-entrega-racion-otros-apoyos-convenio-mgap-intendencias\" target=\"_blank\" rel=\"follow noopener\">este formulario<\/a>.<\/p>\n<\/article>\n<article class=\"article-body article-body--remaining-paragraph content-protected-false\" readability=\"43.703917050691\">\n<h2>&#8220;No dejaremos a ning\u00fan productor atr\u00e1s&#8221;, afirmaron desde el MGAP<\/h2>\n<p>El director de desarrollo rural del MGAP, <strong>Carlos Rydstr\u00f6m<\/strong>, asegur\u00f3 que la cartera no dejar\u00e1 <strong>&#8220;a ning\u00fan productor atr\u00e1s&#8221;<\/strong> y que &#8220;reeditar estos montos disponibles&#8221; se trata de &#8220;una de las se\u00f1ales de apoyo que queremos dar&#8221;, para que <a href=\"https:\/\/www.ambito.com\/uruguay\/lacalle-pou-propuso-crear-un-seguro-basico-obligatorio-productores-agropecuarios-n5673593\" target=\"_blank\" rel=\"follow noopener\">los peque\u00f1os productores<\/a> puedan continuar &#8220;traccionado al pa\u00eds como el agro siempre lo ha hecho&#8221;.<\/p>\n<p>A su vez, Rydstr\u00f6m sostuvo que el gobierno nacional est\u00e1 &#8220;confirmando&#8221; que &#8220;este problema no es ahora&#8221;, sino que, en un futuro, el mismo <strong>&#8220;conllevar\u00e1 da\u00f1os mucho m\u00e1s profundos a los que se est\u00e1n registrando en este verano o primavera&#8221;<\/strong>.<\/p>\n<p>Asimismo, Mattos afirm\u00f3 tener la certeza de que el sector agropecuario va a recuperarse y ponerse de pie &#8220;para seguir moviendo la econom\u00eda del pa\u00eds como lo ha hecho hist\u00f3ricamente&#8221;.<\/p>\n<div contenteditable=\"false\" class=\"embed_cont type_imagen\" id=\"7769084-Libre-1202446995_wrap\" readability=\"6\">\n<p>MGAP.jpg <span onclick=\"parent.parent.TinyMCETdcuerpo.preview_embed('7769084-Libre-1202446995')\" class=\"embed_colapse less\" id=\"7769084-Libre-1202446995_colapse\"><\/span> <span onclick=\"parent.parent.TinyMCETdcuerpo.delete_embed('7769084-Libre-1202446995')\" class=\"embed_delete less\" id=\"7769084-Libre-1202446995_delete\"><\/span><\/p>\n<div id=\"7769084-Libre-1202446995_content\" class=\"embed_content\"><img decoding=\"async\" src=\"https:\/\/www.ambito.com\/css-custom\/351\/lazy.svg\" data-td-src-property=\"https:\/\/media.ambito.com\/p\/2d11f5bc3c9b23efc3694d91cdc09f21\/adjuntos\/351\/imagenes\/040\/569\/0040569164\/730x0\/smart\/mgapjpg.jpg\" alt=\"Foto: Congreso de Intendentes\" width=\"730\" height id=\"7769084-Libre-1202446995_embed\"><\/div>\n<div id=\"7769084-Libre-1202446995_epigrafe\" class=\"embed_epigrafe\" readability=\"7\">\n<p> Foto: Congreso de Intendentes<\/p>\n<\/div><\/div>\n<\/article>\n<p> <!-- REGION4 } --> <\/p>\n","protected":false},"excerpt":{"rendered":"<p>16\/03\/2023 La cartera decidi\u00f3 prorrogar las medidas de apoyo por la sequ\u00eda en el marco de la \u00faltima Sesi\u00f3n Plenaria del Congreso de Intendentes. @FEcheverriaBes El Ministerio de Ganader\u00eda, Agricultura y Pesca (MGAP) decidi\u00f3 extender la caducidad del paquete de medidas que aporta fondos para el auxilio de los peque\u00f1os productores agropecuarios que est\u00e1n siendo [&hellip;]<\/p>\n","protected":false},"author":2,"featured_media":4372,"comment_status":"closed","ping_status":"closed","sticky":false,"template":"","format":"standard","meta":{"jetpack_post_was_ever_published":false,"_jetpack_newsletter_access":"","_jetpack_dont_email_post_to_subs":false,"_jetpack_newsletter_tier_id":0,"_jetpack_memberships_contains_paywalled_content":false,"_jetpack_memberships_contains_paid_content":false,"footnotes":"","jetpack_publicize_message":"","jetpack_publicize_feature_enabled":true,"jetpack_social_post_already_shared":true,"jetpack_social_options":{"image_generator_settings":{"template":"highway","enabled":false},"version":2}},"categories":[20],"tags":[1286],"class_list":["post-4371","post","type-post","status-publish","format-standard","has-post-thumbnail","hentry","category-mundo","tag-mundo"],"jetpack_publicize_connections":[],"jetpack_featured_media_url":"https:\/\/i0.wp.com\/infolanus.com\/wp-content\/uploads\/2023\/03\/el-mgap-prorrogo-la-ayuda-economica-para-los-productores-golpeados-por-la-sequia.jpg?fit=655%2C368&ssl=1","jetpack_sharing_enabled":true,"jetpack_shortlink":"https:\/\/wp.me\/p9QtMr-18v","_links":{"self":[{"href":"https:\/\/infolanus.com\/index.php\/wp-json\/wp\/v2\/posts\/4371","targetHints":{"allow":["GET"]}}],"collection":[{"href":"https:\/\/infolanus.com\/index.php\/wp-json\/wp\/v2\/posts"}],"about":[{"href":"https:\/\/infolanus.com\/index.php\/wp-json\/wp\/v2\/types\/post"}],"author":[{"embeddable":true,"href":"https:\/\/infolanus.com\/index.php\/wp-json\/wp\/v2\/users\/2"}],"replies":[{"embeddable":true,"href":"https:\/\/infolanus.com\/index.php\/wp-json\/wp\/v2\/comments?post=4371"}],"version-history":[{"count":0,"href":"https:\/\/infolanus.com\/index.php\/wp-json\/wp\/v2\/posts\/4371\/revisions"}],"wp:featuredmedia":[{"embeddable":true,"href":"https:\/\/infolanus.com\/index.php\/wp-json\/wp\/v2\/media\/4372"}],"wp:attachment":[{"href":"https:\/\/infolanus.com\/index.php\/wp-json\/wp\/v2\/media?parent=4371"}],"wp:term":[{"taxonomy":"category","embeddable":true,"href":"https:\/\/infolanus.com\/index.php\/wp-json\/wp\/v2\/categories?post=4371"},{"taxonomy":"post_tag","embeddable":true,"href":"https:\/\/infolanus.com\/index.php\/wp-json\/wp\/v2\/tags?post=4371"}],"curies":[{"name":"wp","href":"https:\/\/api.w.org\/{rel}","templated":true}]}}