{"id":4383,"date":"2023-03-17T21:23:54","date_gmt":"2023-03-18T00:23:54","guid":{"rendered":"https:\/\/www.ambito.com\/uruguay\/mides-avanza-iniciativas-salud-mental-jovenes-n5676808"},"modified":"2023-03-17T21:23:54","modified_gmt":"2023-03-18T00:23:54","slug":"mides-avanza-en-iniciativas-de-salud-mental-para-jovenes","status":"publish","type":"post","link":"https:\/\/infolanus.com\/index.php\/2023\/03\/17\/mides-avanza-en-iniciativas-de-salud-mental-para-jovenes\/","title":{"rendered":"Mides avanza en iniciativas de salud mental para j\u00f3venes"},"content":{"rendered":"<p><!-- { REGION4 --> <\/p>\n<header class=\"news-headline\">\n<div class=\"news-headline__topics-and-date-wrapper\"> <span class=\"news-headline__publication-date\"> 17 de marzo 2023 &#8211; 21:54 <\/span><\/div>\n<h2 class=\"news-headline__article-summary\">\tEl titular de la cartera de Desarrollo Social, Mart\u00edn Lema, anunci\u00f3 l\u00edneas de acci\u00f3n conjuntas con el Ministerio de Salud P\u00fablica, orientadas a problem\u00e1ticas de salud mental y adicciones. <\/h2>\n<\/header>\n<div class=\"detail-highlighted-multimedia content-protected-false\">\n<figure class=\"detail-highlighted-multimedia__figure\"> <img data-recalc-dims=\"1\" loading=\"lazy\" decoding=\"async\" src=\"https:\/\/i0.wp.com\/media.ambito.com\/p\/1e40c7175960b058b0145b18df788a75\/adjuntos\/351\/imagenes\/040\/548\/0040548402\/655x368\/smart\/mideswebp.png?resize=640%2C360&#038;ssl=1\" class=\"detail-highlighted-multimedia__figure-img img-fluid\" alt=\"El Ministerio de Desarrollo Social present\u00f3 iniciativas para trabajar la salud mental y la problem\u00e1tica de adicciones en j\u00f3venes de Uruguay.\" width=\"640\" height=\"360\"><figcaption class=\"detail-highlighted-multimedia__figcaption\" readability=\"-23.5\"> <\/figcaption><\/figure>\n<\/p><\/div>\n<article class=\"article-body article-body--first-paragraph content-protected-false\" data-td-script-src=\"https:\/\/www.ambito.com\/td\/modulos\/encuestas\/js\/function-embeds-min-version-1660312092.js\" readability=\"30.36\">\n<p>El <strong>Ministerio de Desarrollo Social (Mides) <\/strong>anunci\u00f3 las principales l\u00edneas de acci\u00f3n para fortalecer el trabajo en <strong>salud mental<\/strong>, luego de que el presidente <strong>Luis Lacalle Pou <\/strong>situara este tema, junto el de las adicciones, como las <a href=\"https:\/\/www.ambito.com\/uruguay\/lacalle-pou-cree-que-el-frente-amplio-estara-aliviado-cuando-se-vote-la-reforma-la-seguridad-social-n5674472\" target=\"_blank\" rel=\"follow noopener\">prioridades del gobierno<\/a> de cara a la pr\u00f3xima <strong>Rendici\u00f3n de Cuentas.<\/strong><\/p>\n<\/article>\n<article class=\"article-body article-body--second-paragraph content-protected-false\" readability=\"36\">\n<p>Las medidas se orientar\u00e1n a personas en situaci\u00f3n de calle, egresadas del sistema penitenciario y adolescentes, seg\u00fan inform\u00f3 el titular de la cartera, <strong>Mart\u00edn Lema,<\/strong> que trabajar\u00e1 junto con el <strong>Ministerio de Salud P\u00fablica<\/strong>, recientemente asumido por <strong>Karina Rando.<\/strong> Ayer, los funcionarios mantuvieron una reuni\u00f3n para una \u201cpuesta a punto\u201d entre los equipos de ambas carteras.<\/p>\n<\/article>\n<section class=\"related-news\"> <span class=\"related-news__title\">Informate m\u00e1s<\/span> <\/p>\n<div class=\"row row--eq-height\">\n<div class=\"col-12 col-md-6\">\n<article class=\"news-article news-article--landscape-news news-article--landscape-news\">\n<figure class=\"news-article__figure figure\"> <a href=\"https:\/\/www.ambito.com\/uruguay\/el-mides-invertira-400-millones-un-plan-asistencia-alimentaria-n5631570\" target title=\"\u00e1mbito.com | El Mides invertir\u00e1 $400 millones en un plan de asistencia alimentaria\" alt=\"\u00e1mbito.com | El Mides invertir\u00e1 $400 millones en un plan de asistencia alimentaria\" rel=\"noindex nofollow noreferrer\"> <img loading=\"lazy\" decoding=\"async\" src=\"https:\/\/www.ambito.com\/css-custom\/351\/lazy.svg\" data-td-src-property=\"https:\/\/media.ambito.com\/p\/f1f0f663354fd54c41f94855f066387e\/adjuntos\/351\/imagenes\/040\/386\/0040386997\/93x52\/smart\/ollas-populares-uruguayjpg.jpg\" alt=\"Los dispositivos implementados bridan 1.000&nbsp; comidas diarias.\" title=\"Los dispositivos implementados bridan 1.000&nbsp; comidas diarias.\" width=\"93\" height=\"52\" class=\"news-article__figure-img figure-img img-fluid\"> <\/a><\/figure>\n<\/article><\/div>\n<div class=\"col-12 col-md-6\">\n<article class=\"news-article news-article--landscape-news news-article--landscape-news\">\n<figure class=\"news-article__figure figure\"> <a href=\"https:\/\/www.ambito.com\/uruguay\/lacalle-pou-cree-que-el-frente-amplio-estara-aliviado-cuando-se-vote-la-reforma-la-seguridad-social-n5674472\" target title=\"\u00e1mbito.com | Lacalle Pou cree que el Frente Amplio estar\u00e1 aliviado cuando se vote la reforma de la seguridad social\" alt=\"\u00e1mbito.com | Lacalle Pou cree que el Frente Amplio estar\u00e1 aliviado cuando se vote la reforma de la seguridad social\" rel=\"noindex nofollow noreferrer\"> <img loading=\"lazy\" decoding=\"async\" src=\"https:\/\/www.ambito.com\/css-custom\/351\/lazy.svg\" data-td-src-property=\"https:\/\/media.ambito.com\/p\/ee2de015a088714ee783f4b9a1310b89\/adjuntos\/351\/imagenes\/040\/568\/0040568358\/93x52\/smart\/lacalle-pou-admjfif.jfif\" alt=\"El presidente uruguayo Lacalle Pou durante su discurso en la inauguraci\u00f3n del ciclo 2023 de la Asociaci\u00f3n de Directores de Marketing (ADM).\" title=\"El presidente uruguayo Lacalle Pou durante su discurso en la inauguraci\u00f3n del ciclo 2023 de la Asociaci\u00f3n de Directores de Marketing (ADM).\" width=\"93\" height=\"52\" class=\"news-article__figure-img figure-img img-fluid\"> <\/a><\/figure>\n<\/article><\/div>\n<\/div>\n<\/section>\n<article class=\"article-body article-body--third-paragraph content-protected-false\" readability=\"35\">\n<h2> Un foco en las juventudes<\/h2>\n<p>Asimismo, Lema explic\u00f3 que en la campa\u00f1a <strong>\u201cNi silencio ni tab\u00fa\u201d<\/strong>, llevada a cabo por el <strong>Instituto Nacional de la Juventud (INJU)<\/strong>, participaron m\u00e1s de 14.000 j\u00f3venes en 460 talleres que se desarrollaron durante 2022. Debido al \u00e9xito de este plan fue que se defini\u00f3 que este a\u00f1o sea un <strong>programa.<\/strong> \u201cVa a tener mucho m\u00e1s alcance y dimensi\u00f3n\u201d, asegur\u00f3 el ministro, y agreg\u00f3 que estar\u00e1 <strong>focalizado en la salud mental y la prevenci\u00f3n de suicidios de los j\u00f3venes<\/strong>.<\/p>\n<\/article>\n<article class=\"article-body article-body--fourth-paragraph content-protected-false\" readability=\"35.717153284672\">\n<p>Adem\u00e1s, sostuvo que el Mides contin\u00faa trabajando en materia de salud mental y adicciones, que afectan a <strong>personas que recuperan la libertad y a quienes se encuentran en <a href=\"https:\/\/www.ambito.com\/uruguay\/el-mides-innova-un-programa-viviendas-de-que-se-trata-n5667685\" target=\"_blank\" rel=\"follow noopener\">situaci\u00f3n de calle<\/a><\/strong>. En ese sentido, puntualiz\u00f3 que en 2023 el gobierno dispondr\u00e1 de m\u00e1s de 600 cupos para esta poblaci\u00f3n, de los que 365 se encuentran en centros con respuesta las 24 horas, 220 en la puerta diurna y 150 en atenci\u00f3n ambulatoria. \u201cSe est\u00e1 dando respuesta a algo en lo que siempre insistimos y hemos puesto \u00e9nfasis, que es atender las causas\u201d, afirm\u00f3.<\/p>\n<\/article>\n<article class=\"article-body article-body--remaining-paragraph content-protected-false\" readability=\"45\">\n<h2> Un nuevo centro para familias monoparentales<\/h2>\n<p>El anuncio de Lema tuvo lugar luego de que se inauguraran las instalaciones de un nuevo centro para familias monoparentales con jefatura femenina y menores a cargo, en la zona de <strong>Pocitos.<\/strong> El centro dispone de capacidad para 20 personas y las primeras familias ingresaron hoy mismo. \u201cEn este lugar, van a tener la contenci\u00f3n correspondiente y el seguimiento en cada caso para dar ese empuj\u00f3n final, para esa autonom\u00eda tan necesaria\u201d, consider\u00f3 el ministro.<\/p>\n<p>La sede incluye 5 dormitorios, 3 ba\u00f1os, 2 cocinas, 2 espacios multiuso y sala de juegos. Adem\u00e1s, incorpora un equipo multidisciplinario, integrado por coordinador, psic\u00f3loga, trabajadora social y educadores.<\/p>\n<\/article>\n<p> <!-- REGION4 } --> <\/p>\n","protected":false},"excerpt":{"rendered":"<p>17 de marzo 2023 &#8211; 21:54 El titular de la cartera de Desarrollo Social, Mart\u00edn Lema, anunci\u00f3 l\u00edneas de acci\u00f3n conjuntas con el Ministerio de Salud P\u00fablica, orientadas a problem\u00e1ticas de salud mental y adicciones. El Ministerio de Desarrollo Social (Mides) anunci\u00f3 las principales l\u00edneas de acci\u00f3n para fortalecer el trabajo en salud mental, luego [&hellip;]<\/p>\n","protected":false},"author":2,"featured_media":4384,"comment_status":"closed","ping_status":"closed","sticky":false,"template":"","format":"standard","meta":{"jetpack_post_was_ever_published":false,"_jetpack_newsletter_access":"","_jetpack_dont_email_post_to_subs":false,"_jetpack_newsletter_tier_id":0,"_jetpack_memberships_contains_paywalled_content":false,"_jetpack_memberships_contains_paid_content":false,"footnotes":"","jetpack_publicize_message":"","jetpack_publicize_feature_enabled":true,"jetpack_social_post_already_shared":true,"jetpack_social_options":{"image_generator_settings":{"template":"highway","enabled":false},"version":2}},"categories":[20],"tags":[1286],"class_list":["post-4383","post","type-post","status-publish","format-standard","has-post-thumbnail","hentry","category-mundo","tag-mundo"],"jetpack_publicize_connections":[],"jetpack_featured_media_url":"https:\/\/i0.wp.com\/infolanus.com\/wp-content\/uploads\/2023\/03\/mides-avanza-en-iniciativas-de-salud-mental-para-jovenes.png?fit=655%2C368&ssl=1","jetpack_sharing_enabled":true,"jetpack_shortlink":"https:\/\/wp.me\/p9QtMr-18H","_links":{"self":[{"href":"https:\/\/infolanus.com\/index.php\/wp-json\/wp\/v2\/posts\/4383","targetHints":{"allow":["GET"]}}],"collection":[{"href":"https:\/\/infolanus.com\/index.php\/wp-json\/wp\/v2\/posts"}],"about":[{"href":"https:\/\/infolanus.com\/index.php\/wp-json\/wp\/v2\/types\/post"}],"author":[{"embeddable":true,"href":"https:\/\/infolanus.com\/index.php\/wp-json\/wp\/v2\/users\/2"}],"replies":[{"embeddable":true,"href":"https:\/\/infolanus.com\/index.php\/wp-json\/wp\/v2\/comments?post=4383"}],"version-history":[{"count":0,"href":"https:\/\/infolanus.com\/index.php\/wp-json\/wp\/v2\/posts\/4383\/revisions"}],"wp:featuredmedia":[{"embeddable":true,"href":"https:\/\/infolanus.com\/index.php\/wp-json\/wp\/v2\/media\/4384"}],"wp:attachment":[{"href":"https:\/\/infolanus.com\/index.php\/wp-json\/wp\/v2\/media?parent=4383"}],"wp:term":[{"taxonomy":"category","embeddable":true,"href":"https:\/\/infolanus.com\/index.php\/wp-json\/wp\/v2\/categories?post=4383"},{"taxonomy":"post_tag","embeddable":true,"href":"https:\/\/infolanus.com\/index.php\/wp-json\/wp\/v2\/tags?post=4383"}],"curies":[{"name":"wp","href":"https:\/\/api.w.org\/{rel}","templated":true}]}}