{"id":4414,"date":"2023-03-22T21:25:02","date_gmt":"2023-03-23T00:25:02","guid":{"rendered":"https:\/\/www.ambito.com\/uruguay\/reforma-jubilatoria-que-consiste-el-periodo-ventana-la-caja-notarial-que-negocia-el-gobierno-n5680590"},"modified":"2023-03-22T21:25:02","modified_gmt":"2023-03-23T00:25:02","slug":"reforma-jubilatoria-en-que-consiste-el-periodo-ventana-para-la-caja-notarial-que-negocia-el-gobierno","status":"publish","type":"post","link":"https:\/\/infolanus.com\/index.php\/2023\/03\/22\/reforma-jubilatoria-en-que-consiste-el-periodo-ventana-para-la-caja-notarial-que-negocia-el-gobierno\/","title":{"rendered":"Reforma jubilatoria: en qu\u00e9 consiste el &#8220;per\u00edodo ventana&#8221; para la Caja Notarial que negocia el gobierno"},"content":{"rendered":"<div><img data-recalc-dims=\"1\" decoding=\"async\" src=\"https:\/\/i0.wp.com\/media.ambito.com\/p\/14a2d14852e20b0591524b387d77b1c7\/adjuntos\/351\/imagenes\/040\/585\/0040585607\/1200x675\/smart\/reforma-la-seguridad-social-caja-notarialjpg.jpg?w=640&#038;ssl=1\" class=\"ff-og-image-inserted\"><\/div>\n<div id>\n<p>El gobierno analiza la posibilidad de dejar afuera de la <strong>reforma de la seguridad social<\/strong> a la <strong><a href=\"https:\/\/www.ambito.com\/uruguay\/el-ejecutivo-y-la-caja-notarial-trabajan-un-acuerdo-la-reforma-la-seguridad-social-n5612569\" target=\"_blank\" rel=\"follow noopener\">Caja Notarial<\/a><\/strong>. Lo anunci\u00f3 la delegaci\u00f3n del Poder Ejecutivo que asisti\u00f3 hoy a la comisi\u00f3n especial del <strong> Parlamento del Uruguay<\/strong> que discute el proyecto. All\u00ed, inform\u00f3 que se mantienen negociaciones con las autoridades de ese subsistema para implementar un \u201c<strong>per\u00edodo ventana<\/strong>\u201d.<\/p>\n<\/div>\n<div id>\n<p>En la delegaci\u00f3n estuvo encabezada por la ministra de Econom\u00eda, <strong>Azucena Arbeleche<\/strong>, y el ministro de Trabajo y Seguridad Social, <strong>Pablo Mieres<\/strong>.<\/p>\n<\/div>\n<div id>\n<p> La novedad fue confirmada a <strong>\u00c1mbito.com<\/strong> por el <strong>Partido Colorado<\/strong>, impulsor de la propuesta. La soluci\u00f3n implementada por el gobierno tendr\u00eda algunas modificaciones respecto a la iniciativa del partido tradicional, desde donde afirmaron que este jueves \u201cpodr\u00eda haber noticias del acuerdo\u201d.<\/p>\n<\/div>\n<div id>\n<h2>Qu\u00e9 se sabe sobre el \u201cper\u00edodo ventana\u201d que analiza el gobierno para el caso de la Caja Notarial<\/h2>\n<p>La idea del \u201cper\u00edodo ventana\u201d ya hab\u00eda sido anticipada a fines de febrero por el diputado colorado <strong>Conrado Rodr\u00edguez<\/strong> en una <a href=\"https:\/\/www.ambito.com\/uruguay\/rebaja-del-irpf-y-iass-gran-parte-ese-ahorro-se-volcara-al-consumo-afirmo-conrado-rodriguez-n5661018\" target=\"_blank\" rel=\"follow noopener\">entrevista con este medio<\/a>. \u201cHay algunas situaciones que tenemos que ver si deben tener una contemplaci\u00f3n especial, por ejemplo la Caja Notarial\u201d, sostuvo en aquel entonces.<\/p>\n<\/div>\n<div id>\n<p>Seg\u00fan explic\u00f3 Rodr\u00edguez, \u201cla Caja Notarial ha demostrado tener <strong>buenas \u00faltimas gestiones y pericia<\/strong>, y eso le implic\u00f3 tener actualmente un super\u00e1vit\u201d. En esa l\u00ednea, continu\u00f3: \u201cTeniendo en cuenta esa situaci\u00f3n, que es muy distinta a la que vive la Caja Bancaria y la Caja de Profesionales Universitarios, que est\u00e1n en una situaci\u00f3n muy preocupante, ser\u00eda bueno generar un per\u00edodo ventana para ver c\u00f3mo sigue funcionando la Caja Notarial\u201d.<\/p>\n<p>En rigor, la \u201c<strong>norma program\u00e1tica<\/strong>\u201d del legislador colorado planteaba un <strong>plazo de cinco a\u00f1os<\/strong> \u201cpara decidir si se la incluye o no en el r\u00e9gimen de convergencia de este proyecto de ley\u201d. Al cabo de ese lapso, una <strong>comisi\u00f3n especial analizar\u00eda la situaci\u00f3n financiera<\/strong> de la Caja y, al finalizar, <strong>en 2028<\/strong>, se definir\u00eda el destino del subsistema.<\/p>\n<p>Aunque el <strong>Poder Ejecutivo<\/strong> tom\u00f3 la idea, confirm\u00f3 que <strong>solo admitir\u00eda un per\u00edodo ventana de tres a\u00f1os<\/strong>, y no cinco. A\u00fan resta la respuesta de las autoridades de la Caja Notarial a la oferta del gobierno, algo que podr\u00eda conocerse este jueves. Tampoco se descartan otras modificaciones extra.<\/p>\n<h2>Otros cambios en el proyecto de reforma jubilatoria<\/h2>\n<p>La delegaci\u00f3n del Poder Ejecutivo tambi\u00e9n mencion\u00f3 otras modificaciones en otros puntos del proyecto. Por ejemplo, confirmaron que las <strong>viudas <\/strong>de entre 40 y 45 a\u00f1os que hayan mantenido un v\u00ednculo de m\u00e1s de un a\u00f1o \u2013y m\u00e1s de dos a\u00f1os para las de hasta 40 a\u00f1os\u2013 quedar\u00e1n asimiladas al r\u00e9gimen de pensiones.<\/p>\n<p>Adem\u00e1s, la delegaci\u00f3n se comprometi\u00f3 a contemplar los reclamos de la <strong>Asociaci\u00f3n Down del Uruguay<\/strong> para personas con estas condiciones, que no tienen la posibilidad de jubilarse por sus caracter\u00edsticas y expectativa de vida. El planteo del colectivo hab\u00eda sido que la edad m\u00ednima jubilatoria fuera de 50 a\u00f1os, y el m\u00ednimo de aportes fuera de 15 a\u00f1os.<\/p>\n<p>Tambi\u00e9n se modificar\u00e1 la cantidad de a\u00f1os de residencia m\u00ednimos para que los inmigrantes de entre 65 y 70 a\u00f1os de edad, sin recursos. Y, por otra parte, se modificar\u00e1 el <strong>art\u00edculo 78 <\/strong>que le daba la potestad al gobierno de modificar la edad jubilatoria <strong>de acuerdo a c\u00f3mo evolucione la variaci\u00f3n de la esperanza de vida<\/strong>, algo inconstitucional seg\u00fan los colorados.<\/p>\n<p>Por \u00faltimo, el Ejecutivo se comprometi\u00f3 a atender uno de los reclamos de <strong>Cabildo Abierto (CA)<\/strong>, vinculado a la habilitaci\u00f3n de las <strong>AFAP <\/strong>a invertir <strong>fondos en el exterior de pa\u00eds<\/strong>. En ese sentido, anticiparon que que se dar\u00e1n \u201cmayores garant\u00edas\u201d.<\/p>\n<\/div>\n","protected":false},"excerpt":{"rendered":"<p>El gobierno analiza la posibilidad de dejar afuera de la reforma de la seguridad social a la Caja Notarial. Lo anunci\u00f3 la delegaci\u00f3n del Poder Ejecutivo que asisti\u00f3 hoy a la comisi\u00f3n especial del Parlamento del Uruguay que discute el proyecto. All\u00ed, inform\u00f3 que se mantienen negociaciones con las autoridades de ese subsistema para implementar [&hellip;]<\/p>\n","protected":false},"author":2,"featured_media":4415,"comment_status":"closed","ping_status":"closed","sticky":false,"template":"","format":"standard","meta":{"jetpack_post_was_ever_published":false,"_jetpack_newsletter_access":"","_jetpack_dont_email_post_to_subs":false,"_jetpack_newsletter_tier_id":0,"_jetpack_memberships_contains_paywalled_content":false,"_jetpack_memberships_contains_paid_content":false,"footnotes":"","jetpack_publicize_message":"","jetpack_publicize_feature_enabled":true,"jetpack_social_post_already_shared":true,"jetpack_social_options":{"image_generator_settings":{"template":"highway","enabled":false},"version":2}},"categories":[20],"tags":[1286],"class_list":["post-4414","post","type-post","status-publish","format-standard","has-post-thumbnail","hentry","category-mundo","tag-mundo"],"jetpack_publicize_connections":[],"jetpack_featured_media_url":"https:\/\/i0.wp.com\/infolanus.com\/wp-content\/uploads\/2023\/03\/reforma-jubilatoria-en-que-consiste-el-periodo-ventana-para-la-caja-notarial-que-negocia-el-gobierno.jpg?fit=1200%2C675&ssl=1","jetpack_sharing_enabled":true,"jetpack_shortlink":"https:\/\/wp.me\/p9QtMr-19c","_links":{"self":[{"href":"https:\/\/infolanus.com\/index.php\/wp-json\/wp\/v2\/posts\/4414","targetHints":{"allow":["GET"]}}],"collection":[{"href":"https:\/\/infolanus.com\/index.php\/wp-json\/wp\/v2\/posts"}],"about":[{"href":"https:\/\/infolanus.com\/index.php\/wp-json\/wp\/v2\/types\/post"}],"author":[{"embeddable":true,"href":"https:\/\/infolanus.com\/index.php\/wp-json\/wp\/v2\/users\/2"}],"replies":[{"embeddable":true,"href":"https:\/\/infolanus.com\/index.php\/wp-json\/wp\/v2\/comments?post=4414"}],"version-history":[{"count":0,"href":"https:\/\/infolanus.com\/index.php\/wp-json\/wp\/v2\/posts\/4414\/revisions"}],"wp:featuredmedia":[{"embeddable":true,"href":"https:\/\/infolanus.com\/index.php\/wp-json\/wp\/v2\/media\/4415"}],"wp:attachment":[{"href":"https:\/\/infolanus.com\/index.php\/wp-json\/wp\/v2\/media?parent=4414"}],"wp:term":[{"taxonomy":"category","embeddable":true,"href":"https:\/\/infolanus.com\/index.php\/wp-json\/wp\/v2\/categories?post=4414"},{"taxonomy":"post_tag","embeddable":true,"href":"https:\/\/infolanus.com\/index.php\/wp-json\/wp\/v2\/tags?post=4414"}],"curies":[{"name":"wp","href":"https:\/\/api.w.org\/{rel}","templated":true}]}}