{"id":4421,"date":"2023-03-23T20:47:00","date_gmt":"2023-03-23T23:47:00","guid":{"rendered":"https:\/\/www.ambito.com\/uruguay\/el-pib-cayo-13-el-ultimo-trimestre-2022-n5681479"},"modified":"2023-03-23T20:47:00","modified_gmt":"2023-03-23T23:47:00","slug":"el-pib-cayo-13-en-el-ultimo-trimestre-de-2022","status":"publish","type":"post","link":"https:\/\/infolanus.com\/index.php\/2023\/03\/23\/el-pib-cayo-13-en-el-ultimo-trimestre-de-2022\/","title":{"rendered":"El PIB cay\u00f3 1,3% en el \u00faltimo trimestre de 2022"},"content":{"rendered":"<p><!-- { REGION4 --> <\/p>\n<header class=\"news-headline\">\n<div class=\"news-headline__topics-and-date-wrapper\"> <span class=\"news-headline__publication-date\"> 23 de marzo 2023 &#8211; 20:00 <\/span><\/div>\n<h2 class=\"news-headline__article-summary\">\tLuego de un vigoroso comienzo de a\u00f1o, la actividad vivi\u00f3 una desaceleraci\u00f3n y un retroceso en los \u00faltimos meses. <\/h2>\n<\/header>\n<div class=\"detail-highlighted-multimedia content-protected-false\">\n<figure class=\"detail-highlighted-multimedia__figure\"> <img data-recalc-dims=\"1\" loading=\"lazy\" decoding=\"async\" src=\"https:\/\/i0.wp.com\/media.ambito.com\/p\/2810c329da5c4f803b3a1b5a58c9459d\/adjuntos\/351\/imagenes\/040\/588\/0040588581\/655x368\/smart\/autos-fabrica-ford.jpg?resize=640%2C427&#038;ssl=1\" class=\"detail-highlighted-multimedia__figure-img img-fluid\" alt=\"Producci\u00f3n del veh\u00edculo modelo Ford Transit.\" width=\"640\" height=\"427\"><figcaption class=\"detail-highlighted-multimedia__figcaption\" readability=\"-24\"> <span class=\"detail-highlighted-multimedia__copyright\">Foto: Presidencia<\/span><\/figcaption><\/figure>\n<\/div>\n<article class=\"article-body article-body--first-paragraph content-protected-false\" data-td-script-src=\"https:\/\/www.ambito.com\/td\/modulos\/encuestas\/js\/function-embeds-min-version-1660312129.js\" readability=\"29.825242718447\">\n<p>El <strong>PIB<\/strong> (<strong>Producto Interno Bruto<\/strong>) de <strong>Uruguay<\/strong> <strong>fue de m\u00e1s a menos en el a\u00f1o 2022<\/strong>. Comenz\u00f3 con tasas de crecimiento interanual fuertes, en la medida que la econom\u00eda <a href=\"https:\/\/www.ambito.com\/uruguay\/salario-real-sube-primera-vez-la-pandemia-11-anual-n5619021\" target=\"_blank\" rel=\"follow noopener\">sal\u00eda de la pandemia<\/a> y sumaban m\u00e1s vigor los sectores de servicios, mientras el agro y las exportaciones cerraron un excelente primer semestre.<\/p>\n<\/article>\n<article class=\"article-body article-body--second-paragraph content-protected-false\" readability=\"31.674418604651\">\n<p>A partir de mitad de a\u00f1o el escenario cambi\u00f3 y <strong>la actividad no avanz\u00f3 en el tercer trimestre<\/strong>. En el \u00faltimo trimestre -dato divulgado hoy por el Banco Central- <strong>el PIB retrocedi\u00f3 1,3% en t\u00e9rminos desestacionalizados<\/strong> (<strong>-0,1% interanual<\/strong>). La ca\u00edda en las exportaciones c\u00e1rnicas, el impacto de <a href=\"https:\/\/www.ambito.com\/uruguay\/nicolas-olivera-considera-que-la-brecha-cambiaria-argentina-ya-es-estructural-n5676135\" target=\"_blank\" rel=\"follow noopener\">la brecha cambiaria<\/a> con <strong>Argentina<\/strong> en el comercio y los primeros efectos de la sequ\u00eda (<strong>que ser\u00e1n mucho peores este a\u00f1o<\/strong>) son los principales factores que incidieron en la baja.<\/p>\n<\/article>\n<section class=\"related-news\"> <span class=\"related-news__title\">Informate m\u00e1s<\/span> <\/p>\n<div class=\"row row--eq-height\">\n<div class=\"col-12 col-md-6\">\n<article class=\"news-article news-article--landscape-news news-article--landscape-news\">\n<figure class=\"news-article__figure figure\"> <a href=\"https:\/\/www.ambito.com\/uruguay\/el-deficit-fiscal-aumento-us-2200-millones-diciembre-y-llego-al-34-del-pbi-n5641534\" target title=\"\u00e1mbito.com | El d\u00e9ficit fiscal aument\u00f3 u$s 2.200 millones en diciembre y lleg\u00f3 al 3,4% del PBI\" alt=\"\u00e1mbito.com | El d\u00e9ficit fiscal aument\u00f3 u$s 2.200 millones en diciembre y lleg\u00f3 al 3,4% del PBI\" rel=\"noindex nofollow noreferrer\"> <img loading=\"lazy\" decoding=\"async\" src=\"https:\/\/www.ambito.com\/css-custom\/351\/lazy.svg\" data-td-src-property=\"https:\/\/media.ambito.com\/p\/5ae58602ec0925a306124883ddbdc947\/adjuntos\/351\/imagenes\/040\/291\/0040291155\/93x52\/smart\/ministerio-economiajpg.jpg\" alt=\"El Consejo Fiscal Asesor (CFA) advirti\u00f3 sobre los riesgos de una correcci\u00f3n cambiaria.\" title=\"El Consejo Fiscal Asesor (CFA) advirti\u00f3 sobre los riesgos de una correcci\u00f3n cambiaria.\" width=\"93\" height=\"52\" class=\"news-article__figure-img figure-img img-fluid\"> <\/a><\/figure>\n<\/article><\/div>\n<div class=\"col-12 col-md-6\">\n<article class=\"news-article news-article--landscape-news news-article--landscape-news\">\n<figure class=\"news-article__figure figure\"> <a href=\"https:\/\/www.ambito.com\/uruguay\/sube-el-deficit-y-llega-al-31-del-pbi-linea-proyeccion-oficial-n5619128\" target title=\"\u00e1mbito.com | Sube el d\u00e9ficit y llega al 3,1% del PBI, en l\u00ednea con proyecci\u00f3n oficial\" alt=\"\u00e1mbito.com | Sube el d\u00e9ficit y llega al 3,1% del PBI, en l\u00ednea con proyecci\u00f3n oficial\" rel=\"noindex nofollow noreferrer\"> <img loading=\"lazy\" decoding=\"async\" src=\"https:\/\/www.ambito.com\/css-custom\/351\/lazy.svg\" data-td-src-property=\"https:\/\/media.ambito.com\/p\/c8c5fc9c5b5ea1477196da55ebff102e\/adjuntos\/351\/imagenes\/040\/395\/0040395935\/93x52\/smart\/lacalle-pou-y-arbelechejpeg.jpeg\" alt=\"El d\u00e9ficit fiscal alcanz\u00f3 el 3,1%, en l\u00ednea con las proyecciones del equipo econ\u00f3mico del gobierno de Luis Lacalle Pou y encabezado por la ministra Azucena Arbeleche. (Foto: Presidencia del Uruguay)\" title=\"El d\u00e9ficit fiscal alcanz\u00f3 el 3,1%, en l\u00ednea con las proyecciones del equipo econ\u00f3mico del gobierno de Luis Lacalle Pou y encabezado por la ministra Azucena Arbeleche. (Foto: Presidencia del Uruguay)\" width=\"93\" height=\"52\" class=\"news-article__figure-img figure-img img-fluid\"> <\/a><\/figure>\n<\/article><\/div>\n<\/div>\n<\/section>\n<article class=\"article-body article-body--third-paragraph content-protected-false\" readability=\"42\">\n<p> En efecto, al analizar los datos por sectores de oferta, en t\u00e9rminos interanuales, hubo una <strong>ca\u00edda de 21,5% en el agro<\/strong>, <strong>4,3%<\/strong> en la industria y <strong>5,7%<\/strong> en el sector energ\u00e9tico. Por el lado de la demanda, <strong>hubo un aumento de 4,5% interanual en el consumo de los hogares<\/strong> y de 3,7% en las importaciones, mientras las exportaciones (bienes y servicios) bajaron 5,6% interanual.<\/p>\n<\/article>\n<article class=\"article-body article-body--fourth-paragraph content-protected-false\" readability=\"28.438016528926\">\n<div contenteditable=\"false\" class=\"embed_cont type_imagen\" id=\"7772466-Libre-570386023_wrap\">\n<p>PBI.jpeg <span onclick=\"parent.parent.TinyMCETdcuerpo.preview_embed('7772466-Libre-570386023')\" class=\"embed_colapse less\" id=\"7772466-Libre-570386023_colapse\"><\/span> <span onclick=\"parent.parent.TinyMCETdcuerpo.delete_embed('7772466-Libre-570386023')\" class=\"embed_delete less\" id=\"7772466-Libre-570386023_delete\"><\/span><\/p>\n<div id=\"7772466-Libre-570386023_content\" class=\"embed_content\"><img decoding=\"async\" src=\"https:\/\/www.ambito.com\/css-custom\/351\/lazy.svg\" data-td-src-property=\"https:\/\/media.ambito.com\/p\/4459f227356de0edf837cabc9ebe6734\/adjuntos\/351\/imagenes\/040\/588\/0040588557\/730x0\/smart\/pbijpeg.jpeg\" alt width=\"730\" height id=\"7772466-Libre-570386023_embed\"><\/div>\n<\/p><\/div>\n<h2>Cifras revisadas<\/h2>\n<p>Si bien las expectativas de varios analistas apuntaban a que el PIB del pa\u00eds creciera 5% o m\u00e1s en el dato anual, el retroceso en <a href=\"https:\/\/www.ambito.com\/uruguay\/se-crearon-mas-10000-empresas-el-ultimo-trimestre-2022-n5681430\" target=\"_blank\" rel=\"follow noopener\">el \u00faltimo trimestre<\/a> fue mayor al esperado y <strong>el aumento final fue el mencionado 4,9%<\/strong>.<\/p>\n<\/article>\n<article class=\"article-body article-body--remaining-paragraph content-protected-false\" readability=\"43\">\n<p>Sin embargo, hay que agregar otro dato clave: el Banco Central revis\u00f3 fuertemente al alza el desempe\u00f1o econ\u00f3mico de 2021, aumentando la base de comparaci\u00f3n para 2022. La cifra de crecimiento en 2021 conocida hasta ahora era <strong>4,4%<\/strong>, pero la autoridad monetaria revisa todos los trimestres las cifras, adem\u00e1s de agregar el \u00faltimo dato, en una pr\u00e1ctica estad\u00edstica correcta y habitual en el resto de los pa\u00edses.<\/p>\n<p>La revisi\u00f3n mostr\u00f3 que el PIB de Uruguay creci\u00f3 casi un punto m\u00e1s de lo conocido hasta ahora en 2021: 5,3%. De esta manera, <strong>el PIB del 2022 se ubic\u00f3 3,5% por encima de su nivel de 2019<\/strong> (pre pandemia).<\/p>\n<\/article>\n<p> <!-- REGION4 } --> <\/p>\n","protected":false},"excerpt":{"rendered":"<p>23 de marzo 2023 &#8211; 20:00 Luego de un vigoroso comienzo de a\u00f1o, la actividad vivi\u00f3 una desaceleraci\u00f3n y un retroceso en los \u00faltimos meses. Foto: Presidencia El PIB (Producto Interno Bruto) de Uruguay fue de m\u00e1s a menos en el a\u00f1o 2022. Comenz\u00f3 con tasas de crecimiento interanual fuertes, en la medida que la [&hellip;]<\/p>\n","protected":false},"author":2,"featured_media":4422,"comment_status":"closed","ping_status":"closed","sticky":false,"template":"","format":"standard","meta":{"jetpack_post_was_ever_published":false,"_jetpack_newsletter_access":"","_jetpack_dont_email_post_to_subs":false,"_jetpack_newsletter_tier_id":0,"_jetpack_memberships_contains_paywalled_content":false,"_jetpack_memberships_contains_paid_content":false,"footnotes":"","jetpack_publicize_message":"","jetpack_publicize_feature_enabled":true,"jetpack_social_post_already_shared":true,"jetpack_social_options":{"image_generator_settings":{"template":"highway","enabled":false},"version":2}},"categories":[20],"tags":[1286],"class_list":["post-4421","post","type-post","status-publish","format-standard","has-post-thumbnail","hentry","category-mundo","tag-mundo"],"jetpack_publicize_connections":[],"jetpack_featured_media_url":"https:\/\/i0.wp.com\/infolanus.com\/wp-content\/uploads\/2023\/03\/el-pib-cayo-13-en-el-ultimo-trimestre-de-2022.jpg?fit=655%2C368&ssl=1","jetpack_sharing_enabled":true,"jetpack_shortlink":"https:\/\/wp.me\/p9QtMr-19j","_links":{"self":[{"href":"https:\/\/infolanus.com\/index.php\/wp-json\/wp\/v2\/posts\/4421","targetHints":{"allow":["GET"]}}],"collection":[{"href":"https:\/\/infolanus.com\/index.php\/wp-json\/wp\/v2\/posts"}],"about":[{"href":"https:\/\/infolanus.com\/index.php\/wp-json\/wp\/v2\/types\/post"}],"author":[{"embeddable":true,"href":"https:\/\/infolanus.com\/index.php\/wp-json\/wp\/v2\/users\/2"}],"replies":[{"embeddable":true,"href":"https:\/\/infolanus.com\/index.php\/wp-json\/wp\/v2\/comments?post=4421"}],"version-history":[{"count":0,"href":"https:\/\/infolanus.com\/index.php\/wp-json\/wp\/v2\/posts\/4421\/revisions"}],"wp:featuredmedia":[{"embeddable":true,"href":"https:\/\/infolanus.com\/index.php\/wp-json\/wp\/v2\/media\/4422"}],"wp:attachment":[{"href":"https:\/\/infolanus.com\/index.php\/wp-json\/wp\/v2\/media?parent=4421"}],"wp:term":[{"taxonomy":"category","embeddable":true,"href":"https:\/\/infolanus.com\/index.php\/wp-json\/wp\/v2\/categories?post=4421"},{"taxonomy":"post_tag","embeddable":true,"href":"https:\/\/infolanus.com\/index.php\/wp-json\/wp\/v2\/tags?post=4421"}],"curies":[{"name":"wp","href":"https:\/\/api.w.org\/{rel}","templated":true}]}}