{"id":4427,"date":"2023-03-24T20:33:37","date_gmt":"2023-03-24T23:33:37","guid":{"rendered":"https:\/\/www.ambito.com\/mundo\/lula-da-silva-postergo-el-domingo-su-viaje-china-una-neumonia-n5682289"},"modified":"2023-03-24T20:33:37","modified_gmt":"2023-03-24T23:33:37","slug":"lula-da-silva-postergo-hasta-el-domingo-su-viaje-a-china-por-una-neumonia","status":"publish","type":"post","link":"https:\/\/infolanus.com\/index.php\/2023\/03\/24\/lula-da-silva-postergo-hasta-el-domingo-su-viaje-a-china-por-una-neumonia\/","title":{"rendered":"Lula da Silva posterg\u00f3 hasta el domingo su viaje a China por una neumon\u00eda"},"content":{"rendered":"<div><img data-recalc-dims=\"1\" decoding=\"async\" src=\"https:\/\/i0.wp.com\/media.ambito.com\/p\/3a09121862f6855b2159ae32b7ebd5da\/adjuntos\/239\/imagenes\/040\/538\/0040538096\/lula-da-silvajpg.jpg?w=640&#038;ssl=1\" class=\"ff-og-image-inserted\"><\/div>\n<div id>\n<p>El mandatario brasile\u00f1o,<strong> Luiz In\u00e1cio Lula da Silva<\/strong>, posterg\u00f3 un d\u00eda, al domingo, <strong>su viaje oficial a China tras ser diagnosticado con una &#8220;neumon\u00eda leve&#8221;<\/strong>, inform\u00f3 este viernes la presidencia.<\/p>\n<\/div>\n<div id>\n<p>Lula, de 77 a\u00f1os, se halla en la residencia oficial de la Alvorada en Brasilia tras someterse el jueves por la noche a ex\u00e1menes m\u00e9dicos, que le detectaron la dolencia. &#8220;Por eso, postergar\u00e1 al domingo el inicio de su viaje a China&#8221;, seg\u00fan una nota oficial.<\/p>\n<\/div>\n<div id>\n<p>Este viernes, el presidente izquierdista se someti\u00f3 a una nueva evaluaci\u00f3n y recibi\u00f3 el visto bueno m\u00e9dico para viajar el domingo, confirm\u00f3 a la AFP el ministro jefe de la Secretar\u00eda de Comunicaci\u00f3n, Paulo Pimenta.<\/p>\n<\/div>\n<div id>\n<p><strong>&#8220;El cuadro general del presidente es bueno, est\u00e1 estable, medicado y deber\u00eda viajar el domingo&#8221;,<\/strong> dijo Roberto Kalil Filho, el m\u00e9dico que lo examin\u00f3, al portal de noticias G1.<\/p>\n<\/div>\n<div id>\n<p>Dos reuniones con ministros previstas este viernes fueron inicialmente canceladas, pero Lula finalmente <strong>tuvo un encuentro en la tarde con parte de su gabinete y l\u00edderes parlamentarios en la Alvorada.<\/strong><\/p>\n<p><strong> El mandatario &#8220;est\u00e1 muy bien&#8221; y &#8220;muy motivado&#8221;<\/strong>, afirm\u00f3 Paulo Pimenta, ministro de Comunicaciones de Brasil a periodistas tras la reuni\u00f3n. El ministro se\u00f1al\u00f3 que Lula, quien esta semana mantuvo una agenda intensa con visitas a cuatro estados del pa\u00eds, sufri\u00f3 un &#8220;cansancio f\u00edsico&#8221;.<\/p>\n<p>Tambi\u00e9n indic\u00f3 que el jefe de Estado permanecer\u00e1 en reposo durante todo el s\u00e1bado y continuar\u00e1 con el medicamento recetado, que no detall\u00f3.<\/p>\n<h2>La visita de Lula a China<\/h2>\n<p>Lula ten\u00eda previsto embarcar el s\u00e1bado rumbo a Pek\u00edn para una visita de Estado que empezar\u00e1 oficialmente el martes 28 de marzo, cuando est\u00e1 previsto un encuentro con su hom\u00f3logo chino<strong> Xi Jinping. <\/strong>&#8220;La agenda oficial del presidente, que comienza el d\u00eda 28, se mantiene&#8221;, recalc\u00f3 a la AFP una fuente de la Presidencia brasile\u00f1a.<\/p>\n<p>El viaje del mandatario est\u00e1 enfocado en <strong>potenciar los intercambios con el primer socio comercial de Brasil y buscar el apoyo de Pek\u00edn a su propuesta de crear un grupo de pa\u00edses mediadores para negociar la paz entre Rusia y Ucrania.<\/strong><\/p>\n<p>La visita al gigante asi\u00e1tico prev\u00e9 cerrar su tercer mes de presidencia, luego de haber visitado previamente otras capitales prioritarias para Brasil, como Buenos Aires y Washington.<\/p>\n<p>Acompa\u00f1ar\u00e1n al veterano l\u00edder de izquierda una abultada <strong>delegaci\u00f3n de m\u00e1s de 200 empresarios<\/strong> -una centena del sector agropecuario-, adem\u00e1s de gobernadores, senadores, diputados y al menos seis ministros.<\/p>\n<p>Con Xi, Lula tiene previsto conversar sobre la guerra en Ucrania y sobre &#8220;comercio, inversiones, reindustrializaci\u00f3n, transici\u00f3n energ\u00e9tica, cambios clim\u00e1ticos, acuerdos de cooperaci\u00f3n&#8221;, seg\u00fan la Presidencia de Brasil.<\/p>\n<p>Brasilia pretende un &#8220;relanzamiento de las relaciones bilaterales&#8221; con China, luego de cuatro a\u00f1os de desencuentros diplom\u00e1ticos con la potencia asi\u00e1tica bajo la gesti\u00f3n del exmandatario ultraderechista Jair Bolsonaro.<\/p>\n<p>Adem\u00e1s de Pek\u00edn, el presidente tiene previsto viajar a Shangh\u00e1i y poner fin a su visita el d\u00eda 31, cuando viajar\u00e1 a Emiratos \u00c1rabes Unidos.<\/p>\n<h2>La salud de Lula<\/h2>\n<p>La salud de Lula ha sido motivo de preocupaci\u00f3n en los \u00faltimos a\u00f1os. En noviembre pasado, Lula, que ya gobern\u00f3 Brasil entre 2003 y 2010, se someti\u00f3 a un procedimiento para la extracci\u00f3n de una<strong> lesi\u00f3n en la laringe.<\/strong><\/p>\n<p>El mandatario, quien frecuentemente tiene una voz ronca, fue diagnosticado con <strong>c\u00e1ncer en la laringe<\/strong> en 2011 y se le retir\u00f3 un tumor. Desde entonces, los resultados m\u00e9dicos han mostrado la total remisi\u00f3n del c\u00e1ncer.<\/p>\n<\/div>\n","protected":false},"excerpt":{"rendered":"<p>El mandatario brasile\u00f1o, Luiz In\u00e1cio Lula da Silva, posterg\u00f3 un d\u00eda, al domingo, su viaje oficial a China tras ser diagnosticado con una &#8220;neumon\u00eda leve&#8221;, inform\u00f3 este viernes la presidencia. Lula, de 77 a\u00f1os, se halla en la residencia oficial de la Alvorada en Brasilia tras someterse el jueves por la noche a ex\u00e1menes m\u00e9dicos, [&hellip;]<\/p>\n","protected":false},"author":2,"featured_media":4428,"comment_status":"closed","ping_status":"closed","sticky":false,"template":"","format":"standard","meta":{"jetpack_post_was_ever_published":false,"_jetpack_newsletter_access":"","_jetpack_dont_email_post_to_subs":false,"_jetpack_newsletter_tier_id":0,"_jetpack_memberships_contains_paywalled_content":false,"_jetpack_memberships_contains_paid_content":false,"footnotes":"","jetpack_publicize_message":"","jetpack_publicize_feature_enabled":true,"jetpack_social_post_already_shared":true,"jetpack_social_options":{"image_generator_settings":{"template":"highway","enabled":false},"version":2}},"categories":[20],"tags":[1286],"class_list":["post-4427","post","type-post","status-publish","format-standard","has-post-thumbnail","hentry","category-mundo","tag-mundo"],"jetpack_publicize_connections":[],"jetpack_featured_media_url":"https:\/\/i0.wp.com\/infolanus.com\/wp-content\/uploads\/2023\/03\/lula-da-silva-postergo-hasta-el-domingo-su-viaje-a-china-por-una-neumonia.jpg?fit=1200%2C675&ssl=1","jetpack_sharing_enabled":true,"jetpack_shortlink":"https:\/\/wp.me\/p9QtMr-19p","_links":{"self":[{"href":"https:\/\/infolanus.com\/index.php\/wp-json\/wp\/v2\/posts\/4427","targetHints":{"allow":["GET"]}}],"collection":[{"href":"https:\/\/infolanus.com\/index.php\/wp-json\/wp\/v2\/posts"}],"about":[{"href":"https:\/\/infolanus.com\/index.php\/wp-json\/wp\/v2\/types\/post"}],"author":[{"embeddable":true,"href":"https:\/\/infolanus.com\/index.php\/wp-json\/wp\/v2\/users\/2"}],"replies":[{"embeddable":true,"href":"https:\/\/infolanus.com\/index.php\/wp-json\/wp\/v2\/comments?post=4427"}],"version-history":[{"count":0,"href":"https:\/\/infolanus.com\/index.php\/wp-json\/wp\/v2\/posts\/4427\/revisions"}],"wp:featuredmedia":[{"embeddable":true,"href":"https:\/\/infolanus.com\/index.php\/wp-json\/wp\/v2\/media\/4428"}],"wp:attachment":[{"href":"https:\/\/infolanus.com\/index.php\/wp-json\/wp\/v2\/media?parent=4427"}],"wp:term":[{"taxonomy":"category","embeddable":true,"href":"https:\/\/infolanus.com\/index.php\/wp-json\/wp\/v2\/categories?post=4427"},{"taxonomy":"post_tag","embeddable":true,"href":"https:\/\/infolanus.com\/index.php\/wp-json\/wp\/v2\/tags?post=4427"}],"curies":[{"name":"wp","href":"https:\/\/api.w.org\/{rel}","templated":true}]}}