{"id":4575,"date":"2023-04-14T15:11:20","date_gmt":"2023-04-14T18:11:20","guid":{"rendered":"https:\/\/www.inforegion.com.ar\/?p=260073"},"modified":"2023-04-14T15:11:20","modified_gmt":"2023-04-14T18:11:20","slug":"incendio-en-una-vivienda-de-lanus","status":"publish","type":"post","link":"https:\/\/infolanus.com\/index.php\/2023\/04\/14\/incendio-en-una-vivienda-de-lanus\/","title":{"rendered":"Incendio en una vivienda de Lan\u00fas"},"content":{"rendered":"<p>Un<strong> terrible incendio se registr\u00f3 en una vivienda<\/strong> de la localidad de Lan\u00fas. A pesar de la magnitud del fuego no se informaron v\u00edctimas fatales ni heridos.<\/p>\n<p>Las llamas se desataron este viernes en el quincho de una casa ubicada en la calle <strong>Fray Julian Lagos al 1700<\/strong>, entre Liniers e Int. Manuel Quindimil, de dicha localidad.<\/p>\n<p>Seg\u00fan informaron desde Defensa Civil, quienes colaboraron con los Bomberos Voluntarios de Lan\u00fas Oeste (BVLO) para propagar el fuego, <strong>no se registraron v\u00edctimas fatales, heridos, ni personas afectadas por el humo<\/strong>. <\/p>\n<p>Adem\u00e1s, tambi\u00e9n trabajaron en tareas de auxilio y prevenci\u00f3n efectivos policiales y personal de tr\u00e1nsito. <\/p>\n<figure class=\"is-layout-flex wp-block-gallery-1 wp-block-gallery has-nested-images columns-default is-cropped\">\n<figure class=\"wp-block-image size-large\"><a href=\"https:\/\/i0.wp.com\/www.inforegion.com.ar\/wp-content\/uploads\/2023\/04\/341327633_904248007358684_2339133197250760494_n.jpg?ssl=1\"><img data-recalc-dims=\"1\" decoding=\"async\" loading=\"lazy\" width=\"640\" height=\"479\" data-id=\"260082\" src=\"https:\/\/i0.wp.com\/www.inforegion.com.ar\/wp-content\/uploads\/2023\/04\/341327633_904248007358684_2339133197250760494_n-1024x767.jpg?resize=640%2C479&#038;ssl=1\" alt=\"341327633 904248007358684 2339133197250760494 n\" class=\"wp-image-260082\" srcset=\"https:\/\/www.inforegion.com.ar\/wp-content\/uploads\/2023\/04\/341327633_904248007358684_2339133197250760494_n-1024x767.jpg 1024w, https:\/\/www.inforegion.com.ar\/wp-content\/uploads\/2023\/04\/341327633_904248007358684_2339133197250760494_n-300x225.jpg 300w, https:\/\/www.inforegion.com.ar\/wp-content\/uploads\/2023\/04\/341327633_904248007358684_2339133197250760494_n-768x575.jpg 768w, https:\/\/www.inforegion.com.ar\/wp-content\/uploads\/2023\/04\/341327633_904248007358684_2339133197250760494_n-320x240.jpg 320w, https:\/\/www.inforegion.com.ar\/wp-content\/uploads\/2023\/04\/341327633_904248007358684_2339133197250760494_n-480x360.jpg 480w, https:\/\/www.inforegion.com.ar\/wp-content\/uploads\/2023\/04\/341327633_904248007358684_2339133197250760494_n-800x599.jpg 800w, https:\/\/www.inforegion.com.ar\/wp-content\/uploads\/2023\/04\/341327633_904248007358684_2339133197250760494_n-335x251.jpg 335w, https:\/\/www.inforegion.com.ar\/wp-content\/uploads\/2023\/04\/341327633_904248007358684_2339133197250760494_n-150x112.jpg 150w, https:\/\/www.inforegion.com.ar\/wp-content\/uploads\/2023\/04\/341327633_904248007358684_2339133197250760494_n.jpg 1440w\" sizes=\"auto, (max-width: 1024px) 100vw, 1024px\" title=\"Incendio en una vivienda de Lan\u00fas 10\"><\/a><\/figure>\n<figure class=\"wp-block-image size-large\"><a href=\"https:\/\/i0.wp.com\/www.inforegion.com.ar\/wp-content\/uploads\/2023\/04\/341349142_1003477857298072_5813935182295751723_n.jpg?ssl=1\"><img data-recalc-dims=\"1\" decoding=\"async\" loading=\"lazy\" width=\"640\" height=\"480\" data-id=\"260083\" src=\"https:\/\/i0.wp.com\/www.inforegion.com.ar\/wp-content\/uploads\/2023\/04\/341349142_1003477857298072_5813935182295751723_n-1024x768.jpg?resize=640%2C480&#038;ssl=1\" alt=\"341349142 1003477857298072 5813935182295751723 n\" class=\"wp-image-260083\" srcset=\"https:\/\/www.inforegion.com.ar\/wp-content\/uploads\/2023\/04\/341349142_1003477857298072_5813935182295751723_n-1024x768.jpg 1024w, https:\/\/www.inforegion.com.ar\/wp-content\/uploads\/2023\/04\/341349142_1003477857298072_5813935182295751723_n-300x225.jpg 300w, https:\/\/www.inforegion.com.ar\/wp-content\/uploads\/2023\/04\/341349142_1003477857298072_5813935182295751723_n-768x576.jpg 768w, https:\/\/www.inforegion.com.ar\/wp-content\/uploads\/2023\/04\/341349142_1003477857298072_5813935182295751723_n-320x240.jpg 320w, https:\/\/www.inforegion.com.ar\/wp-content\/uploads\/2023\/04\/341349142_1003477857298072_5813935182295751723_n-480x360.jpg 480w, https:\/\/www.inforegion.com.ar\/wp-content\/uploads\/2023\/04\/341349142_1003477857298072_5813935182295751723_n-800x600.jpg 800w, https:\/\/www.inforegion.com.ar\/wp-content\/uploads\/2023\/04\/341349142_1003477857298072_5813935182295751723_n-335x251.jpg 335w, https:\/\/www.inforegion.com.ar\/wp-content\/uploads\/2023\/04\/341349142_1003477857298072_5813935182295751723_n-150x113.jpg 150w, https:\/\/www.inforegion.com.ar\/wp-content\/uploads\/2023\/04\/341349142_1003477857298072_5813935182295751723_n.jpg 1440w\" sizes=\"auto, (max-width: 1024px) 100vw, 1024px\" title=\"Incendio en una vivienda de Lan\u00fas 11\"><\/a><\/figure>\n<\/figure>\n","protected":false},"excerpt":{"rendered":"<p>Un terrible incendio se registr\u00f3 en una vivienda de la localidad de Lan\u00fas. A pesar de la magnitud del fuego no se informaron v\u00edctimas fatales ni heridos. Las llamas se desataron este viernes en el quincho de una casa ubicada en la calle Fray Julian Lagos al 1700, entre Liniers e Int. Manuel Quindimil, de [&hellip;]<\/p>\n","protected":false},"author":2,"featured_media":4576,"comment_status":"closed","ping_status":"closed","sticky":false,"template":"","format":"standard","meta":{"jetpack_post_was_ever_published":false,"_jetpack_newsletter_access":"","_jetpack_dont_email_post_to_subs":false,"_jetpack_newsletter_tier_id":0,"_jetpack_memberships_contains_paywalled_content":false,"_jetpack_memberships_contains_paid_content":false,"footnotes":"","jetpack_publicize_message":"","jetpack_publicize_feature_enabled":true,"jetpack_social_post_already_shared":true,"jetpack_social_options":{"image_generator_settings":{"template":"highway","enabled":false},"version":2}},"categories":[19],"tags":[773,774,88,23,788],"class_list":["post-4575","post","type-post","status-publish","format-standard","has-post-thumbnail","hentry","category-municipio","tag-centrales","tag-destacadas","tag-incendio","tag-lanus","tag-sociedad"],"jetpack_publicize_connections":[],"jetpack_featured_media_url":"https:\/\/i0.wp.com\/infolanus.com\/wp-content\/uploads\/2023\/04\/incendio-en-una-vivienda-de-lanus.jpg?fit=1024%2C767&ssl=1","jetpack_sharing_enabled":true,"jetpack_shortlink":"https:\/\/wp.me\/p9QtMr-1bN","_links":{"self":[{"href":"https:\/\/infolanus.com\/index.php\/wp-json\/wp\/v2\/posts\/4575","targetHints":{"allow":["GET"]}}],"collection":[{"href":"https:\/\/infolanus.com\/index.php\/wp-json\/wp\/v2\/posts"}],"about":[{"href":"https:\/\/infolanus.com\/index.php\/wp-json\/wp\/v2\/types\/post"}],"author":[{"embeddable":true,"href":"https:\/\/infolanus.com\/index.php\/wp-json\/wp\/v2\/users\/2"}],"replies":[{"embeddable":true,"href":"https:\/\/infolanus.com\/index.php\/wp-json\/wp\/v2\/comments?post=4575"}],"version-history":[{"count":0,"href":"https:\/\/infolanus.com\/index.php\/wp-json\/wp\/v2\/posts\/4575\/revisions"}],"wp:featuredmedia":[{"embeddable":true,"href":"https:\/\/infolanus.com\/index.php\/wp-json\/wp\/v2\/media\/4576"}],"wp:attachment":[{"href":"https:\/\/infolanus.com\/index.php\/wp-json\/wp\/v2\/media?parent=4575"}],"wp:term":[{"taxonomy":"category","embeddable":true,"href":"https:\/\/infolanus.com\/index.php\/wp-json\/wp\/v2\/categories?post=4575"},{"taxonomy":"post_tag","embeddable":true,"href":"https:\/\/infolanus.com\/index.php\/wp-json\/wp\/v2\/tags?post=4575"}],"curies":[{"name":"wp","href":"https:\/\/api.w.org\/{rel}","templated":true}]}}