{"id":4655,"date":"2023-04-24T21:01:00","date_gmt":"2023-04-25T00:01:00","guid":{"rendered":"https:\/\/www.ambito.com\/uruguay\/diputados-vota-la-reforma-la-seguridad-social-n5705794"},"modified":"2023-04-24T21:01:00","modified_gmt":"2023-04-25T00:01:00","slug":"diputados-vota-la-reforma-de-la-seguridad-social","status":"publish","type":"post","link":"https:\/\/infolanus.com\/index.php\/2023\/04\/24\/diputados-vota-la-reforma-de-la-seguridad-social\/","title":{"rendered":"Diputados vota la reforma de la seguridad social"},"content":{"rendered":"<div><img data-recalc-dims=\"1\" decoding=\"async\" src=\"https:\/\/i0.wp.com\/media.ambito.com\/p\/e1129295445be33089d920d2fa4eab2c\/adjuntos\/351\/imagenes\/040\/361\/0040361871\/1200x675\/smart\/diputados.jpg?w=640&#038;ssl=1\" class=\"ff-og-image-inserted\"><\/div>\n<div id>\n<p>Los <strong>diputados<\/strong> comenzaron este lunes desde las 10 horas el debate en el pleno de la C\u00e1mara baja del <a href=\"https:\/\/www.ambito.com\/uruguay\/las-claves-entender-la-reforma-la-seguridad-social-luego-las-modificaciones-n5705448\" target=\"_blank\" rel=\"follow noopener\">proyecto de <strong>reforma de la seguridad social<\/strong><\/a>, luego de la aprobaci\u00f3n en la Comisi\u00f3n Especial el jueves pasado y tras casi dos meses de negociaciones entre el gobierno y sus socios para introducir decenas de modificaciones al texto votado en diciembre en el <strong> Senado<\/strong>.<\/p>\n<\/div>\n<div id>\n<p>El presidente <strong>Luis Lacalle Pou<\/strong> se hizo presente en el recinto pasadas las 19:30 horas para presenciar durante algunos minutos el debate, luego de su participaci\u00f3n en un evento por la conmemoraci\u00f3n del 108\u00b0 Aniversario del Genocidio Armenio en la Antesala de la C\u00e1mara de Diputados.<\/p>\n<\/div>\n<div id>\n<p> El diputado del <strong>Partido Nacional<\/strong>, <strong>Pedro Jisdonian<\/strong>, se mostr\u00f3 &#8220;muy conforme con la labor realizada&#8221; por la Comisi\u00f3n Especial tras haber arribado a &#8220;<strong>un proyecto de ley que se va a terminar aprobando hoy<\/strong>&#8220;, y que le dar\u00e1 al Uruguay &#8220;una respuesta a una situaci\u00f3n actual que es bastante complicada para el futuro en lo que refiere a jubilaciones&#8221;.<\/p>\n<\/div>\n<div id>\n<p>Por otro lado, la exintendenta de <strong>Montevideo<\/strong> y diputada por el <strong>Frente Amplio<\/strong>, <strong>Ana Olivera<\/strong>, efectu\u00f3 el informe de minor\u00eda de la Comisi\u00f3n Especial y sostuvo que &#8220;no comparten&#8221; el proyecto &#8220;<strong>ni por contenido ni por forma<\/strong>&#8220;, teniendo dos cr\u00edticas fundamentales, siendo estas el incremento de la edad de retiro y la falta de un car\u00e1cter social &#8220;integral&#8221; en la reforma, ya que &#8220;<strong>solo aborda jubilaciones y pensiones<\/strong>&#8220;.<\/p>\n<\/div>\n<div id>\n<div contenteditable=\"false\" class=\"embed_cont type_freetext\" rel=\"freetext\" id=\"embed4741_wrap\" data-provider=\"Twitter\" readability=\"21.243697478992\">\n<p>https:\/\/twitter.com\/DiputadosUY\/status\/1650592704089280512<span onclick=\"parent.parent.TinyMCETdcuerpo.preview_embed('embed4741')\" class=\"embed_colapse less\" id=\"embed4741_colapse\"><\/span><span onclick=\"parent.parent.TinyMCETdcuerpo.delete_embed('embed4741')\" class=\"embed_delete less\" id=\"embed4741_delete\"><\/span><\/p>\n<\/p><\/div>\n<h2>Las modificaciones que sufri\u00f3 el proyecto de ley<\/h2>\n<p>De los cuatro puntos que <strong>Cabildo Abierto<\/strong> puso como condici\u00f3n para votar el proyecto, hubo dos fundamentales que el presidente <strong>Luis Lacalle Pou<\/strong> acept\u00f3: la baja de 25 a 20 mejores a\u00f1os trabajados para calcular la jubilaci\u00f3n \u2013un cambio que costar\u00e1 u$s 300 millones, es decir el 0,3% del PBI- y la retirada de los art\u00edculos que permit\u00edan a las <strong>AFAP<\/strong> invertir en el exterior.<\/p>\n<p>Por su parte, el <strong>Partido Colorado <\/strong>obtuvo la <a href=\"https:\/\/www.ambito.com\/uruguay\/como-sera-la-reduccion-del-iass-que-acepto-lacalle-pou-la-reforma-la-seguridad-social-n5702816\" target=\"_blank\" rel=\"follow noopener\">disminuci\u00f3n gradual del <strong>Impuesto a la Asistencia de la Seguridad Social (IASS)<\/strong><\/a> y una nueva escala de edad de jubilaci\u00f3n de acuerdo a la cantidad de a\u00f1os aportados (a los 63 con 38 de aportes y a los 64 con entre 35 y 37 de aportes).<\/p>\n<p>Una vez que el proyecto de reforma de la seguridad social se apruebe, los contribuyentes deber\u00e1n seguir destinando el 15% de su salario a la seguridad social, pero el 10% se volcar\u00e1 al <strong>Banco de Previsi\u00f3n Social (BPS)<\/strong> y el restante 5% a la AFAP. Actualmente, los trabajadores que ganan m\u00e1s de cierta remuneraci\u00f3n y optan por el ahorro individual aportan 7,5% al BPS y 7,5% a la AFAP, record\u00f3 Uy Press.<\/p>\n<h2><strong>Las concesiones previas del Ejecutivo<\/strong><\/h2>\n<p>Ya en marzo, con el debate congelado en la Comisi\u00f3n Especial de la C\u00e1mara de Diputados, el gobierno de Luis Lacalle Pou hab\u00eda acordado con los legisladores de la coalici\u00f3n varios cambios al proyecto votado en el Senado.<\/p>\n<p>Hubo modificaciones en los reg\u00edmenes voluntarios y complementarios; ampliaci\u00f3n de la <strong>pensi\u00f3n por viudez<\/strong> (se mantiene r\u00e9gimen actual); la reducci\u00f3n de los a\u00f1os requeridos de <strong>matrimonio<\/strong> (m\u00ednimo de dos a\u00f1os) y concubinato (m\u00ednimo de cinco a\u00f1os) para acceder a la causal pensionaria por viudez; la incorporaci\u00f3n de art\u00edculos sobre situaciones de discapacidad; y la supresi\u00f3n de la posibilidad de retiro anticipado de dinero de la cuenta de ahorro individual, entre otros, detall\u00f3 Uy Press.<\/p>\n<\/div>\n","protected":false},"excerpt":{"rendered":"<p>Los diputados comenzaron este lunes desde las 10 horas el debate en el pleno de la C\u00e1mara baja del proyecto de reforma de la seguridad social, luego de la aprobaci\u00f3n en la Comisi\u00f3n Especial el jueves pasado y tras casi dos meses de negociaciones entre el gobierno y sus socios para introducir decenas de modificaciones [&hellip;]<\/p>\n","protected":false},"author":2,"featured_media":4656,"comment_status":"closed","ping_status":"closed","sticky":false,"template":"","format":"standard","meta":{"jetpack_post_was_ever_published":false,"_jetpack_newsletter_access":"","_jetpack_dont_email_post_to_subs":false,"_jetpack_newsletter_tier_id":0,"_jetpack_memberships_contains_paywalled_content":false,"_jetpack_memberships_contains_paid_content":false,"footnotes":"","jetpack_publicize_message":"","jetpack_publicize_feature_enabled":true,"jetpack_social_post_already_shared":true,"jetpack_social_options":{"image_generator_settings":{"template":"highway","enabled":false},"version":2}},"categories":[20],"tags":[1286],"class_list":["post-4655","post","type-post","status-publish","format-standard","has-post-thumbnail","hentry","category-mundo","tag-mundo"],"jetpack_publicize_connections":[],"jetpack_featured_media_url":"https:\/\/i0.wp.com\/infolanus.com\/wp-content\/uploads\/2023\/04\/diputados-vota-la-reforma-de-la-seguridad-social.jpg?fit=1200%2C675&ssl=1","jetpack_sharing_enabled":true,"jetpack_shortlink":"https:\/\/wp.me\/p9QtMr-1d5","_links":{"self":[{"href":"https:\/\/infolanus.com\/index.php\/wp-json\/wp\/v2\/posts\/4655","targetHints":{"allow":["GET"]}}],"collection":[{"href":"https:\/\/infolanus.com\/index.php\/wp-json\/wp\/v2\/posts"}],"about":[{"href":"https:\/\/infolanus.com\/index.php\/wp-json\/wp\/v2\/types\/post"}],"author":[{"embeddable":true,"href":"https:\/\/infolanus.com\/index.php\/wp-json\/wp\/v2\/users\/2"}],"replies":[{"embeddable":true,"href":"https:\/\/infolanus.com\/index.php\/wp-json\/wp\/v2\/comments?post=4655"}],"version-history":[{"count":0,"href":"https:\/\/infolanus.com\/index.php\/wp-json\/wp\/v2\/posts\/4655\/revisions"}],"wp:featuredmedia":[{"embeddable":true,"href":"https:\/\/infolanus.com\/index.php\/wp-json\/wp\/v2\/media\/4656"}],"wp:attachment":[{"href":"https:\/\/infolanus.com\/index.php\/wp-json\/wp\/v2\/media?parent=4655"}],"wp:term":[{"taxonomy":"category","embeddable":true,"href":"https:\/\/infolanus.com\/index.php\/wp-json\/wp\/v2\/categories?post=4655"},{"taxonomy":"post_tag","embeddable":true,"href":"https:\/\/infolanus.com\/index.php\/wp-json\/wp\/v2\/tags?post=4655"}],"curies":[{"name":"wp","href":"https:\/\/api.w.org\/{rel}","templated":true}]}}