{"id":4673,"date":"2023-04-27T18:21:26","date_gmt":"2023-04-27T21:21:26","guid":{"rendered":"https:\/\/www.ambito.com\/uruguay\/emergencia-agropecuaria-se-habilito-la-comercializacion-semillas-soja-fuera-estandar-n5709502"},"modified":"2023-04-27T18:21:26","modified_gmt":"2023-04-27T21:21:26","slug":"emergencia-agropecuaria-se-habilito-la-comercializacion-de-semillas-de-soja-fuera-de-estandar","status":"publish","type":"post","link":"https:\/\/infolanus.com\/index.php\/2023\/04\/27\/emergencia-agropecuaria-se-habilito-la-comercializacion-de-semillas-de-soja-fuera-de-estandar\/","title":{"rendered":"Emergencia agropecuaria: se habilit\u00f3 la comercializaci\u00f3n de semillas de soja fuera de est\u00e1ndar"},"content":{"rendered":"<div><img data-recalc-dims=\"1\" decoding=\"async\" src=\"https:\/\/i0.wp.com\/media.ambito.com\/p\/a0896b37903172fca2cb303c03ac35b8\/adjuntos\/351\/imagenes\/040\/668\/0040668702\/1200x675\/smart\/soja.jpg?w=640&#038;ssl=1\" class=\"ff-og-image-inserted\"><\/div>\n<div id>\n<p>El <strong>Instituto Nacional de Semillas<\/strong> (<strong>Inase<\/strong>) <strong>habilit\u00f3 la comercializaci\u00f3n de semillas de soja fuera de est\u00e1ndar<\/strong> buscando compensar las p\u00e9rdidas de estos cultivos que se han sufrido <a href=\"https:\/\/www.ambito.com\/uruguay\/alarma-el-campo-la-cosecha-soja-sera-apenas-un-tercio-lo-esperado-n5675675\" target=\"_blank\" rel=\"follow noopener\">a causa de la sequ\u00eda<\/a>. La medida excepcional regir\u00e1 durante la actual zafra 2023\/24.<\/p>\n<\/div>\n<div id>\n<p><strong>El Inase estableci\u00f3 el valor de germinaci\u00f3n m\u00ednimo autorizado en 70%<\/strong> y advirti\u00f3 que esta semilla comercializada deber\u00e1 estar claramente identificada a trav\u00e9s de sus r\u00f3tulos, y deber\u00e1 indicar su condici\u00f3n fuera de est\u00e1ndar, pero autorizada para la venta.<\/p>\n<\/div>\n<div id>\n<p> En un comunicado, el Inase aclara que, a su vez, &#8220;<strong>la semilla que se encuentre dentro de los valores del est\u00e1ndar espec\u00edfico vigente se comercializar\u00e1 de forma habitual<\/strong>&#8220;.<\/p>\n<\/div>\n<div id>\n<h2>\u00bfC\u00f3mo es la comercializaci\u00f3n de semillas aut\u00f3gamas en Uruguay?<\/h2>\n<p>La comercializaci\u00f3n de <strong>semillas aut\u00f3gamas<\/strong> en el mercado uruguayo se realiza en el marco del acuerdo &#8220;valor tecnol\u00f3gico&#8221;, donde el productor paga una regal\u00eda por el uso de semillas de propia multiplicaci\u00f3n.<\/p>\n<\/div>\n<div id>\n<p>Este proceso es auditado por la <strong>Asociaci\u00f3n Civil Uruguaya para la Protecci\u00f3n de los Obtentores Vegetales<\/strong> (<strong>Urupov<\/strong>), que a su vez est\u00e1 integrada por las principales compa\u00f1\u00edas semilleras que mantienen operaciones en el mercado uruguayo.<\/p>\n<p><a href=\"https:\/\/www.ambito.com\/uruguay\/ya-se-perdieron-dos-tercios-la-produccion-soja-la-sequia-n5680916\" target=\"_blank\" rel=\"follow noopener\">Luego de la cosecha<\/a>, <strong>los productores informan los kilogramos guardados de cada variedad para utilizaci\u00f3n propia<\/strong>, de no guardar nada, deber\u00e1 informar que destino le da a las semillas.<\/p>\n<p>Despu\u00e9s de la siembra, un inspector de Urupov har\u00e1 una visita para confirmar cu\u00e1nto se sembr\u00f3 de lo que se hab\u00eda declarado como guardado. Una vez verificado, el productor recibir\u00e1 una factura con un monto correspondiente.<\/p>\n<h2>Se perdieron dos tercios de soja por la sequ\u00eda<\/h2>\n<p>La producci\u00f3n de soja este a\u00f1o en <strong>Uruguay<\/strong> ser\u00e1 apenas un tercio de lo obtenido la zafra pasada debido a los <a href=\"https:\/\/www.ambito.com\/uruguay\/las-lluvias-no-llegaron-ser-grandes-noticias-el-campo-n5677073\" target=\"_blank\" rel=\"follow noopener\">efectos devastadores de la <strong>sequ\u00eda extrema<\/strong><\/a> que ni las lluvias recientes podr\u00e1n subsanar.<\/p>\n<p>As\u00ed lo inform\u00f3 el ministro de <strong>Ganader\u00eda, Agricultura y Pesca <\/strong>(<strong>MGAP<\/strong>), <strong>Fernando Mattos,<\/strong> que, en los \u00faltimos meses, le ha tocado dar m\u00e1s malas noticias que buenas. De esta forma, durante la actual zafra se lograr\u00e1n apenas <strong>un mill\u00f3n de toneladas de soja<\/strong>, comparadas con las tres millones obtenidas un a\u00f1o atr\u00e1s.<\/p>\n<\/div>\n","protected":false},"excerpt":{"rendered":"<p>El Instituto Nacional de Semillas (Inase) habilit\u00f3 la comercializaci\u00f3n de semillas de soja fuera de est\u00e1ndar buscando compensar las p\u00e9rdidas de estos cultivos que se han sufrido a causa de la sequ\u00eda. La medida excepcional regir\u00e1 durante la actual zafra 2023\/24. El Inase estableci\u00f3 el valor de germinaci\u00f3n m\u00ednimo autorizado en 70% y advirti\u00f3 que [&hellip;]<\/p>\n","protected":false},"author":2,"featured_media":4674,"comment_status":"closed","ping_status":"closed","sticky":false,"template":"","format":"standard","meta":{"jetpack_post_was_ever_published":false,"_jetpack_newsletter_access":"","_jetpack_dont_email_post_to_subs":false,"_jetpack_newsletter_tier_id":0,"_jetpack_memberships_contains_paywalled_content":false,"_jetpack_memberships_contains_paid_content":false,"footnotes":"","jetpack_publicize_message":"","jetpack_publicize_feature_enabled":true,"jetpack_social_post_already_shared":true,"jetpack_social_options":{"image_generator_settings":{"template":"highway","enabled":false},"version":2}},"categories":[20],"tags":[1286],"class_list":["post-4673","post","type-post","status-publish","format-standard","has-post-thumbnail","hentry","category-mundo","tag-mundo"],"jetpack_publicize_connections":[],"jetpack_featured_media_url":"https:\/\/i0.wp.com\/infolanus.com\/wp-content\/uploads\/2023\/04\/emergencia-agropecuaria-se-habilito-la-comercializacion-de-semillas-de-soja-fuera-de-estandar.jpg?fit=1200%2C675&ssl=1","jetpack_sharing_enabled":true,"jetpack_shortlink":"https:\/\/wp.me\/p9QtMr-1dn","_links":{"self":[{"href":"https:\/\/infolanus.com\/index.php\/wp-json\/wp\/v2\/posts\/4673","targetHints":{"allow":["GET"]}}],"collection":[{"href":"https:\/\/infolanus.com\/index.php\/wp-json\/wp\/v2\/posts"}],"about":[{"href":"https:\/\/infolanus.com\/index.php\/wp-json\/wp\/v2\/types\/post"}],"author":[{"embeddable":true,"href":"https:\/\/infolanus.com\/index.php\/wp-json\/wp\/v2\/users\/2"}],"replies":[{"embeddable":true,"href":"https:\/\/infolanus.com\/index.php\/wp-json\/wp\/v2\/comments?post=4673"}],"version-history":[{"count":0,"href":"https:\/\/infolanus.com\/index.php\/wp-json\/wp\/v2\/posts\/4673\/revisions"}],"wp:featuredmedia":[{"embeddable":true,"href":"https:\/\/infolanus.com\/index.php\/wp-json\/wp\/v2\/media\/4674"}],"wp:attachment":[{"href":"https:\/\/infolanus.com\/index.php\/wp-json\/wp\/v2\/media?parent=4673"}],"wp:term":[{"taxonomy":"category","embeddable":true,"href":"https:\/\/infolanus.com\/index.php\/wp-json\/wp\/v2\/categories?post=4673"},{"taxonomy":"post_tag","embeddable":true,"href":"https:\/\/infolanus.com\/index.php\/wp-json\/wp\/v2\/tags?post=4673"}],"curies":[{"name":"wp","href":"https:\/\/api.w.org\/{rel}","templated":true}]}}