{"id":4677,"date":"2023-04-27T19:55:00","date_gmt":"2023-04-27T22:55:00","guid":{"rendered":"https:\/\/www.inforegion.com.ar\/?p=261787"},"modified":"2023-04-27T19:55:00","modified_gmt":"2023-04-27T22:55:00","slug":"lanus-lo-perseguian-por-robo-y-se-escondio-en-el-lugar-menos-pensado","status":"publish","type":"post","link":"https:\/\/infolanus.com\/index.php\/2023\/04\/27\/lanus-lo-perseguian-por-robo-y-se-escondio-en-el-lugar-menos-pensado\/","title":{"rendered":"Lan\u00fas: lo persegu\u00edan por robo y se escondi\u00f3 en el lugar menos pensado"},"content":{"rendered":"<figure class=\"wp-block-video\"><video controls src=\"https:\/\/www.inforegion.com.ar\/wp-content\/uploads\/2023\/04\/Lanus_-Robo-una-camioneta-huyo-y-se-escondio-en-un-contenedor-de-basura.mp4\"><\/video><\/figure>\n<p>Un hombre de 26 a\u00f1os identificado como Juli\u00e1n R., acusado de haber robado una Renault Trafic decidi\u00f3 que <strong>antes de ser detenido era mejor huir y esconderse para lo que eligi\u00f3 el \u00fanico refugio posible: un contenedor de basura <\/strong>en la esquina de Melo y Pi\u00f1eiro, en pleno centro de Lan\u00fas Oeste. <\/p>\n<p>El suceso ocurri\u00f3 en los \u00faltimos d\u00edas aunque reci\u00e9n hoy tom\u00f3 estado p\u00fablico.<\/p>\n<p>Voceros policiales confirmaron que todo empez\u00f3 cuando los operadores del <strong>Centro de Monitoreo advirtieron que sobre Pi\u00f1eiro<\/strong>, hab\u00eda un auto detenido de manera sospechosa y con las balizas encendidas.<\/p>\n<p>De inmediato comunicaron la novedad y personal de la <strong>Polic\u00eda bonaerense se acerc\u00f3 hasta el lugar, donde encontraron al hombre que conduc\u00eda <\/strong>el autom\u00f3vil quien les explic\u00f3 que hac\u00eda minutos le hab\u00edan robado una Trafic blanca y el hab\u00eda decidido seguir al ladr\u00f3n. <\/p>\n<p>Con esa informaci\u00f3n, los polic\u00edas solicitaron apoyo al Centro de Monitoreo y los operadores <strong>ubicaron la camioneta denunciada en Pi\u00f1eiro y Del Valle Iberlucea<\/strong>, a menos de 200 metros de la estaci\u00f3n de Lan\u00fas.<\/p>\n<p>Tras analizar las im\u00e1genes grabadas por las c\u00e1maras de vigilancia de la zona y, con los datos aportados por la v\u00edctima, <strong>advirtieron a una persona correr 100 metros, hasta Melo y Pi\u00f1eiro, donde se escondi\u00f3 en un contenedor de residuos<\/strong>.<\/p>\n<figure class=\"wp-block-image size-large is-style-default\"><img data-recalc-dims=\"1\" decoding=\"async\" loading=\"lazy\" width=\"640\" height=\"343\" src=\"https:\/\/i0.wp.com\/www.inforegion.com.ar\/wp-content\/uploads\/2023\/04\/image-22-1024x549.png?resize=640%2C343&#038;ssl=1\" alt=\"image 22\" class=\"wp-image-261802\" srcset=\"https:\/\/www.inforegion.com.ar\/wp-content\/uploads\/2023\/04\/image-22-1024x549.png 1024w, https:\/\/www.inforegion.com.ar\/wp-content\/uploads\/2023\/04\/image-22-300x161.png 300w, https:\/\/www.inforegion.com.ar\/wp-content\/uploads\/2023\/04\/image-22-768x412.png 768w, https:\/\/www.inforegion.com.ar\/wp-content\/uploads\/2023\/04\/image-22-320x172.png 320w, https:\/\/www.inforegion.com.ar\/wp-content\/uploads\/2023\/04\/image-22-480x257.png 480w, https:\/\/www.inforegion.com.ar\/wp-content\/uploads\/2023\/04\/image-22-800x429.png 800w, https:\/\/www.inforegion.com.ar\/wp-content\/uploads\/2023\/04\/image-22-335x180.png 335w, https:\/\/www.inforegion.com.ar\/wp-content\/uploads\/2023\/04\/image-22-150x80.png 150w, https:\/\/www.inforegion.com.ar\/wp-content\/uploads\/2023\/04\/image-22.png 1050w\" sizes=\"auto, (max-width: 1024px) 100vw, 1024px\" title=\"Lan\u00fas: lo persegu\u00edan por robo y se escondi\u00f3 en el lugar menos pensado 10\"><\/figure>\n<p>Minutos despu\u00e9s <strong>arribaron a esa esquina clavada en medio polo gastron\u00f3mico de Lanusita dos m\u00f3viles de la polic\u00eda y cuatro agentes <\/strong>quienes obligaron al sujeto a salir de su refugio y entregarse.<\/p>\n<p>El sospechoso identificado como Juli\u00e1n R. fue trasladado a la <strong>Comisar\u00eda 1 de Lan\u00fas <\/strong>donde qued\u00f3 detenido por <strong>hurto de automotor<\/strong>.En esa misma sede qued\u00f3 incautado el veh\u00edculo.<\/p>\n<p>El caso qued\u00f3 a cargo de la <strong>Unidad Fiscal de Instrucci\u00f3n 17 de Lan\u00fas, a cargo de Gast\u00f3n Nahuel Fern\u00e1ndez<\/strong>. <\/p>\n","protected":false},"excerpt":{"rendered":"<p>Un hombre de 26 a\u00f1os identificado como Juli\u00e1n R., acusado de haber robado una Renault Trafic decidi\u00f3 que antes de ser detenido era mejor huir y esconderse para lo que eligi\u00f3 el \u00fanico refugio posible: un contenedor de basura en la esquina de Melo y Pi\u00f1eiro, en pleno centro de Lan\u00fas Oeste. El suceso ocurri\u00f3 [&hellip;]<\/p>\n","protected":false},"author":2,"featured_media":4678,"comment_status":"closed","ping_status":"closed","sticky":false,"template":"","format":"standard","meta":{"jetpack_post_was_ever_published":false,"_jetpack_newsletter_access":"","_jetpack_dont_email_post_to_subs":false,"_jetpack_newsletter_tier_id":0,"_jetpack_memberships_contains_paywalled_content":false,"_jetpack_memberships_contains_paid_content":false,"footnotes":"","jetpack_publicize_message":"","jetpack_publicize_feature_enabled":true,"jetpack_social_post_already_shared":true,"jetpack_social_options":{"image_generator_settings":{"template":"highway","enabled":false},"version":2}},"categories":[19,547],"tags":[773,774,23,706,822,68],"class_list":["post-4677","post","type-post","status-publish","format-standard","has-post-thumbnail","hentry","category-municipio","category-policiales","tag-centrales","tag-destacadas","tag-lanus","tag-persecucion","tag-policiales","tag-robo"],"jetpack_publicize_connections":[],"jetpack_featured_media_url":"https:\/\/i0.wp.com\/infolanus.com\/wp-content\/uploads\/2023\/04\/lanus-lo-perseguian-por-robo-y-se-escondio-en-el-lugar-menos-pensado.png?fit=1024%2C549&ssl=1","jetpack_sharing_enabled":true,"jetpack_shortlink":"https:\/\/wp.me\/p9QtMr-1dr","_links":{"self":[{"href":"https:\/\/infolanus.com\/index.php\/wp-json\/wp\/v2\/posts\/4677","targetHints":{"allow":["GET"]}}],"collection":[{"href":"https:\/\/infolanus.com\/index.php\/wp-json\/wp\/v2\/posts"}],"about":[{"href":"https:\/\/infolanus.com\/index.php\/wp-json\/wp\/v2\/types\/post"}],"author":[{"embeddable":true,"href":"https:\/\/infolanus.com\/index.php\/wp-json\/wp\/v2\/users\/2"}],"replies":[{"embeddable":true,"href":"https:\/\/infolanus.com\/index.php\/wp-json\/wp\/v2\/comments?post=4677"}],"version-history":[{"count":0,"href":"https:\/\/infolanus.com\/index.php\/wp-json\/wp\/v2\/posts\/4677\/revisions"}],"wp:featuredmedia":[{"embeddable":true,"href":"https:\/\/infolanus.com\/index.php\/wp-json\/wp\/v2\/media\/4678"}],"wp:attachment":[{"href":"https:\/\/infolanus.com\/index.php\/wp-json\/wp\/v2\/media?parent=4677"}],"wp:term":[{"taxonomy":"category","embeddable":true,"href":"https:\/\/infolanus.com\/index.php\/wp-json\/wp\/v2\/categories?post=4677"},{"taxonomy":"post_tag","embeddable":true,"href":"https:\/\/infolanus.com\/index.php\/wp-json\/wp\/v2\/tags?post=4677"}],"curies":[{"name":"wp","href":"https:\/\/api.w.org\/{rel}","templated":true}]}}