{"id":4684,"date":"2023-04-28T16:28:00","date_gmt":"2023-04-28T19:28:00","guid":{"rendered":"https:\/\/www.ambito.com\/uruguay\/el-desempleo-subio-una-vez-mas-y-afecta-157000-trabajadores-n5710428"},"modified":"2023-04-28T16:28:00","modified_gmt":"2023-04-28T19:28:00","slug":"el-desempleo-subio-una-vez-mas-y-afecta-a-157-000-trabajadores","status":"publish","type":"post","link":"https:\/\/infolanus.com\/index.php\/2023\/04\/28\/el-desempleo-subio-una-vez-mas-y-afecta-a-157-000-trabajadores\/","title":{"rendered":"El desempleo subi\u00f3 una vez m\u00e1s y afecta a 157.000 trabajadores"},"content":{"rendered":"<div><img data-recalc-dims=\"1\" decoding=\"async\" src=\"https:\/\/i0.wp.com\/media.ambito.com\/p\/dafb728747ca84b576beb4a4ceb7ca41\/adjuntos\/351\/imagenes\/040\/671\/0040671288\/1200x675\/smart\/desempleo-uruguayjpg.jpg?w=640&#038;ssl=1\" class=\"ff-og-image-inserted\"><\/div>\n<div id>\n<p>El<strong> Instituto Nacional de Estad\u00edstica (INE) <\/strong>divulg\u00f3 hoy los datos del mercado de trabajo correspondientes al mes de marzo, registr\u00e1ndose un <strong>aumento en el desempleo<\/strong> cuya tasa a nivel nacional lleg\u00f3 al <strong>8,6%.<\/strong> Esto implica que hay unos <strong>157,000 trabajadores<\/strong> en <a href=\"https:\/\/www.ambito.com\/uruguay\/es-el-pais-mayor-desempleo-juvenil-la-region-n5645465\" target=\"_blank\" rel=\"follow noopener\">condici\u00f3n de desempleados<\/a>.<\/p>\n<\/div>\n<div id>\n<p>Al mismo tiempo, la <strong>tasa de empleo<\/strong> qued\u00f3 en el <strong>57,3%.<\/strong> Este indicador, que es clave para medir la evoluci\u00f3n del mercado de trabajo, ha tenido <strong>movimientos moderados<\/strong> en los \u00faltimos meses y est\u00e1 en niveles similares a los de un a\u00f1o atr\u00e1s.<\/p>\n<\/div>\n<div id>\n<p> <strong>\u00bfPor qu\u00e9 aumenta el desempleo entonces? <\/strong>Seg\u00fan los datos del INE hay un aumento en la oferta de trabajo en el mercado, esto es, hay m\u00e1s uruguayos ofreciendo su trabajo. Y dado que el empleo se mantiene, la mayor oferta de trabajo se refleja en un aumento en el desempleo.<\/p>\n<\/div>\n<div id>\n<h2>El empleo sube en Montevideo pero cae en el resto del pa\u00eds<\/h2>\n<p>Al analizar los datos diferenciados entre <strong>Montevideo <\/strong>y el resto del territorio, se aprecia una evoluci\u00f3n diferente a lo que indican los promedios nacionales comentados. En efecto, mientras en la capital del pa\u00eds se ve un <strong>aumento del empleo <\/strong>respecto a un a\u00f1o atr\u00e1s, <strong>en el resto del pa\u00eds hay una ca\u00edda<\/strong>.<\/p>\n<\/div>\n<div id>\n<p>Si bien son m\u00faltiples los factores que pueden explicar esta diferencia, es notorio que la <strong>afectaci\u00f3n del movimiento comercial en el litoral<\/strong>, por la <strong><a href=\"https:\/\/www.ambito.com\/uruguay\/la-diferencia-cambiaria-argentina-impulsa-el-desempleo-la-frontera-n5623259\" target=\"_blank\" rel=\"follow noopener\">diferencia cambiar\u00eda <\/a><\/strong><a href=\"https:\/\/www.ambito.com\/uruguay\/la-diferencia-cambiaria-argentina-impulsa-el-desempleo-la-frontera-n5623259\" target=\"_blank\" rel=\"follow noopener\"> con <\/a><strong><a href=\"https:\/\/www.ambito.com\/uruguay\/la-diferencia-cambiaria-argentina-impulsa-el-desempleo-la-frontera-n5623259\" target=\"_blank\" rel=\"follow noopener\">Argentina<\/a><\/strong>, est\u00e1 haciendo mella en el empleo en lo que es una de las zonas m\u00e1s pobladas del <strong> Uruguay.<\/strong><\/p>\n<p>Esto se reafirma al analizar los datos del mercado de trabajo en los departamentos fronterizos con Argentina, que est\u00e1n marcando m\u00e1ximos de desempleo en mucho tiempo. El caso m\u00e1s notorio es <strong>Salto,<\/strong> con un <strong>desempleo que ya supera el 14%.<\/strong><\/p>\n<h2>Un mercado cambiante<\/h2>\n<p>El mercado de trabajo en Uruguay muestra \u00e1reas fuertes como la <strong>construcci\u00f3n,<\/strong> que se ha sostenido por la <strong>fuerte inversi\u00f3n en vivienda<\/strong> compensando la reducci\u00f3n paulatina del empleo en las obras de UPM.<\/p>\n<p>Al mismo tiempo, hay una din\u00e1mica intensa en el empleo en el <strong>sector servicios globales<\/strong> o m\u00e1s donde Uruguay se est\u00e1 destacando a nivel regional. A modo de ejemplo la empresa <a href=\"https:\/\/www.ambito.com\/uruguay\/mercado-libre-contratara-mas-13000-personas-la-region-cuantas-n5703899\" target=\"_blank\" rel=\"follow noopener\">Mercado Libre anunci\u00f3 la creaci\u00f3n de 150 puestos de trabajo<\/a> para el \u00e1rea de tecnolog\u00eda aqu\u00ed en Uruguay. Se trata de equipos de trabajo que se ampl\u00edan para los servicios de Mercado Libre en la regi\u00f3n, con remuneraciones superiores al promedio.<\/p>\n<p>Sin embargo, otras \u00e1reas muestran <strong>reducciones en los puestos de trabajo<\/strong>. M\u00e1s all\u00e1 de lo comentado para el litoral, los <strong>servicios presenciales<\/strong> est\u00e1n viviendo un momento de cambio justamente por la ampliaci\u00f3n de los servicios online. Asimismo, el <strong>empleo industrial<\/strong> a\u00fan est\u00e1 por debajo de los niveles prepandemia, en buena medida por los procesos de automatizaci\u00f3n y aumento de productividad. Este es un fen\u00f3meno global y Uruguay no es excepci\u00f3n.<\/p>\n<\/div>\n","protected":false},"excerpt":{"rendered":"<p>El Instituto Nacional de Estad\u00edstica (INE) divulg\u00f3 hoy los datos del mercado de trabajo correspondientes al mes de marzo, registr\u00e1ndose un aumento en el desempleo cuya tasa a nivel nacional lleg\u00f3 al 8,6%. Esto implica que hay unos 157,000 trabajadores en condici\u00f3n de desempleados. Al mismo tiempo, la tasa de empleo qued\u00f3 en el 57,3%. [&hellip;]<\/p>\n","protected":false},"author":2,"featured_media":4685,"comment_status":"closed","ping_status":"closed","sticky":false,"template":"","format":"standard","meta":{"jetpack_post_was_ever_published":false,"_jetpack_newsletter_access":"","_jetpack_dont_email_post_to_subs":false,"_jetpack_newsletter_tier_id":0,"_jetpack_memberships_contains_paywalled_content":false,"_jetpack_memberships_contains_paid_content":false,"footnotes":"","jetpack_publicize_message":"","jetpack_publicize_feature_enabled":true,"jetpack_social_post_already_shared":true,"jetpack_social_options":{"image_generator_settings":{"template":"highway","enabled":false},"version":2}},"categories":[20],"tags":[1286],"class_list":["post-4684","post","type-post","status-publish","format-standard","has-post-thumbnail","hentry","category-mundo","tag-mundo"],"jetpack_publicize_connections":[],"jetpack_featured_media_url":"https:\/\/i0.wp.com\/infolanus.com\/wp-content\/uploads\/2023\/04\/el-desempleo-subio-una-vez-mas-y-afecta-a-157-000-trabajadores.jpg?fit=1200%2C675&ssl=1","jetpack_sharing_enabled":true,"jetpack_shortlink":"https:\/\/wp.me\/p9QtMr-1dy","_links":{"self":[{"href":"https:\/\/infolanus.com\/index.php\/wp-json\/wp\/v2\/posts\/4684","targetHints":{"allow":["GET"]}}],"collection":[{"href":"https:\/\/infolanus.com\/index.php\/wp-json\/wp\/v2\/posts"}],"about":[{"href":"https:\/\/infolanus.com\/index.php\/wp-json\/wp\/v2\/types\/post"}],"author":[{"embeddable":true,"href":"https:\/\/infolanus.com\/index.php\/wp-json\/wp\/v2\/users\/2"}],"replies":[{"embeddable":true,"href":"https:\/\/infolanus.com\/index.php\/wp-json\/wp\/v2\/comments?post=4684"}],"version-history":[{"count":0,"href":"https:\/\/infolanus.com\/index.php\/wp-json\/wp\/v2\/posts\/4684\/revisions"}],"wp:featuredmedia":[{"embeddable":true,"href":"https:\/\/infolanus.com\/index.php\/wp-json\/wp\/v2\/media\/4685"}],"wp:attachment":[{"href":"https:\/\/infolanus.com\/index.php\/wp-json\/wp\/v2\/media?parent=4684"}],"wp:term":[{"taxonomy":"category","embeddable":true,"href":"https:\/\/infolanus.com\/index.php\/wp-json\/wp\/v2\/categories?post=4684"},{"taxonomy":"post_tag","embeddable":true,"href":"https:\/\/infolanus.com\/index.php\/wp-json\/wp\/v2\/tags?post=4684"}],"curies":[{"name":"wp","href":"https:\/\/api.w.org\/{rel}","templated":true}]}}