{"id":4704,"date":"2023-05-01T12:08:00","date_gmt":"2023-05-01T15:08:00","guid":{"rendered":"https:\/\/www.ambito.com\/uruguay\/las-5-claves-entender-la-agenda-economica-y-politica-la-semana-n5711877"},"modified":"2023-05-01T12:08:00","modified_gmt":"2023-05-01T15:08:00","slug":"las-5-claves-para-entender-la-agenda-economica-y-politica-de-la-semana","status":"publish","type":"post","link":"https:\/\/infolanus.com\/index.php\/2023\/05\/01\/las-5-claves-para-entender-la-agenda-economica-y-politica-de-la-semana\/","title":{"rendered":"Las 5 claves para entender la agenda econ\u00f3mica y pol\u00edtica de la semana"},"content":{"rendered":"<div><img data-recalc-dims=\"1\" decoding=\"async\" src=\"https:\/\/i0.wp.com\/media.ambito.com\/p\/b39fdb035e4b7641af8d3646f1718ec5\/adjuntos\/351\/imagenes\/040\/619\/0040619850\/1200x675\/smart\/censo-2023jpg.jpg?w=640&#038;ssl=1\" class=\"ff-og-image-inserted\"><\/div>\n<div id>\n<p>En una semana que comenz\u00f3 pausada por el feriado de este lunes, se espera que los siguientes d\u00edas sean de una gran actividad para un gobierno que enfrentar\u00e1 varios asuntos importantes. Desde la espera de la promulgaci\u00f3n de la <a href=\"https:\/\/www.ambito.com\/uruguay\/la-reforma-la-seguridad-social-es-ley-el-voto-el-senado-n5709921\" target=\"_blank\" rel=\"follow noopener\">reforma de la seguridad social,<\/a> el comienzo de un nuevo mes y la expectativa por el d\u00f3lar, un fin de semana largo plagado de uruguayos en la Argentina, el comienzo del censo y la publicaci\u00f3n del <strong>\u00cdndice de Precios al Consumo (IPC)<\/strong> que se publicar\u00eda este jueves.<\/p>\n<\/div>\n<div id>\n<h2>La promulgaci\u00f3n de una ley esperada por el Ejecutivo<\/h2>\n<p>La semana pasada, en sesi\u00f3n extraordinaria, con 17 votos a favor sobre 28, el Senado termin\u00f3 el trabajo que hab\u00eda empezado en diciembre, cuando le dio la primera aprobaci\u00f3n. El texto fue luego a Diputados, donde <a href=\"https:\/\/www.ambito.com\/uruguay\/luego-la-reforma-la-seguridad-social-en-que-se-diferencia-el-sistema-o-los-la-region-n5711327\" target=\"_blank\" rel=\"follow noopener\">sufri\u00f3 modificaciones tras semanas de arduas negociaciones entre el gobierno<\/a> y<strong> Cabildo Abierto<\/strong>. El <strong>Partido Colorado<\/strong> a \u00faltimo momento sum\u00f3 nuevos cambios, referidos a la escala de edad jubilatoria y al<strong> Impuesto a la Asistencia de la Seguridad Social (IASS).<\/strong><\/p>\n<\/p><\/div>\n<div id>\n<p> El texto volvi\u00f3 al Senado, que no pod\u00eda ya cambiarlo, y \u00fanicamente deb\u00eda aprobar o rechazar lo que lleg\u00f3 de la C\u00e1mara baja. Ahora la reforma de la seguridad social pasa al <strong>Poder Ejecutivo <\/strong>para su promulgaci\u00f3n, lo que se estima ocurrir\u00e1 en breve.<\/p>\n<\/div>\n<div id>\n<h2>\u00bfC\u00f3mo seguir\u00e1 el d\u00f3lar?<\/h2>\n<p>El \u00faltimo d\u00eda h\u00e1bil de abril d\u00f3lar baj\u00f3 un 0,43% respecto al d\u00eda anterior y cerr\u00f3 la semana pasada en 38,783 pesos, seg\u00fan la cotizaci\u00f3n oficial del <strong>Banco Central del Uruguay (BCU).<\/strong> Tras cinco jornadas consecutiva a la baja, la moneda estadounidense repunt\u00f3 en el \u00faltimo d\u00eda del mes y cerr\u00f3 abril con un aumento del 0,35% acumulado.<\/p>\n<\/div>\n<div id>\n<p>En la pizarra del <strong>Banco Rep\u00fablica (BROU)<\/strong>, el d\u00f3lar se ofreci\u00f3 a 37,55 pesos para la compra y 40,15 pesos para la venta. Por su parte, el valor preferencial del D\u00f3lar eBROU estuvo en 38,05 pesos para la compra y 39,65 pesos para la venta.<\/p>\n<p>La \u00faltima operaci\u00f3n de la jornada en la <strong>Bolsa Electr\u00f3nica de Valores del Uruguay (Bevsa)<\/strong>, fue pactada en 38,8 pesos, mientras que el precio promedio de operaciones fue de 38,783 pesos. Hoy, el n\u00famero de transacciones fue de un total de 50, con un monto de operaciones de poco m\u00e1s de 25,1 millones de d\u00f3lares.<\/p>\n<p>El BCU decidi\u00f3 la semana pasada reducir la tasa de inter\u00e9s en 25 puntos porcentuales hasta 11,25% y, aunque se esperaba una reacci\u00f3n del mercado con una presi\u00f3n alcista en el tipo de cambio, el d\u00f3lar no mostr\u00f3 ninguna tendencia a la suba y, de hecho, baj\u00f3 unos cuantos puntos desde entonces.<\/p>\n<h2>\u00c9xodo de uruguayos a la Argentina por el fin de semana largo<\/h2>\n<p>El fin de semana largo por el feriado del D\u00eda del Trabajador de este lunes 1\u00b0 de mayo hizo colapsar las rutas camino a Argentina. Seg\u00fan inform\u00f3 el Ministerio del Interior, salieron casi 14.000 uruguayos del pa\u00eds y las filas de autos para cruzar los puentes internacionales llegaron a ser de hasta 7 kil\u00f3metros al mediod\u00eda del pasado s\u00e1bado.<\/p>\n<p>Es el caso del <strong>puente San Mart\u00edn<\/strong>, que une a la ciudad de <strong>Fray Bentos<\/strong> con Puerto Unzu\u00e9, del otro lado del R\u00edo Uruguay, M\u00e1s tarde, cerca de las 15, esa fila de autos se redujo a los 2,5 kil\u00f3metros, seg\u00fan la Polic\u00eda Caminera.<\/p>\n<p>Los autos comenzaron a llegar por la noche del viernes en todos los pasos fronterizos y ya para la ma\u00f1ana del s\u00e1bado la congesti\u00f3n era notoria. El <strong>puente internacional General Artigas, de Paysand\u00fa<\/strong> a Col\u00f3n, registraba luego del mediod\u00eda una cola de 1,5 kil\u00f3metros. As\u00ed, en el <strong>puente Salto Grande<\/strong>, que une Salto y Concordia, alcanzaba los 800 metros de largo. De acuerdo a la informaci\u00f3n de la cartera, salieron 13.798 uruguayos solo este s\u00e1bado: 6.673 por <strong>Fray Bentos<\/strong>; 3.597 por <strong>Salto<\/strong>; y 3.528 por <strong>Paysand\u00fa<\/strong>.<\/p>\n<h2>Sigue el censo<\/h2>\n<p>El <strong>Censo Nacional 2023<\/strong> comenz\u00f3 este s\u00e1bado en todo <strong>Uruguay:<\/strong> la primera etapa ser\u00e1 de forma online, mientras que a partir del 17 de mayo los censistas har\u00e1n el relevamiento presencial, de acuerdo a lo anunciado por el <strong>Instituto Nacional de Estad\u00edstica (INE)<\/strong>.<\/p>\n<p>El censo de poblaci\u00f3n, hogares y vivienda <strong>examinar\u00e1 1.500.000 hogares en 650 localidades<\/strong>, y tendr\u00e1 la novedad de completar los registros a trav\u00e9s de una p\u00e1gina web, accesible desde cualquier dispositivo m\u00f3vil con conexi\u00f3n a internet.<\/p>\n<p>Para completar el Censo 2023 en su formato digital, la persona deber\u00e1 ingresar al sitio web censo2023.uy e ingresar los datos que se solicitan.<\/p>\n<p>Se pedir\u00e1 el n\u00famero de medidor y de cuenta de <strong>UTE<\/strong>, -que se encuentran en la factura del servicio- a los efectos de georeferenciar exactamente la vivienda, inform\u00f3 el INE. Quien completa el cuestionario deber\u00e1 contar con la informaci\u00f3n de todos los miembros o tener una instancia de reuni\u00f3n conjunta para agilizar el llenado.<\/p>\n<p>Al finalizar el cuestionario, se generar\u00e1 un <strong>c\u00f3digo de finalizaci\u00f3n<\/strong> que se deber\u00e1 guardar para cuando sea solicitado por el\/la censista, que visitar\u00e1 la vivienda en la segunda etapa del Censo 2023, a partir del 17 de mayo.<\/p>\n<h2>Publicaci\u00f3n del IPC<\/h2>\n<p>Este jueves se espera la publicaci\u00f3n del \u00cdndice de Precios del Consumo (IPC). El anterior <strong>el IPC subi\u00f3 0,9%<\/strong>, impulsado particularmente por el <strong>aumento en precios de frutas y verduras<\/strong>, que fue de <strong>10,9% y 12,3%<\/strong>, respectivamente. Esto se vio reflejado por el impacto de la sequ\u00eda que hizo subir el precio de varios de dichos productos.<\/p>\n<p>Sin embargo, el mantenimiento en <strong>el precio de los combustibles<\/strong> y la baja en algunos otros precios de servicios, est\u00e1n haciendo retroceder la inflaci\u00f3n medida en t\u00e9rminos anuales. En efecto,<strong> en marzo la inflaci\u00f3n anual baj\u00f3 al 7,33%<\/strong>, luego de haberse ubicado en 7,55% en febrero. Se concreta as\u00ed la sexta baja consecutiva de la inflaci\u00f3n anual en <strong>Uruguay<\/strong>, despu\u00e9s de haber alcanzado un pico de casi 10% en septiembre del a\u00f1o pasado. El registro de marzo es la m\u00ednima inflaci\u00f3n anual desde julio de 2021.<\/p>\n<\/div>\n","protected":false},"excerpt":{"rendered":"<p>En una semana que comenz\u00f3 pausada por el feriado de este lunes, se espera que los siguientes d\u00edas sean de una gran actividad para un gobierno que enfrentar\u00e1 varios asuntos importantes. Desde la espera de la promulgaci\u00f3n de la reforma de la seguridad social, el comienzo de un nuevo mes y la expectativa por el [&hellip;]<\/p>\n","protected":false},"author":2,"featured_media":4705,"comment_status":"closed","ping_status":"closed","sticky":false,"template":"","format":"standard","meta":{"jetpack_post_was_ever_published":false,"_jetpack_newsletter_access":"","_jetpack_dont_email_post_to_subs":false,"_jetpack_newsletter_tier_id":0,"_jetpack_memberships_contains_paywalled_content":false,"_jetpack_memberships_contains_paid_content":false,"footnotes":"","jetpack_publicize_message":"","jetpack_publicize_feature_enabled":true,"jetpack_social_post_already_shared":true,"jetpack_social_options":{"image_generator_settings":{"template":"highway","enabled":false},"version":2}},"categories":[20],"tags":[1286],"class_list":["post-4704","post","type-post","status-publish","format-standard","has-post-thumbnail","hentry","category-mundo","tag-mundo"],"jetpack_publicize_connections":[],"jetpack_featured_media_url":"https:\/\/i0.wp.com\/infolanus.com\/wp-content\/uploads\/2023\/05\/las-5-claves-para-entender-la-agenda-economica-y-politica-de-la-semana.jpg?fit=1200%2C675&ssl=1","jetpack_sharing_enabled":true,"jetpack_shortlink":"https:\/\/wp.me\/p9QtMr-1dS","_links":{"self":[{"href":"https:\/\/infolanus.com\/index.php\/wp-json\/wp\/v2\/posts\/4704","targetHints":{"allow":["GET"]}}],"collection":[{"href":"https:\/\/infolanus.com\/index.php\/wp-json\/wp\/v2\/posts"}],"about":[{"href":"https:\/\/infolanus.com\/index.php\/wp-json\/wp\/v2\/types\/post"}],"author":[{"embeddable":true,"href":"https:\/\/infolanus.com\/index.php\/wp-json\/wp\/v2\/users\/2"}],"replies":[{"embeddable":true,"href":"https:\/\/infolanus.com\/index.php\/wp-json\/wp\/v2\/comments?post=4704"}],"version-history":[{"count":0,"href":"https:\/\/infolanus.com\/index.php\/wp-json\/wp\/v2\/posts\/4704\/revisions"}],"wp:featuredmedia":[{"embeddable":true,"href":"https:\/\/infolanus.com\/index.php\/wp-json\/wp\/v2\/media\/4705"}],"wp:attachment":[{"href":"https:\/\/infolanus.com\/index.php\/wp-json\/wp\/v2\/media?parent=4704"}],"wp:term":[{"taxonomy":"category","embeddable":true,"href":"https:\/\/infolanus.com\/index.php\/wp-json\/wp\/v2\/categories?post=4704"},{"taxonomy":"post_tag","embeddable":true,"href":"https:\/\/infolanus.com\/index.php\/wp-json\/wp\/v2\/tags?post=4704"}],"curies":[{"name":"wp","href":"https:\/\/api.w.org\/{rel}","templated":true}]}}