{"id":4747,"date":"2023-05-08T00:00:00","date_gmt":"2023-05-08T03:00:00","guid":{"rendered":"https:\/\/www.ambito.com\/repatriaron-los-115-migrantes-venezolanos-que-estaban-atrapados-un-limbo-fronterizo-n5717148"},"modified":"2023-05-08T00:00:00","modified_gmt":"2023-05-08T03:00:00","slug":"repatriaron-a-los-115-migrantes-venezolanos-que-estaban-atrapados-en-un-limbo-fronterizo","status":"publish","type":"post","link":"https:\/\/infolanus.com\/index.php\/2023\/05\/08\/repatriaron-a-los-115-migrantes-venezolanos-que-estaban-atrapados-en-un-limbo-fronterizo\/","title":{"rendered":"Repatriaron a los 115 migrantes venezolanos que estaban atrapados en un limbo fronterizo"},"content":{"rendered":"<p><!-- { REGION4 --> <\/p>\n<header class=\"news-headline\">\n<div class=\"news-headline__topics-and-date-wrapper\"> <span class=\"news-headline__publication-date\"> 8 de mayo 2023 &#8211; 00:00 <\/span><\/div>\n<\/header>\n<div class=\"detail-highlighted-multimedia content-protected-true\">\n<figure class=\"detail-highlighted-multimedia__figure\"> <img data-recalc-dims=\"1\" loading=\"lazy\" decoding=\"async\" src=\"https:\/\/i0.wp.com\/media.ambito.com\/p\/2f6b49467493dd601e810d7fe67ee719\/adjuntos\/239\/imagenes\/040\/690\/0040690317\/655x368\/smart\/inter-chile-migratio_optjpeg.jpeg?resize=640%2C427&#038;ssl=1\" class=\"detail-highlighted-multimedia__figure-img img-fluid\" alt=\"INTER - CHILE-MIGRATIO_opt.jpeg\" width=\"640\" height=\"427\"> <\/figure>\n<\/div>\n<article class=\"article-body article-body--first-paragraph content-protected-true\" data-td-script-src=\"https:\/\/www.ambito.com\/td\/modulos\/encuestas\/js\/function-embeds-min-version-1660312110.js\" readability=\"30\">\n<p>Caracas &#8211; Un grupo de 115 migrantes venezolanos retorn\u00f3 ayer a Venezuela desde el norte de Chile (foto), en un vuelo de repatriaci\u00f3n de personas que llevaban semanas varadas en la frontera con Per\u00fa.<\/p>\n<\/article>\n<article class=\"article-body article-body--second-paragraph content-protected-true\" readability=\"34\">\n<p>Estas personas no pudieron ingresar a Chile debido al endurecimiento de los controles migratorios por parte del Gobierno del izquierdista Gabriel Boric. Por su parte, Per\u00fa les hab\u00eda impedido el paso alegando falta de documentaci\u00f3n, pero adem\u00e1s militariz\u00f3 sus fronteras por 60 d\u00edas para reforzar la vigilancia y enfrentar la inseguridad por cr\u00edmenes asociados a extranjeros, seg\u00fan argument\u00f3 la presidenta, Dina Boluarte.<\/p>\n<\/article>\n<section class=\"related-news\"> <span class=\"related-news__title\">Informate m\u00e1s<\/span> <\/p>\n<div class=\"row row--eq-height\">\n<div class=\"col-12 col-md-6\">\n<article class=\"news-article news-article--landscape-news news-article--landscape-news\">\n<figure class=\"news-article__figure figure\"> <a href=\"https:\/\/www.ambito.com\/energia\/presentan-las-primeras-celdas-y-baterias-litio-argentinas-n5717137\" target title=\"\u00e1mbito.com | Presentan las primeras celdas y bater\u00edas de litio argentinas\" alt=\"\u00e1mbito.com | Presentan las primeras celdas y bater\u00edas de litio argentinas\" rel=\"noindex nofollow noreferrer\"> <img loading=\"lazy\" decoding=\"async\" src=\"https:\/\/www.ambito.com\/css-custom\/239\/lazy.svg\" data-td-src-property=\"https:\/\/media.ambito.com\/p\/7bf235e26ffb09c496e496ad1765dce0\/adjuntos\/239\/imagenes\/040\/690\/0040690314\/93x52\/smart\/1jpg.jpg\" alt=\"presentan las primeras celdas y baterias de litio argentinas\" title=\"presentan las primeras celdas y baterias de litio argentinas\" width=\"93\" height=\"52\" class=\"news-article__figure-img figure-img img-fluid\"> <\/a><\/figure>\n<\/article><\/div>\n<\/p><\/div>\n<\/section>\n<article class=\"article-body article-body--third-paragraph content-protected-true\" readability=\"32\">\n<p>\u201cEste primer vuelo de retorno de venezolanos a su tierra de origen, es un triunfo diplom\u00e1tico y un triunfo del di\u00e1logo y de quienes buscamos soluciones\u201d, dijo el presidente Boric a la prensa tras emitir su voto para la elecci\u00f3n del Consejo Constitucional que redactar\u00e1 una nueva Constituci\u00f3n para su pa\u00eds (ver nota aparte).<\/p>\n<\/article>\n<article class=\"article-body article-body--fourth-paragraph content-protected-true\" readability=\"30\">\n<p>Seg\u00fan la ONU, unos 7,2 millones de venezolanos han abandonado su pa\u00eds forzados por una crisis generalizada.<\/p>\n<\/article>\n<article class=\"article-body article-body--remaining-paragraph content-protected-true\" readability=\"29\">\n<p>Las autoridades chilenas afirmaron que se trata de un primer vuelo de repatriaci\u00f3n. Otros aviones deber\u00edan salir pr\u00f3ximamente, aunque no necesariamente desde Arica.<\/p>\n<\/article>\n<p> <!-- REGION4 } --> <\/p>\n","protected":false},"excerpt":{"rendered":"<p>8 de mayo 2023 &#8211; 00:00 Caracas &#8211; Un grupo de 115 migrantes venezolanos retorn\u00f3 ayer a Venezuela desde el norte de Chile (foto), en un vuelo de repatriaci\u00f3n de personas que llevaban semanas varadas en la frontera con Per\u00fa. Estas personas no pudieron ingresar a Chile debido al endurecimiento de los controles migratorios por [&hellip;]<\/p>\n","protected":false},"author":2,"featured_media":4748,"comment_status":"closed","ping_status":"closed","sticky":false,"template":"","format":"standard","meta":{"jetpack_post_was_ever_published":false,"_jetpack_newsletter_access":"","_jetpack_dont_email_post_to_subs":false,"_jetpack_newsletter_tier_id":0,"_jetpack_memberships_contains_paywalled_content":false,"_jetpack_memberships_contains_paid_content":false,"footnotes":"","jetpack_publicize_message":"","jetpack_publicize_feature_enabled":true,"jetpack_social_post_already_shared":true,"jetpack_social_options":{"image_generator_settings":{"template":"highway","enabled":false},"version":2}},"categories":[20],"tags":[1287],"class_list":["post-4747","post","type-post","status-publish","format-standard","has-post-thumbnail","hentry","category-mundo","tag-edicion-impresa"],"jetpack_publicize_connections":[],"jetpack_featured_media_url":"https:\/\/i0.wp.com\/infolanus.com\/wp-content\/uploads\/2023\/05\/repatriaron-a-los-115-migrantes-venezolanos-que-estaban-atrapados-en-un-limbo-fronterizo.jpg?fit=655%2C368&ssl=1","jetpack_sharing_enabled":true,"jetpack_shortlink":"https:\/\/wp.me\/p9QtMr-1ez","_links":{"self":[{"href":"https:\/\/infolanus.com\/index.php\/wp-json\/wp\/v2\/posts\/4747","targetHints":{"allow":["GET"]}}],"collection":[{"href":"https:\/\/infolanus.com\/index.php\/wp-json\/wp\/v2\/posts"}],"about":[{"href":"https:\/\/infolanus.com\/index.php\/wp-json\/wp\/v2\/types\/post"}],"author":[{"embeddable":true,"href":"https:\/\/infolanus.com\/index.php\/wp-json\/wp\/v2\/users\/2"}],"replies":[{"embeddable":true,"href":"https:\/\/infolanus.com\/index.php\/wp-json\/wp\/v2\/comments?post=4747"}],"version-history":[{"count":0,"href":"https:\/\/infolanus.com\/index.php\/wp-json\/wp\/v2\/posts\/4747\/revisions"}],"wp:featuredmedia":[{"embeddable":true,"href":"https:\/\/infolanus.com\/index.php\/wp-json\/wp\/v2\/media\/4748"}],"wp:attachment":[{"href":"https:\/\/infolanus.com\/index.php\/wp-json\/wp\/v2\/media?parent=4747"}],"wp:term":[{"taxonomy":"category","embeddable":true,"href":"https:\/\/infolanus.com\/index.php\/wp-json\/wp\/v2\/categories?post=4747"},{"taxonomy":"post_tag","embeddable":true,"href":"https:\/\/infolanus.com\/index.php\/wp-json\/wp\/v2\/tags?post=4747"}],"curies":[{"name":"wp","href":"https:\/\/api.w.org\/{rel}","templated":true}]}}