{"id":4759,"date":"2023-05-10T00:00:00","date_gmt":"2023-05-10T03:00:00","guid":{"rendered":"https:\/\/www.ambito.com\/en-el-dia-la-victoria-contra-el-nazismo-putin-prometio-evitar-que-occidente-hunda-rusia-n5719134"},"modified":"2023-05-10T00:00:00","modified_gmt":"2023-05-10T03:00:00","slug":"en-el-dia-de-la-victoria-contra-el-nazismo-putin-prometio-evitar-que-occidente-hunda-a-rusia","status":"publish","type":"post","link":"https:\/\/infolanus.com\/index.php\/2023\/05\/10\/en-el-dia-de-la-victoria-contra-el-nazismo-putin-prometio-evitar-que-occidente-hunda-a-rusia\/","title":{"rendered":"En el D\u00eda de la Victoria contra el nazismo, Putin prometi\u00f3 evitar que Occidente \u201chunda\u201d a Rusia"},"content":{"rendered":"<p><!-- { REGION4 --> <\/p>\n<header class=\"news-headline\">\n<div class=\"news-headline__topics-and-date-wrapper\"> <span class=\"news-headline__publication-date\"> 10 de mayo 2023 &#8211; 00:00 <\/span><\/div>\n<\/header>\n<div class=\"detail-highlighted-multimedia content-protected-true\">\n<figure class=\"detail-highlighted-multimedia__figure\"> <img data-recalc-dims=\"1\" loading=\"lazy\" decoding=\"async\" src=\"https:\/\/i0.wp.com\/media.ambito.com\/p\/720499aac84985688a21306bbaf40155\/adjuntos\/239\/imagenes\/040\/696\/0040696198\/655x368\/smart\/inter-ww2-anniversar_optjpeg.jpeg?resize=640%2C411&#038;ssl=1\" class=\"detail-highlighted-multimedia__figure-img img-fluid\" alt=\"INTER - WW2-ANNIVERSAR_opt.jpeg\" width=\"640\" height=\"411\"> <\/figure>\n<\/div>\n<article class=\"article-body article-body--first-paragraph content-protected-true\" data-td-script-src=\"https:\/\/www.ambito.com\/td\/modulos\/encuestas\/js\/function-embeds-min-version-1660312119.js\" readability=\"31\">\n<p>Mosc\u00fa &#8211; El presidente Vlad\u00edmir Putin (foto) prometi\u00f3 ayer que Rusia saldr\u00e1 victoriosa en Ucrania y culp\u00f3 a Occidente del conflicto, al cual compar\u00f3 con la Segunda Guerra Mundial, durante un desfile militar en la Plaza Roja para conmemorar el triunfo sobre los nazis.<\/p>\n<\/article>\n<article class=\"article-body article-body--second-paragraph content-protected-true\" readability=\"32\">\n<p>En la misma jornada, Estados Unidos anunci\u00f3 un nuevo paquete de asistencia militar para Ucrania por 1.200 millones de d\u00f3lares destinado a mejorar sus defensas a\u00e9reas y dar munici\u00f3n adicional para su artiller\u00eda. M\u00e1s de un a\u00f1o despu\u00e9s de haber lanzado la ofensiva en Ucrania, Putin dijo ante las columnas de militares vestidos de gala que desfilaron en Mosc\u00fa que el futuro del pa\u00eds depende de los soldados que combaten en Ucrania.<\/p>\n<\/article>\n<section class=\"related-news\"> <span class=\"related-news__title\">Informate m\u00e1s<\/span> <\/p>\n<div class=\"row row--eq-height\">\n<div class=\"col-12 col-md-6\">\n<article class=\"news-article news-article--landscape-news news-article--landscape-news\">\n<figure class=\"news-article__figure figure\"> <a href=\"https:\/\/www.ambito.com\/autos\/stellantis-produjo-el-cronos-no-300000-n5718023\" target title=\"\u00e1mbito.com | Stellantis produjo el Cronos No 300.000\" alt=\"\u00e1mbito.com | Stellantis produjo el Cronos No 300.000\" rel=\"noindex nofollow noreferrer\"> <img loading=\"lazy\" decoding=\"async\" src=\"https:\/\/www.ambito.com\/css-custom\/239\/lazy.svg\" data-td-src-property=\"https:\/\/media.ambito.com\/p\/bb79ec7bf0b331f3073c17096b6a9816\/adjuntos\/239\/imagenes\/040\/692\/0040692985\/93x52\/smart\/1jpg.jpg\" alt=\"stellantis produjo el cronos no 300.000\" title=\"stellantis produjo el cronos no 300.000\" width=\"93\" height=\"52\" class=\"news-article__figure-img figure-img img-fluid\"> <\/a><\/figure>\n<\/article><\/div>\n<div class=\"col-12 col-md-6\">\n<article class=\"news-article news-article--landscape-news news-article--landscape-news\">\n<figure class=\"news-article__figure figure\"> <a href=\"https:\/\/www.ambito.com\/autos\/eficiencia-las-flotas-n5718028\" target title=\"\u00e1mbito.com | Eficiencia de las flotas\" alt=\"\u00e1mbito.com | Eficiencia de las flotas\" rel=\"noindex nofollow noreferrer\"> <img loading=\"lazy\" decoding=\"async\" src=\"https:\/\/www.ambito.com\/css-custom\/239\/lazy.svg\" data-td-src-property=\"https:\/\/media.ambito.com\/p\/ddc335336d44cbd402d76b1e7b853115\/adjuntos\/239\/imagenes\/040\/692\/0040692990\/93x52\/smart\/1jpg.jpg\" alt=\"eficiencia de las flotas\" title=\"eficiencia de las flotas\" width=\"93\" height=\"52\" class=\"news-article__figure-img figure-img img-fluid\"> <\/a><\/figure>\n<\/article><\/div>\n<\/div>\n<\/section>\n<article class=\"article-body article-body--third-paragraph content-protected-true\" readability=\"35\">\n<p>El discurso de Putin fue eclipsado por las desafiantes declaraciones del jefe del grupo paramilitar ruso Wagner, Yevgueni Prigozhin, que lucha en Ucrania, que lanz\u00f3 duras acusaciones contra los militares rusos. Putin afirm\u00f3 en su discurso ante miles de soldados, pol\u00edticos rusos y varios dirigentes de exrep\u00fablicas sovi\u00e9ticas que \u201cla civilizaci\u00f3n se encuentra de nuevo en un punto de inflexi\u00f3n\u201d. \u201cSe desencaden\u00f3 una guerra contra nuestra patria\u201d, afirm\u00f3.<\/p>\n<\/article>\n<article class=\"article-body article-body--fourth-paragraph content-protected-true\" readability=\"33\">\n<p>El mandatario se dirigi\u00f3 a las fuerzas rusas, sobre todo a los cientos de miles de reservistas movilizados: \u201cel futuro de nuestro Estado y de nuestro pueblo depende de ustedes\u201d, insisti\u00f3, acusando de nuevo a las potencias occidentales de utilizar a Ucrania para conseguir \u201cel hundimiento y la destrucci\u00f3n\u201d de su pa\u00eds.<\/p>\n<\/article>\n<article class=\"article-body article-body--remaining-paragraph content-protected-true\" readability=\"36\">\n<p>\u201c\u00a1Por Rusia, por nuestras valientes fuerzas armadas, por la victoria! \u00a1Hurra!\u201d, clam\u00f3 antes de dar paso a la marcha de miles de militares.<\/p>\n<p>El l\u00edder de Wagner habl\u00f3 al mismo tiempo que Putin y acus\u00f3 a unidades del ej\u00e9rcito regular ruso de haber abandonado sus posiciones cerca de Bajmut, localidad del este de Ucrania donde est\u00e1n concentrados los combates.<\/p>\n<\/article>\n<p> <!-- REGION4 } --> <\/p>\n","protected":false},"excerpt":{"rendered":"<p>10 de mayo 2023 &#8211; 00:00 Mosc\u00fa &#8211; El presidente Vlad\u00edmir Putin (foto) prometi\u00f3 ayer que Rusia saldr\u00e1 victoriosa en Ucrania y culp\u00f3 a Occidente del conflicto, al cual compar\u00f3 con la Segunda Guerra Mundial, durante un desfile militar en la Plaza Roja para conmemorar el triunfo sobre los nazis. En la misma jornada, Estados [&hellip;]<\/p>\n","protected":false},"author":2,"featured_media":4760,"comment_status":"closed","ping_status":"closed","sticky":false,"template":"","format":"standard","meta":{"jetpack_post_was_ever_published":false,"_jetpack_newsletter_access":"","_jetpack_dont_email_post_to_subs":false,"_jetpack_newsletter_tier_id":0,"_jetpack_memberships_contains_paywalled_content":false,"_jetpack_memberships_contains_paid_content":false,"footnotes":"","jetpack_publicize_message":"","jetpack_publicize_feature_enabled":true,"jetpack_social_post_already_shared":true,"jetpack_social_options":{"image_generator_settings":{"template":"highway","enabled":false},"version":2}},"categories":[20],"tags":[1287],"class_list":["post-4759","post","type-post","status-publish","format-standard","has-post-thumbnail","hentry","category-mundo","tag-edicion-impresa"],"jetpack_publicize_connections":[],"jetpack_featured_media_url":"https:\/\/i0.wp.com\/infolanus.com\/wp-content\/uploads\/2023\/05\/en-el-dia-de-la-victoria-contra-el-nazismo-putin-prometio-evitar-que-occidente-hunda-a-rusia.jpg?fit=655%2C368&ssl=1","jetpack_sharing_enabled":true,"jetpack_shortlink":"https:\/\/wp.me\/p9QtMr-1eL","_links":{"self":[{"href":"https:\/\/infolanus.com\/index.php\/wp-json\/wp\/v2\/posts\/4759","targetHints":{"allow":["GET"]}}],"collection":[{"href":"https:\/\/infolanus.com\/index.php\/wp-json\/wp\/v2\/posts"}],"about":[{"href":"https:\/\/infolanus.com\/index.php\/wp-json\/wp\/v2\/types\/post"}],"author":[{"embeddable":true,"href":"https:\/\/infolanus.com\/index.php\/wp-json\/wp\/v2\/users\/2"}],"replies":[{"embeddable":true,"href":"https:\/\/infolanus.com\/index.php\/wp-json\/wp\/v2\/comments?post=4759"}],"version-history":[{"count":0,"href":"https:\/\/infolanus.com\/index.php\/wp-json\/wp\/v2\/posts\/4759\/revisions"}],"wp:featuredmedia":[{"embeddable":true,"href":"https:\/\/infolanus.com\/index.php\/wp-json\/wp\/v2\/media\/4760"}],"wp:attachment":[{"href":"https:\/\/infolanus.com\/index.php\/wp-json\/wp\/v2\/media?parent=4759"}],"wp:term":[{"taxonomy":"category","embeddable":true,"href":"https:\/\/infolanus.com\/index.php\/wp-json\/wp\/v2\/categories?post=4759"},{"taxonomy":"post_tag","embeddable":true,"href":"https:\/\/infolanus.com\/index.php\/wp-json\/wp\/v2\/tags?post=4759"}],"curies":[{"name":"wp","href":"https:\/\/api.w.org\/{rel}","templated":true}]}}