{"id":4765,"date":"2023-05-11T00:00:00","date_gmt":"2023-05-11T03:00:00","guid":{"rendered":"https:\/\/www.ambito.com\/el-mercado-le-da-la-espalda-lula-n5720153"},"modified":"2023-05-11T00:00:00","modified_gmt":"2023-05-11T03:00:00","slug":"el-mercado-le-da-la-espalda-a-lula","status":"publish","type":"post","link":"https:\/\/infolanus.com\/index.php\/2023\/05\/11\/el-mercado-le-da-la-espalda-a-lula\/","title":{"rendered":"El mercado le da la espalda a Lula"},"content":{"rendered":"<div><img data-recalc-dims=\"1\" decoding=\"async\" src=\"https:\/\/i0.wp.com\/www.ambito.com\/css-custom\/239\/images\/ogimage-239.png?w=640&#038;ssl=1\" class=\"ff-og-image-inserted\"><\/div>\n<div id>\n<p>Brasilia &#8211; El Gobierno del presidente brasile\u00f1o, Luiz In\u00e1cio Lula da Silva, no est\u00e1 contando con los favores del mercado financiero: el 86% de los analistas entrevistados lo eval\u00faan como negativo, mientras que solo el 2% lo considera positivo y el 12% regular.<\/p>\n<\/div>\n<div id>\n<p>El instituto Genial\/Quaestealiz\u00f3 92 entrevistas con fondos de inversi\u00f3n con sede en San Pablo y R\u00edo de Janeiro entre el 4 y el 8 de mayo. <\/p>\n<\/div>\n<div id>\n<p>La evaluaci\u00f3n negativa registr\u00f3 una ligera disminuci\u00f3n con respecto a la encuesta realizada por el mismo instituto en marzo. En ese momento, la calificaci\u00f3n negativa era del 90% y la calificaci\u00f3n regular era del 10%, sin porcentaje positivo.<\/p>\n<\/div>\n<div id>\n<p>En cambio, la valoraci\u00f3n de la labor del ministro de Hacienda, Fernando Haddad, fue mejor: un 37% lo juzg\u00f3 negativamente, el mismo porcentaje de quienes lo consideraron regular, mientras que un 26 % lo consider\u00f3 positivo.<\/p>\n<p>La encuesta se revel\u00f3 dos d\u00edas despu\u00e9s que el viceministro de Econom\u00eda de Brasil, Gabriel Gal\u00edpolo, fuera designado director de Pol\u00edtica Econ\u00f3mica del Banco Central, en una medida que intenta confrontar la pol\u00edtica monetaria que lleva el titular de la autoridad monetaria, el bolsonarista Roberto Campos Neto, con mandato legal hasta 2024 y acusado de elevar la tasa de inter\u00e9s b\u00e1sica para enfriar la econom\u00eda.<\/p>\n<p>Lula acusa a Campos Neto de tener de \u201creh\u00e9n\u201d a Brasil por mantener la tasa de inter\u00e9s desde setiembre en el 13,75% con el objetivo de llegar a la meta del 3,25% de inflaci\u00f3n en 2023, una pol\u00edtica que, seg\u00fan el mandatario, aumenta el lucro de los tenedores de t\u00edtulos y causa efectos recesivos en la econom\u00eda.<\/p>\n<\/div>\n","protected":false},"excerpt":{"rendered":"<p>Brasilia &#8211; El Gobierno del presidente brasile\u00f1o, Luiz In\u00e1cio Lula da Silva, no est\u00e1 contando con los favores del mercado financiero: el 86% de los analistas entrevistados lo eval\u00faan como negativo, mientras que solo el 2% lo considera positivo y el 12% regular. El instituto Genial\/Quaestealiz\u00f3 92 entrevistas con fondos de inversi\u00f3n con sede en [&hellip;]<\/p>\n","protected":false},"author":2,"featured_media":4766,"comment_status":"closed","ping_status":"closed","sticky":false,"template":"","format":"standard","meta":{"jetpack_post_was_ever_published":false,"_jetpack_newsletter_access":"","_jetpack_dont_email_post_to_subs":false,"_jetpack_newsletter_tier_id":0,"_jetpack_memberships_contains_paywalled_content":false,"_jetpack_memberships_contains_paid_content":false,"footnotes":"","jetpack_publicize_message":"","jetpack_publicize_feature_enabled":true,"jetpack_social_post_already_shared":true,"jetpack_social_options":{"image_generator_settings":{"template":"highway","enabled":false},"version":2}},"categories":[20],"tags":[1287],"class_list":["post-4765","post","type-post","status-publish","format-standard","has-post-thumbnail","hentry","category-mundo","tag-edicion-impresa"],"jetpack_publicize_connections":[],"jetpack_featured_media_url":"https:\/\/i0.wp.com\/infolanus.com\/wp-content\/uploads\/2023\/05\/el-mercado-le-da-la-espalda-a-lula.png?fit=1200%2C1200&ssl=1","jetpack_sharing_enabled":true,"jetpack_shortlink":"https:\/\/wp.me\/p9QtMr-1eR","_links":{"self":[{"href":"https:\/\/infolanus.com\/index.php\/wp-json\/wp\/v2\/posts\/4765","targetHints":{"allow":["GET"]}}],"collection":[{"href":"https:\/\/infolanus.com\/index.php\/wp-json\/wp\/v2\/posts"}],"about":[{"href":"https:\/\/infolanus.com\/index.php\/wp-json\/wp\/v2\/types\/post"}],"author":[{"embeddable":true,"href":"https:\/\/infolanus.com\/index.php\/wp-json\/wp\/v2\/users\/2"}],"replies":[{"embeddable":true,"href":"https:\/\/infolanus.com\/index.php\/wp-json\/wp\/v2\/comments?post=4765"}],"version-history":[{"count":0,"href":"https:\/\/infolanus.com\/index.php\/wp-json\/wp\/v2\/posts\/4765\/revisions"}],"wp:featuredmedia":[{"embeddable":true,"href":"https:\/\/infolanus.com\/index.php\/wp-json\/wp\/v2\/media\/4766"}],"wp:attachment":[{"href":"https:\/\/infolanus.com\/index.php\/wp-json\/wp\/v2\/media?parent=4765"}],"wp:term":[{"taxonomy":"category","embeddable":true,"href":"https:\/\/infolanus.com\/index.php\/wp-json\/wp\/v2\/categories?post=4765"},{"taxonomy":"post_tag","embeddable":true,"href":"https:\/\/infolanus.com\/index.php\/wp-json\/wp\/v2\/tags?post=4765"}],"curies":[{"name":"wp","href":"https:\/\/api.w.org\/{rel}","templated":true}]}}