{"id":4779,"date":"2023-05-12T17:37:18","date_gmt":"2023-05-12T20:37:18","guid":{"rendered":"https:\/\/www.ambito.com\/mundo\/elecciones-espana-denuncian-un-partido-presentar-exetarras-sus-listas-n5721904"},"modified":"2023-05-12T17:37:18","modified_gmt":"2023-05-12T20:37:18","slug":"elecciones-en-espana-denuncian-a-un-partido-por-presentar-exetarras-en-sus-listas","status":"publish","type":"post","link":"https:\/\/infolanus.com\/index.php\/2023\/05\/12\/elecciones-en-espana-denuncian-a-un-partido-por-presentar-exetarras-en-sus-listas\/","title":{"rendered":"Elecciones en Espa\u00f1a: denuncian a un partido por presentar exetarras en sus listas"},"content":{"rendered":"<div><img data-recalc-dims=\"1\" decoding=\"async\" src=\"https:\/\/i0.wp.com\/media.ambito.com\/p\/4e712fecabb0ace1f3879bd6e8ebb27c\/adjuntos\/239\/imagenes\/040\/704\/0040704436\/elecciones-espanajpeg.jpeg?w=640&#038;ssl=1\" class=\"ff-og-image-inserted\"><\/div>\n<div id>\n<p>A pocas semanas de las <strong><a href=\"https:\/\/www.ambito.com\/economia\/espana-tiene-el-nivel-desempleo-mas-alto-toda-la-union-europea-n5710857\" target=\"_blank\" rel=\"follow noopener\">elecciones en Espa\u00f1a<\/a>,<\/strong> que se llevar\u00e1n a cabo el pr\u00f3ximo 28 de mayo, <strong>una asociaci\u00f3n de v\u00edctimas del grupo separatista vasco ETA denunci\u00f3 al partido EH Bildu<\/strong> por presentar en sus listas a exetarras que<strong> pasaron a\u00f1os en la c\u00e1rcel <\/strong>por cr\u00edmenes como el asesinato.<\/p>\n<\/div>\n<div id>\n<p>La Fiscal\u00eda espa\u00f1ola inform\u00f3 sobre esta situaci\u00f3n tras recibir una denuncia de la Asociaci\u00f3n Dignidad y Justicia referente &#8220;a la<strong> incorporaci\u00f3n en las candidaturas presentadas por EH Bildu a las elecciones auton\u00f3micas y municipales de 44 personas condenadas por delitos de terrorismo<\/strong>&#8220;.<\/p>\n<\/div>\n<div id>\n<p>&#8220;Tras su an\u00e1lisis, <strong>se tomar\u00e1 la decisi\u00f3n que proceda, respecto a la apertura o no<\/strong>&#8221; de una investigaci\u00f3n judicial, asegur\u00f3 la Fiscal\u00eda.<\/p>\n<\/div>\n<div id>\n<p>Los denunciantes esperan que el partido <strong>Bildu sea ilegalizado ya que la normativa se\u00f1ala que puede ser &#8220;declarado ilegal&#8221; si apoya &#8220;pol\u00edticamente la acci\u00f3n de organizaciones terroristas&#8221;.<\/strong><\/p>\n<\/p><\/div>\n<div id>\n<p> La <strong>ETA <\/strong>fue una organizaci\u00f3n armada que buscaba la independencia del Pa\u00eds Vasco (norte) y que se disolvi\u00f3 en mayo de 2018<strong> luego de causar m\u00e1s de 850 muertes<\/strong>. Era considerada<strong> terrorista por Espa\u00f1a y la Uni\u00f3n Europea.<\/strong><\/p>\n<p>La controversia comenz\u00f3 el mi\u00e9rcoles, cuando otra asociaci\u00f3n, el Colectivo de V\u00edctimas del Terrorismo (Covite), <strong>denunci\u00f3 ante la prensa que Bildu llevaba en sus listas para las elecciones municipales y regionales a 44 personas que cumplieron condenas por diversos delitos<\/strong> y que pertenecieron a ETA o colaboraron con la organizaci\u00f3n.<\/p>\n<p>Seg\u00fan detallaron,<strong> siete de ellos fueron condenados por asesinato <\/strong>y algunos son candidatos en la misma localidad donde cometieron el crimen.<\/p>\n<p>&#8220;<strong>Hay cosas que pueden ser legales, pero no son decentes, y esta es una de ellas<\/strong>&#8220;, afirm\u00f3 este viernes el presidente espa\u00f1ol, <strong>Pedro S\u00e1nchez<\/strong>, en una conferencia de prensa desde Washington.<\/p>\n<p>Hasta ahora,<strong> Bildu no se pronunci\u00f3 directamente sobre la pol\u00e9mica<\/strong>, aunque su l\u00edder, <strong>Arnaldo Otegi, acus\u00f3 la noche del jueves a la derecha de querer &#8220;degradar el debate pol\u00edtico&#8221; <\/strong>y de hacer &#8220;ruido&#8221; de cara a las elecciones.<\/p>\n<\/div>\n","protected":false},"excerpt":{"rendered":"<p>A pocas semanas de las elecciones en Espa\u00f1a, que se llevar\u00e1n a cabo el pr\u00f3ximo 28 de mayo, una asociaci\u00f3n de v\u00edctimas del grupo separatista vasco ETA denunci\u00f3 al partido EH Bildu por presentar en sus listas a exetarras que pasaron a\u00f1os en la c\u00e1rcel por cr\u00edmenes como el asesinato. La Fiscal\u00eda espa\u00f1ola inform\u00f3 sobre [&hellip;]<\/p>\n","protected":false},"author":2,"featured_media":4780,"comment_status":"closed","ping_status":"closed","sticky":false,"template":"","format":"standard","meta":{"jetpack_post_was_ever_published":false,"_jetpack_newsletter_access":"","_jetpack_dont_email_post_to_subs":false,"_jetpack_newsletter_tier_id":0,"_jetpack_memberships_contains_paywalled_content":false,"_jetpack_memberships_contains_paid_content":false,"footnotes":"","jetpack_publicize_message":"","jetpack_publicize_feature_enabled":true,"jetpack_social_post_already_shared":true,"jetpack_social_options":{"image_generator_settings":{"template":"highway","enabled":false},"version":2}},"categories":[20],"tags":[1286],"class_list":["post-4779","post","type-post","status-publish","format-standard","has-post-thumbnail","hentry","category-mundo","tag-mundo"],"jetpack_publicize_connections":[],"jetpack_featured_media_url":"https:\/\/i0.wp.com\/infolanus.com\/wp-content\/uploads\/2023\/05\/elecciones-en-espana-denuncian-a-un-partido-por-presentar-exetarras-en-sus-listas.jpg?fit=1200%2C675&ssl=1","jetpack_sharing_enabled":true,"jetpack_shortlink":"https:\/\/wp.me\/p9QtMr-1f5","_links":{"self":[{"href":"https:\/\/infolanus.com\/index.php\/wp-json\/wp\/v2\/posts\/4779","targetHints":{"allow":["GET"]}}],"collection":[{"href":"https:\/\/infolanus.com\/index.php\/wp-json\/wp\/v2\/posts"}],"about":[{"href":"https:\/\/infolanus.com\/index.php\/wp-json\/wp\/v2\/types\/post"}],"author":[{"embeddable":true,"href":"https:\/\/infolanus.com\/index.php\/wp-json\/wp\/v2\/users\/2"}],"replies":[{"embeddable":true,"href":"https:\/\/infolanus.com\/index.php\/wp-json\/wp\/v2\/comments?post=4779"}],"version-history":[{"count":0,"href":"https:\/\/infolanus.com\/index.php\/wp-json\/wp\/v2\/posts\/4779\/revisions"}],"wp:featuredmedia":[{"embeddable":true,"href":"https:\/\/infolanus.com\/index.php\/wp-json\/wp\/v2\/media\/4780"}],"wp:attachment":[{"href":"https:\/\/infolanus.com\/index.php\/wp-json\/wp\/v2\/media?parent=4779"}],"wp:term":[{"taxonomy":"category","embeddable":true,"href":"https:\/\/infolanus.com\/index.php\/wp-json\/wp\/v2\/categories?post=4779"},{"taxonomy":"post_tag","embeddable":true,"href":"https:\/\/infolanus.com\/index.php\/wp-json\/wp\/v2\/tags?post=4779"}],"curies":[{"name":"wp","href":"https:\/\/api.w.org\/{rel}","templated":true}]}}