{"id":4785,"date":"2023-05-13T19:02:08","date_gmt":"2023-05-13T22:02:08","guid":{"rendered":"https:\/\/www.ambito.com\/uruguay\/la-justicia-cito-presidencia-ose-y-ambiente-la-crisis-del-agua-n5722443"},"modified":"2023-05-13T19:02:08","modified_gmt":"2023-05-13T22:02:08","slug":"la-justicia-cito-a-presidencia-ose-y-ambiente-por-la-crisis-del-agua","status":"publish","type":"post","link":"https:\/\/infolanus.com\/index.php\/2023\/05\/13\/la-justicia-cito-a-presidencia-ose-y-ambiente-por-la-crisis-del-agua\/","title":{"rendered":"La justicia cit\u00f3 a Presidencia, OSE y Ambiente por la crisis del agua"},"content":{"rendered":"<p><!-- { REGION4 --> <\/p>\n<header class=\"news-headline\">\n<div class=\"news-headline__topics-and-date-wrapper\"> <span class=\"news-headline__publication-date\"> 13 de mayo 2023 &#8211; 19:02 <\/span><\/div>\n<h2 class=\"news-headline__article-summary\">\tEl gobierno deber\u00e1 presentar ante el Tribunal de lo Contencioso Administrativo toda la documentaci\u00f3n t\u00e9cnica respecto al proceso de potabilizaci\u00f3n del agua. <\/h2>\n<\/header>\n<div class=\"detail-highlighted-multimedia content-protected-false\">\n<figure class=\"detail-highlighted-multimedia__figure\"> <img data-recalc-dims=\"1\" loading=\"lazy\" decoding=\"async\" src=\"https:\/\/i0.wp.com\/media.ambito.com\/p\/ee2fa227bcbe5685be2586b541e7310f\/adjuntos\/351\/imagenes\/040\/323\/0040323082\/655x368\/smart\/ose.jpg?resize=640%2C427&#038;ssl=1\" class=\"detail-highlighted-multimedia__figure-img img-fluid\" alt=\"OSE aument\u00f3 dos veces el nivel de salinidad en el agua en las \u00faltimas semanas.\" width=\"640\" height=\"427\"><figcaption class=\"detail-highlighted-multimedia__figcaption\" readability=\"-24\"> <span class=\"detail-highlighted-multimedia__copyright\">Foto: Intendencia de Montevideo<\/span><\/figcaption><\/figure>\n<\/div>\n<article class=\"article-body article-body--first-paragraph content-protected-false\" data-td-script-src=\"https:\/\/www.ambito.com\/td\/modulos\/encuestas\/js\/function-embeds-min-version-1660312110.js\" readability=\"28.404494382022\">\n<p>Las autoridades de <strong>Presidencia del Uruguay<\/strong>, el <strong>Ministerio de Ambiente<\/strong> y la <strong>Administraci\u00f3n de las Obras Sanitarias del Estado (OSE)<\/strong> deber\u00e1n presentarse ante la justicia este lunes por una citaci\u00f3n del <strong>Tribunal de lo Contencioso Administrativo (TCA)<\/strong>, a ra\u00edz de un recurso de amparo por el <a href=\"https:\/\/www.ambito.com\/uruguay\/ose-aumento-nuevo-la-salinidad-del-agua-y-salud-recomienda-precaucion-hipertensos-n5715242\" target=\"_blank\" rel=\"follow noopener\">aumento en la <strong>salinidad<\/strong> del <strong>agua potable<\/strong><\/a> de las \u00faltimas semanas.<\/p>\n<\/article>\n<article class=\"article-body article-body--second-paragraph content-protected-false\" readability=\"31.037735849057\">\n<p>Esta ma\u00f1ana, la intendenta de Montevideo, <strong>Carolina Cosse<\/strong>, hab\u00eda pidi\u00f3 casi en paralelo al <strong>Sistema Nacional de Emergencias (Sinae)<\/strong> <a href=\"https:\/\/www.ambito.com\/uruguay\/montevideo-tiene-agua-potable-solo-un-mes-n5722311\" target=\"_blank\" rel=\"follow noopener\">que emita una alerta a la poblaci\u00f3n<\/a>, dado que la capital del pa\u00eds dejar\u00e1 de tener agua \u201cen condiciones de potabilidad\u201d en un lapso de alrededor de 30 d\u00edas, advirti\u00f3 la jerarca.<\/p>\n<\/article>\n<section class=\"related-news\"> <span class=\"related-news__title\">Informate m\u00e1s<\/span> <\/p>\n<div class=\"row row--eq-height\">\n<div class=\"col-12 col-md-6\">\n<article class=\"news-article news-article--landscape-news news-article--landscape-news\">\n<figure class=\"news-article__figure figure\"> <a href=\"https:\/\/www.ambito.com\/uruguay\/preocupacion-el-agua-salada-ose-se-duplico-la-venta-agua-embotellada-n5718753\" target title=\"\u00e1mbito.com | Preocupaci\u00f3n por el agua salada de OSE: se duplic\u00f3 la venta de agua embotellada\" alt=\"\u00e1mbito.com | Preocupaci\u00f3n por el agua salada de OSE: se duplic\u00f3 la venta de agua embotellada\" rel=\"noindex nofollow noreferrer\"> <img loading=\"lazy\" decoding=\"async\" src=\"https:\/\/www.ambito.com\/css-custom\/351\/lazy.svg\" data-td-src-property=\"https:\/\/media.ambito.com\/p\/1af6f5b6466addb055fefe28e2196506\/adjuntos\/351\/imagenes\/040\/695\/0040695676\/93x52\/smart\/agua-embotelladajpg.jpg\" alt=\"La venta de agua embotellada se dispar\u00f3 al doble en la primera semana de mayo.\" title=\"La venta de agua embotellada se dispar\u00f3 al doble en la primera semana de mayo.\" width=\"93\" height=\"52\" class=\"news-article__figure-img figure-img img-fluid\"> <\/a><\/figure>\n<\/article><\/div>\n<div class=\"col-12 col-md-6\">\n<article class=\"news-article news-article--landscape-news news-article--landscape-news\">\n<figure class=\"news-article__figure figure\"> <a href=\"https:\/\/www.ambito.com\/uruguay\/por-que-el-agua-ose-tiene-sabor-salado-n5716465\" target title=\"\u00e1mbito.com | \u00bfPor qu\u00e9 el agua de OSE tiene sabor salado?\" alt=\"\u00e1mbito.com | \u00bfPor qu\u00e9 el agua de OSE tiene sabor salado?\" rel=\"noindex nofollow noreferrer\"> <img loading=\"lazy\" decoding=\"async\" src=\"https:\/\/www.ambito.com\/css-custom\/351\/lazy.svg\" data-td-src-property=\"https:\/\/media.ambito.com\/p\/3c8187f2482839b8890d9136a941c5b3\/adjuntos\/351\/imagenes\/040\/688\/0040688721\/93x52\/smart\/agua-ose-salada1jpg.jpg\" alt=\"OSE aument\u00f3 los niveles de salinidad del agua potable.\" title=\"OSE aument\u00f3 los niveles de salinidad del agua potable.\" width=\"93\" height=\"52\" class=\"news-article__figure-img figure-img img-fluid\"> <\/a><\/figure>\n<\/article><\/div>\n<\/div>\n<\/section>\n<article class=\"article-body article-body--third-paragraph content-protected-false\" readability=\"34\">\n<p> \u201cEl Estado est\u00e1 suministrando agua cuyo insumo es el agua salada y altamente contaminada del estuario del R\u00edo de la Plata\u201d, marca la acci\u00f3n de amparo presentada por dependencias estatales, por la que las autoridades de gobierno deber\u00e1n presentarse ante el TCA el <strong>lunes a las 13<\/strong>, frente al juez <strong>Pablo Gandini<\/strong>, para brindar explicaciones.<\/p>\n<\/article>\n<article class=\"article-body article-body--fourth-paragraph content-protected-false\" readability=\"30\">\n<p>Y sigue: \u201cEllo obliga a que en el proceso de potabilizaci\u00f3n se incrementen las sustancias qu\u00edmicas perjudiciales para la salud humana, lo que configura una situaci\u00f3n de vulneraci\u00f3n de los derechos humanos e <strong>inminencia de riesgo para la vida <\/strong>de los consumidores\u201d.<\/p>\n<\/article>\n<article class=\"article-body article-body--remaining-paragraph content-protected-false\" readability=\"44\">\n<p>Por ello, el gobierno <strong>deber\u00e1 presentar ante la justicia toda la documentaci\u00f3n t\u00e9cnica<\/strong> respecto al proceso de potabilizaci\u00f3n del agua que se extrae del estuario del R\u00edo de la Plata. Los documentos ser\u00e1n sometidos al \u201cperitaje de m\u00e9dicos del Instituto T\u00e9cnico Forense\u201d, a efectos \u201cde que determine la incidencia de las sustancias qu\u00edmicas y sus cantidades en la salud humana\u201d.<\/p>\n<p>De acuerdo a los denunciantes, el aumento de los niveles de salinidad en el agua, implementados para hacer durar las reservas que escasean producto de la sequ\u00eda, se trata de una actuaci\u00f3n \u201cilegal\u201d y \u201clesiva de los derechos de la vida\u201d y la \u201csalud\u201d.<\/p>\n<p>En efecto, el recurso de amparo tambi\u00e9n <strong>exige la suspensi\u00f3n de la toma de agua del estuario del R\u00edo de la Plata<\/strong> y que \u201cse le imponga a OSE una <strong>soluci\u00f3n alternativa<\/strong> compatible con la calidad del agua que debe suministrar a la poblaci\u00f3n\u201d.<\/p>\n<\/article>\n<p> <!-- REGION4 } --> <\/p>\n","protected":false},"excerpt":{"rendered":"<p>13 de mayo 2023 &#8211; 19:02 El gobierno deber\u00e1 presentar ante el Tribunal de lo Contencioso Administrativo toda la documentaci\u00f3n t\u00e9cnica respecto al proceso de potabilizaci\u00f3n del agua. Foto: Intendencia de Montevideo Las autoridades de Presidencia del Uruguay, el Ministerio de Ambiente y la Administraci\u00f3n de las Obras Sanitarias del Estado (OSE) deber\u00e1n presentarse ante [&hellip;]<\/p>\n","protected":false},"author":2,"featured_media":4786,"comment_status":"closed","ping_status":"closed","sticky":false,"template":"","format":"standard","meta":{"jetpack_post_was_ever_published":false,"_jetpack_newsletter_access":"","_jetpack_dont_email_post_to_subs":false,"_jetpack_newsletter_tier_id":0,"_jetpack_memberships_contains_paywalled_content":false,"_jetpack_memberships_contains_paid_content":false,"footnotes":"","jetpack_publicize_message":"","jetpack_publicize_feature_enabled":true,"jetpack_social_post_already_shared":true,"jetpack_social_options":{"image_generator_settings":{"template":"highway","enabled":false},"version":2}},"categories":[20],"tags":[1286],"class_list":["post-4785","post","type-post","status-publish","format-standard","has-post-thumbnail","hentry","category-mundo","tag-mundo"],"jetpack_publicize_connections":[],"jetpack_featured_media_url":"https:\/\/i0.wp.com\/infolanus.com\/wp-content\/uploads\/2023\/05\/la-justicia-cito-a-presidencia-ose-y-ambiente-por-la-crisis-del-agua.jpg?fit=655%2C368&ssl=1","jetpack_sharing_enabled":true,"jetpack_shortlink":"https:\/\/wp.me\/p9QtMr-1fb","_links":{"self":[{"href":"https:\/\/infolanus.com\/index.php\/wp-json\/wp\/v2\/posts\/4785","targetHints":{"allow":["GET"]}}],"collection":[{"href":"https:\/\/infolanus.com\/index.php\/wp-json\/wp\/v2\/posts"}],"about":[{"href":"https:\/\/infolanus.com\/index.php\/wp-json\/wp\/v2\/types\/post"}],"author":[{"embeddable":true,"href":"https:\/\/infolanus.com\/index.php\/wp-json\/wp\/v2\/users\/2"}],"replies":[{"embeddable":true,"href":"https:\/\/infolanus.com\/index.php\/wp-json\/wp\/v2\/comments?post=4785"}],"version-history":[{"count":0,"href":"https:\/\/infolanus.com\/index.php\/wp-json\/wp\/v2\/posts\/4785\/revisions"}],"wp:featuredmedia":[{"embeddable":true,"href":"https:\/\/infolanus.com\/index.php\/wp-json\/wp\/v2\/media\/4786"}],"wp:attachment":[{"href":"https:\/\/infolanus.com\/index.php\/wp-json\/wp\/v2\/media?parent=4785"}],"wp:term":[{"taxonomy":"category","embeddable":true,"href":"https:\/\/infolanus.com\/index.php\/wp-json\/wp\/v2\/categories?post=4785"},{"taxonomy":"post_tag","embeddable":true,"href":"https:\/\/infolanus.com\/index.php\/wp-json\/wp\/v2\/tags?post=4785"}],"curies":[{"name":"wp","href":"https:\/\/api.w.org\/{rel}","templated":true}]}}