{"id":4793,"date":"2023-05-14T17:32:00","date_gmt":"2023-05-14T20:32:00","guid":{"rendered":"https:\/\/www.ambito.com\/uruguay\/casa-grande-dio-su-respaldo-cosse-llego-la-hora-que-tenga-una-presidenta-n5722792"},"modified":"2023-05-14T17:32:00","modified_gmt":"2023-05-14T20:32:00","slug":"casa-grande-dio-su-respaldo-a-cosse-llego-la-hora-de-que-uruguay-tenga-una-presidenta","status":"publish","type":"post","link":"https:\/\/infolanus.com\/index.php\/2023\/05\/14\/casa-grande-dio-su-respaldo-a-cosse-llego-la-hora-de-que-uruguay-tenga-una-presidenta\/","title":{"rendered":"Casa Grande dio su respaldo a Cosse: &#8220;Lleg\u00f3 la hora de que Uruguay tenga una presidenta&#8221;"},"content":{"rendered":"<div><img data-recalc-dims=\"1\" decoding=\"async\" src=\"https:\/\/i0.wp.com\/media.ambito.com\/p\/3aecf21e09362c48b97ea4ab9ce4ac1c\/adjuntos\/351\/imagenes\/040\/706\/0040706230\/1200x675\/smart\/carolina-cosse.jpg?w=640&#038;ssl=1\" class=\"ff-og-image-inserted\"><\/div>\n<div id>\n<p>El sector del <strong>Frente Amplio<\/strong> (<strong>FA<\/strong>), <strong>Casa Grande<\/strong>, anunci\u00f3 en un comunicado oficial que, a partir de la 12\u00b0 Asamblea Nacional Ciudadana del espacio pol\u00edtico, se decidi\u00f3 por unanimidad respaldar <a href=\"https:\/\/www.ambito.com\/uruguay\/el-partido-comunista-apoyaria-la-precandidatura-carolina-cosse-n5683813\" target=\"_blank\" rel=\"follow noopener\">la precandidatura presidencial<\/a> de <strong>Carolina Cosse<\/strong>. En el documento se afirma que &#8220;<strong>lleg\u00f3 la hora de que Uruguay tenga una presidenta mujer<\/strong>&#8220;.<\/p>\n<\/div>\n<div id>\n<p>El sector, liderado por la exsenadora <strong>Constanza Moreira<\/strong>, sostuvo que promueven la candidatura &#8220;con convicci\u00f3n&#8221;, resaltando la &#8220;<strong>probada capacidad de gesti\u00f3n<\/strong>&#8221; de la intendenta de <strong>Montevideo<\/strong>&#8220;, de una &#8220;<strong>respuestas inmediata a las coyunturas acuciantes del presente<\/strong>&#8220;, as\u00ed como &#8220;su compromiso frenteamplista&#8221;, y su &#8220;<a href=\"https:\/\/www.ambito.com\/uruguay\/cosse-pidio-suspender-la-expansion-la-ruta-102-montevideo-que-impulsa-el-gobierno-n5648650\" target=\"_blank\" rel=\"follow noopener\">liderazgo en los temas ambientales<\/a>&#8220;.<\/p>\n<\/div>\n<div id>\n<p> Para Casa Grande, el posible hecho de que Cosse se convierta en la primera jefa de Estado en la historia del pa\u00eds &#8220;<strong>tambi\u00e9n es parte del compromiso con la igualdad que la izquierda presenta<\/strong>&#8220;, y destac\u00f3 que esta &#8220;ya ha involucrado a numerosas mujeres en puestos de liderazgo y responsabilidad&#8221;.<\/p>\n<\/div>\n<div id>\n<p>El documento contin\u00faa diciendo que conf\u00edan en ella para el armado de un &#8220;<strong>gabinete paritario<\/strong>&#8220;, en el que existan &#8220;<strong>responsabilidades compartidas entre g\u00e9neros y generaciones<\/strong>&#8221; de todos los niveles de gobierno, para as\u00ed poder &#8220;impulsar una agenda transformadora&#8221;.<\/p>\n<\/div>\n<div id>\n<h2>El Partido Comunista se inclina por apoyar la precandidatura de Cosse<\/h2>\n<p>Al respaldo a Cosse de Casa Grande, que se define como una fuerza &#8220;de izquierda, feminista, antirracista, y ecologista&#8221;, hay que sumarle el potencial apoyo del <strong>Partido Comunista del Uruguay<\/strong> (<strong>PCU<\/strong>), ya que el senador <strong>\u00d3scar Andrade<\/strong>, sostuvo que &#8220;<strong>es probable<\/strong>&#8221; que su fuerza pol\u00edtica apoye a la intendenta de <strong>Montevideo <\/strong>de cara a las elecciones internas del FA.<\/p>\n<p><a href=\"https:\/\/www.ambito.com\/uruguay\/el-mpp-lanzo-la-precandidatura-presidencial-yamandu-orsi-n5677685\" target=\"_blank\" rel=\"follow noopener\">La carrera por la candidatura<\/a> presidencial del FA de cara a las elecciones generales de 2024 parecen presentar un escenario polarizado entre Cosse y el intendente de <strong>Canelones<\/strong>, <strong>Yamand\u00fa Orsi<\/strong>, como principales contendientes de cara a la opini\u00f3n p\u00fablica.<\/p>\n<p>El expresidente <strong>Jos\u00e9 Mujica<\/strong> dio su apoyo p\u00fablico al intendente canario, sobre esto, Andrade indic\u00f3 que el <strong>Movimiento de Participaci\u00f3n Popular<\/strong> (<strong>MPP<\/strong>) &#8220;tiene todo el derecho&#8221; de poder respaldar la candidatura de Orsi, y record\u00f3 que la Lista 1001, del PCU, a\u00fan no se ha pronunciado oficialmente por un candidato.<\/p>\n<\/div>\n","protected":false},"excerpt":{"rendered":"<p>El sector del Frente Amplio (FA), Casa Grande, anunci\u00f3 en un comunicado oficial que, a partir de la 12\u00b0 Asamblea Nacional Ciudadana del espacio pol\u00edtico, se decidi\u00f3 por unanimidad respaldar la precandidatura presidencial de Carolina Cosse. En el documento se afirma que &#8220;lleg\u00f3 la hora de que Uruguay tenga una presidenta mujer&#8220;. El sector, liderado [&hellip;]<\/p>\n","protected":false},"author":2,"featured_media":4794,"comment_status":"closed","ping_status":"closed","sticky":false,"template":"","format":"standard","meta":{"jetpack_post_was_ever_published":false,"_jetpack_newsletter_access":"","_jetpack_dont_email_post_to_subs":false,"_jetpack_newsletter_tier_id":0,"_jetpack_memberships_contains_paywalled_content":false,"_jetpack_memberships_contains_paid_content":false,"footnotes":"","jetpack_publicize_message":"","jetpack_publicize_feature_enabled":true,"jetpack_social_post_already_shared":true,"jetpack_social_options":{"image_generator_settings":{"template":"highway","enabled":false},"version":2}},"categories":[20],"tags":[1286],"class_list":["post-4793","post","type-post","status-publish","format-standard","has-post-thumbnail","hentry","category-mundo","tag-mundo"],"jetpack_publicize_connections":[],"jetpack_featured_media_url":"https:\/\/i0.wp.com\/infolanus.com\/wp-content\/uploads\/2023\/05\/casa-grande-dio-su-respaldo-a-cosse-llego-la-hora-de-que-uruguay-tenga-una-presidenta.jpg?fit=1200%2C675&ssl=1","jetpack_sharing_enabled":true,"jetpack_shortlink":"https:\/\/wp.me\/p9QtMr-1fj","_links":{"self":[{"href":"https:\/\/infolanus.com\/index.php\/wp-json\/wp\/v2\/posts\/4793","targetHints":{"allow":["GET"]}}],"collection":[{"href":"https:\/\/infolanus.com\/index.php\/wp-json\/wp\/v2\/posts"}],"about":[{"href":"https:\/\/infolanus.com\/index.php\/wp-json\/wp\/v2\/types\/post"}],"author":[{"embeddable":true,"href":"https:\/\/infolanus.com\/index.php\/wp-json\/wp\/v2\/users\/2"}],"replies":[{"embeddable":true,"href":"https:\/\/infolanus.com\/index.php\/wp-json\/wp\/v2\/comments?post=4793"}],"version-history":[{"count":0,"href":"https:\/\/infolanus.com\/index.php\/wp-json\/wp\/v2\/posts\/4793\/revisions"}],"wp:featuredmedia":[{"embeddable":true,"href":"https:\/\/infolanus.com\/index.php\/wp-json\/wp\/v2\/media\/4794"}],"wp:attachment":[{"href":"https:\/\/infolanus.com\/index.php\/wp-json\/wp\/v2\/media?parent=4793"}],"wp:term":[{"taxonomy":"category","embeddable":true,"href":"https:\/\/infolanus.com\/index.php\/wp-json\/wp\/v2\/categories?post=4793"},{"taxonomy":"post_tag","embeddable":true,"href":"https:\/\/infolanus.com\/index.php\/wp-json\/wp\/v2\/tags?post=4793"}],"curies":[{"name":"wp","href":"https:\/\/api.w.org\/{rel}","templated":true}]}}