{"id":4818,"date":"2023-05-18T13:08:39","date_gmt":"2023-05-18T16:08:39","guid":{"rendered":"https:\/\/www.ambito.com\/mundo\/ecuador-guillermo-lasso-defendio-su-decision-disolver-el-congreso-n5726427"},"modified":"2023-05-18T13:08:39","modified_gmt":"2023-05-18T16:08:39","slug":"ecuador-guillermo-lasso-defendio-su-decision-de-disolver-el-congreso","status":"publish","type":"post","link":"https:\/\/infolanus.com\/index.php\/2023\/05\/18\/ecuador-guillermo-lasso-defendio-su-decision-de-disolver-el-congreso\/","title":{"rendered":"Ecuador: Guillermo Lasso defendi\u00f3 su decisi\u00f3n de disolver el Congreso"},"content":{"rendered":"<p><!-- { REGION4 --> <\/p>\n<header class=\"news-headline\">\n<div class=\"news-headline__topics-and-date-wrapper\"> <span class=\"news-headline__publication-date\"> 18 de mayo 2023 &#8211; 13:08 <\/span><\/div>\n<h2 class=\"news-headline__article-summary\">\tEl mandatario ecuatoriano llam\u00f3 a elecciones anticipadas a ra\u00edz del juicio pol\u00edtico en su contra, en el marco de un tratado comercial que gener\u00f3 p\u00e9rdidas en las arcas del Estado. <\/h2>\n<\/header>\n<div class=\"detail-highlighted-multimedia content-protected-false\">\n<figure class=\"detail-highlighted-multimedia__figure\"> <img data-recalc-dims=\"1\" loading=\"lazy\" decoding=\"async\" src=\"https:\/\/i0.wp.com\/media.ambito.com\/p\/70a1d4be6f2708304f2c2bbbd180fba4\/adjuntos\/239\/imagenes\/039\/569\/0039569689\/655x368\/smart\/guillermo-lasso.jpg?resize=640%2C320&#038;ssl=1\" class=\"detail-highlighted-multimedia__figure-img img-fluid\" alt=\"El presidente de Ecuador, Guillermo Lasso.\" width=\"640\" height=\"320\"><figcaption class=\"detail-highlighted-multimedia__figcaption\" readability=\"-23.5\"> <span class=\"detail-highlighted-multimedia__copyright\">Foto: El Universo<\/span><\/figcaption><\/figure>\n<\/div>\n<article class=\"article-body article-body--first-paragraph content-protected-false\" data-td-script-src=\"https:\/\/www.ambito.com\/td\/modulos\/encuestas\/js\/function-embeds-min-version-1660312110.js\" readability=\"25.313559322034\">\n<p><a href=\"https:\/\/www.ambito.com\/mundo\/correa-la-crisis-ecuador-es-un-golpe-estado-n5726166\" target=\"_blank\" rel=\"follow noopener\"><strong>Guillermo Lasso<\/strong><\/a> defendi\u00f3 este jueves su decisi\u00f3n de disolver el <strong><a href=\"https:\/\/www.ambito.com\/mundo\/ecuador-que-es-la-muerte-cruzada-el-decreto-que-llama-elecciones-y-disuelve-el-congreso-n5725276\" target=\"_blank\" rel=\"follow noopener\"> Congreso <\/a><\/strong> y llamar a elecciones anticipadas en <strong><a href=\"https:\/\/www.ambito.com\/mundo\/ecuador-el-presidente-lasso-disuelve-al-congreso-y-llama-elecciones-n5725176\" target=\"_blank\" rel=\"follow noopener\"> Ecuador <\/a><\/strong> en medio de un juicio pol\u00edtico contra el exmandatario por contratos fraudulentos que podr\u00edan perjudicar al Estado.<\/p>\n<\/article>\n<article class=\"article-body article-body--second-paragraph content-protected-false\" readability=\"36\">\n<p>En una entrevista para la cadena de noticias <em>CNN <\/em>Lasso explic\u00f3 por qu\u00e9 aplic\u00f3 la &#8220;muerte cruzada&#8221;: \u201cEs un <strong>proceso de reflexi\u00f3n <\/strong>de varias semanas, por no decir de varios meses, mirando una<strong> actitud belicosa de los opositores<\/strong>, quienes se dieron por plantear un <strong>juicio pol\u00edtico<\/strong> acus\u00e1ndome de un delito que no existe en el <strong>C\u00f3digo Penal ecuatoriano<\/strong>, que es <strong>peculado por omisi\u00f3n<\/strong> y sobre todo, sin fundamentos, sin pruebas ni testigos\u201d.<\/p>\n<\/article>\n<section class=\"related-news\"> <span class=\"related-news__title\">Informate m\u00e1s<\/span> <\/p>\n<div class=\"row row--eq-height\">\n<div class=\"col-12 col-md-6\">\n<article class=\"news-article news-article--landscape-news news-article--landscape-news\">\n<figure class=\"news-article__figure figure\"> <a href=\"https:\/\/www.ambito.com\/mundo\/ecuador-el-presidente-lasso-disuelve-al-congreso-y-llama-elecciones-n5725176\" target title=\"\u00e1mbito.com | Ecuador: el presidente Lasso disuelve al Congreso y llama a elecciones\" alt=\"\u00e1mbito.com | Ecuador: el presidente Lasso disuelve al Congreso y llama a elecciones\" rel=\"noindex nofollow noreferrer\"> <img loading=\"lazy\" decoding=\"async\" src=\"https:\/\/www.ambito.com\/css-custom\/239\/lazy.svg\" data-td-src-property=\"https:\/\/media.ambito.com\/p\/24d74c07d1a848c467890f7644e107d5\/adjuntos\/239\/imagenes\/039\/569\/0039569689\/93x52\/smart\/guillermo-lasso.jpg\" alt=\"El presidente de Ecuador, Guillermo Lasso.\" title=\"El presidente de Ecuador, Guillermo Lasso.\" width=\"93\" height=\"52\" class=\"news-article__figure-img figure-img img-fluid\"> <span class=\"news-article__media-badge news-article__media-badge--video\"><\/span><\/a> <\/figure>\n<\/article><\/div>\n<div class=\"col-12 col-md-6\">\n<article class=\"news-article news-article--landscape-news news-article--landscape-news\">\n<figure class=\"news-article__figure figure\"> <a href=\"https:\/\/www.ambito.com\/mundo\/ecuador-el-juicio-politico-guillermo-lasso-empezara-el-martes-n5722830\" target title=\"\u00e1mbito.com | Ecuador: el juicio pol\u00edtico a Guillermo Lasso empezar\u00e1 el martes\" alt=\"\u00e1mbito.com | Ecuador: el juicio pol\u00edtico a Guillermo Lasso empezar\u00e1 el martes\" rel=\"noindex nofollow noreferrer\"> <img loading=\"lazy\" decoding=\"async\" src=\"https:\/\/www.ambito.com\/css-custom\/239\/lazy.svg\" data-td-src-property=\"https:\/\/media.ambito.com\/p\/1fee855540be0dce44c88666d93ff5f4\/adjuntos\/239\/imagenes\/039\/041\/0039041665\/guillermo-lasso.jpg\" alt=\"El presidente de Ecuador, Guillermo Lasso.\" title=\"El presidente de Ecuador, Guillermo Lasso.\" width=\"93\" height=\"52\" class=\"news-article__figure-img figure-img img-fluid\"> <\/a><\/figure>\n<\/article><\/div>\n<\/div>\n<\/section>\n<article class=\"article-body article-body--third-paragraph content-protected-false\" readability=\"33\">\n<p>En relaci\u00f3n al contrato firmado con el transporte de crudo con el grupo internacional Amazonas Tanker, el cual dej\u00f3 p\u00e9rdidas por m\u00e1s de u$s6 millones, se\u00f1al\u00f3 que sus opositores pretend\u00edan &#8220;destituirlo sobre la base de un contrato que no fue firmado\u201d durante su Gobierno, por lo que sostiene que lo est\u00e1n acusando sin pruebas. \u201c<strong>No esquiv\u00e9 el juicio pol\u00edtico. No he cometido ning\u00fan pecado<\/strong>\u201d.<\/p>\n<\/article>\n<article class=\"article-body article-body--fourth-paragraph content-protected-false\" readability=\"31\">\n<p>\u201c<strong>Yo quise ir a defenderme porque soy inocente<\/strong>, porque <strong>no he cometido peculado<\/strong> y porque de manera abusiva pretend\u00edan destituirme sobre la base de unos contratos suscritos en el Gobierno anterior\u201d, agreg\u00f3. <\/p>\n<\/article>\n<article class=\"article-body article-body--remaining-paragraph content-protected-false\" readability=\"38\">\n<div contenteditable=\"false\" class=\"embed_cont type_imagen\" id=\"7582180-Libre-68489202_wrap\">\n<p> Guillermo Lasso <span onclick=\"parent.parent.TinyMCETdcuerpo.preview_embed('7582180-Libre-68489202')\" class=\"embed_colapse less\" id=\"7582180-Libre-68489202_colapse\"><\/span> <span onclick=\"parent.parent.TinyMCETdcuerpo.delete_embed('7582180-Libre-68489202')\" class=\"embed_delete less\" id=\"7582180-Libre-68489202_delete\"><\/span><\/p>\n<div id=\"7582180-Libre-68489202_content\" class=\"embed_content\"><img decoding=\"async\" src=\"https:\/\/www.ambito.com\/css-custom\/239\/lazy.svg\" data-td-src-property=\"https:\/\/media.ambito.com\/p\/a7416f71686a0219f21c2dac9bf84850\/adjuntos\/239\/imagenes\/039\/371\/0039371115\/730x0\/smart\/guillermo-lasso.jpg\" alt title width=\"730\" height id=\"7582180-Libre-68489202_embed\"><\/div>\n<p>Foto: AFP<\/p>\n<\/div>\n<h2>Presentan una demanda de inconstitucionalidad contra la disoluci\u00f3n del Parlamento en Ecuador<\/h2>\n<p><strong>Esteban Torres, electo como vicepresidente del Parlamento ecuatoriano<\/strong> despu\u00e9s de la implementaci\u00f3n de la &#8220;muerte cruzada&#8221; de Lasso, se present\u00f3 en la Corte Constitucional para demandar por inconstitucional a la medida que disuelve el Congreso y llama a elecciones.<\/p>\n<p>\u201cVamos a presentar una demanda de inconstitucionalidad por el fondo contra el decreto firmado y suscrito por el Presidente de la Rep\u00fablica que, ileg\u00edtima e inconstitucionalmente, disuelve la Asamblea Nacional\u201d, explic\u00f3 el dirigente minutos antes de oficializar la demanda. <\/p>\n<\/article>\n<p> <!-- REGION4 } --> <\/p>\n","protected":false},"excerpt":{"rendered":"<p>18 de mayo 2023 &#8211; 13:08 El mandatario ecuatoriano llam\u00f3 a elecciones anticipadas a ra\u00edz del juicio pol\u00edtico en su contra, en el marco de un tratado comercial que gener\u00f3 p\u00e9rdidas en las arcas del Estado. Foto: El Universo Guillermo Lasso defendi\u00f3 este jueves su decisi\u00f3n de disolver el Congreso y llamar a elecciones anticipadas [&hellip;]<\/p>\n","protected":false},"author":2,"featured_media":4819,"comment_status":"closed","ping_status":"closed","sticky":false,"template":"","format":"standard","meta":{"jetpack_post_was_ever_published":false,"_jetpack_newsletter_access":"","_jetpack_dont_email_post_to_subs":false,"_jetpack_newsletter_tier_id":0,"_jetpack_memberships_contains_paywalled_content":false,"_jetpack_memberships_contains_paid_content":false,"footnotes":"","jetpack_publicize_message":"","jetpack_publicize_feature_enabled":true,"jetpack_social_post_already_shared":true,"jetpack_social_options":{"image_generator_settings":{"template":"highway","enabled":false},"version":2}},"categories":[20],"tags":[1286],"class_list":["post-4818","post","type-post","status-publish","format-standard","has-post-thumbnail","hentry","category-mundo","tag-mundo"],"jetpack_publicize_connections":[],"jetpack_featured_media_url":"https:\/\/i0.wp.com\/infolanus.com\/wp-content\/uploads\/2023\/05\/ecuador-guillermo-lasso-defendio-su-decision-de-disolver-el-congreso.jpg?fit=655%2C368&ssl=1","jetpack_sharing_enabled":true,"jetpack_shortlink":"https:\/\/wp.me\/p9QtMr-1fI","_links":{"self":[{"href":"https:\/\/infolanus.com\/index.php\/wp-json\/wp\/v2\/posts\/4818","targetHints":{"allow":["GET"]}}],"collection":[{"href":"https:\/\/infolanus.com\/index.php\/wp-json\/wp\/v2\/posts"}],"about":[{"href":"https:\/\/infolanus.com\/index.php\/wp-json\/wp\/v2\/types\/post"}],"author":[{"embeddable":true,"href":"https:\/\/infolanus.com\/index.php\/wp-json\/wp\/v2\/users\/2"}],"replies":[{"embeddable":true,"href":"https:\/\/infolanus.com\/index.php\/wp-json\/wp\/v2\/comments?post=4818"}],"version-history":[{"count":0,"href":"https:\/\/infolanus.com\/index.php\/wp-json\/wp\/v2\/posts\/4818\/revisions"}],"wp:featuredmedia":[{"embeddable":true,"href":"https:\/\/infolanus.com\/index.php\/wp-json\/wp\/v2\/media\/4819"}],"wp:attachment":[{"href":"https:\/\/infolanus.com\/index.php\/wp-json\/wp\/v2\/media?parent=4818"}],"wp:term":[{"taxonomy":"category","embeddable":true,"href":"https:\/\/infolanus.com\/index.php\/wp-json\/wp\/v2\/categories?post=4818"},{"taxonomy":"post_tag","embeddable":true,"href":"https:\/\/infolanus.com\/index.php\/wp-json\/wp\/v2\/tags?post=4818"}],"curies":[{"name":"wp","href":"https:\/\/api.w.org\/{rel}","templated":true}]}}