{"id":4837,"date":"2023-05-20T09:45:44","date_gmt":"2023-05-20T12:45:44","guid":{"rendered":"https:\/\/www.ambito.com\/uruguay\/crisis-del-agua-polemica-un-frigorifico-que-esta-secando-el-arroyo-pando-n5728063"},"modified":"2023-05-20T09:45:44","modified_gmt":"2023-05-20T12:45:44","slug":"crisis-del-agua-polemica-por-un-frigorifico-que-esta-secando-el-arroyo-pando","status":"publish","type":"post","link":"https:\/\/infolanus.com\/index.php\/2023\/05\/20\/crisis-del-agua-polemica-por-un-frigorifico-que-esta-secando-el-arroyo-pando\/","title":{"rendered":"Crisis del agua: Pol\u00e9mica por un frigor\u00edfico que est\u00e1 secando el Arroyo Pando"},"content":{"rendered":"<div><img data-recalc-dims=\"1\" decoding=\"async\" src=\"https:\/\/i0.wp.com\/media.ambito.com\/p\/100d2cdb4b54e3b73aa69240d5928d1d\/adjuntos\/351\/imagenes\/040\/720\/0040720799\/1200x675\/smart\/arroyo-pandowebp.png?w=640&#038;ssl=1\" class=\"ff-og-image-inserted\"><\/div>\n<div id>\n<p>La <strong>Intendencia de Canelones<\/strong> multar\u00e1 al <strong>Frigor\u00edfico Pando<\/strong> por extraer agua del arroyo sin autorizaci\u00f3n en medio de la <a href=\"https:\/\/www.ambito.com\/uruguay\/crisis-del-agua-baja-historica-las-reservas-y-el-gobierno-ya-piensa-la-importacion-n5727251\" target=\"_blank\" rel=\"follow noopener\">crisis del agua<\/a> que afecta a todo <strong>Uruguay<\/strong> pero, particularmente, a la zona metropolitana en la que se encuentra el departamento.<\/p>\n<\/div>\n<div id>\n<p>El Frigor\u00edfico Pando tiene permiso para tomar agua en un punto espec\u00edfico del <strong>Arroyo Pando<\/strong>. El problema es que esa parte del curso de agua se encuentra sin caudal, afectado por lo que ya se considera como la peor sequ\u00eda del \u00faltimo siglo en el pa\u00eds. Debido a esto, la empresa <strong>hizo una canalizaci\u00f3n de unos mil metros para extraer el l\u00edquido de otro punto del arroyo<\/strong>, lo que fue denunciado por los vecinos.<\/p>\n<\/div>\n<div id>\n<p> Por su parte, y tras ser avisada, la Intendencia intim\u00f3 al frigor\u00edfico para que deje de hacerlo y decidi\u00f3 multarlo.<\/p>\n<\/div>\n<div id>\n<h2>\u00bfC\u00f3mo fue el procedimiento contra el Frigor\u00edfico?<\/h2>\n<p>&#8220;La autoridad competente es <strong>Dinagua<\/strong> y <strong>Dinacea<\/strong> a quienes comunicamos de inmediato. Correr\u00e1n por el lado de ellos sus procedimientos. Nosotros ya elaboramos nuestro informe. Ya intimamos el cese y estamos evaluando la multa a aplicar. Por la <a href=\"https:\/\/www.google.com\/url?client=internal-element-cse&amp;cx=008892114045256532459:e63xqbr3i5i&amp;q=https:\/\/www.ambito.com\/uruguay\/el-gobierno-multara-dos-empresas-que-desvian-el-curso-del-rio-santa-lucia-plena-sequia-n5674780&amp;sa=U&amp;ved=2ahUKEwjQmN-e9YP_AhVaqpUCHdHrBEEQFnoECAkQAg&amp;usg=AOvVaw0DR3QmUKgOp-OP4906Q9Ax\" target=\"_blank\" rel=\"follow noopener\">ley de ordenamiento territorial<\/a> tenemos <strong>hasta 50.000 Unidades Reajustables (UR)<\/strong>. Para que tengamos un par\u00e1metro, en <strong>San Ram\u00f3n<\/strong> aplicamos una multa de 2.000 UR por extracci\u00f3n de arena, que equivale a unos 3.100.000 de pesos, aproximadamente&#8221;, dijo <strong>Francisco Legnani,<\/strong> secretario general de la intendencia canaria.<\/p>\n<\/div>\n<div id>\n<p>Consultado sobre si hubo otra explicaci\u00f3n por parte de la empresa respondi\u00f3; &#8220;De momento no&#8221;. Desde el frigor\u00edfico dijeron &#8220;que no ten\u00eda agua de donde estaban extrayendo&#8221;, explic\u00f3 Legnani. <\/p>\n<p>El alcalde de <strong>Empalme Olmos, Luis Parodi,<\/strong> cont\u00f3 a Telemundo que los vecinos se pusieron en contacto para denunciar lo que pasaba en el Arroyo Pando.<\/p>\n<p>&#8220;Se le inform\u00f3 a Medio Ambiente, a todas las autoridades. Estamos en las primeras bases del problema&#8221;, dijo Paroldi. Explic\u00f3 adem\u00e1s el accionar de la empresa. &#8220;<strong>Se han encargado de <a href=\"https:\/\/www.google.com\/url?client=internal-element-cse&amp;cx=008892114045256532459:e63xqbr3i5i&amp;q=https:\/\/www.ambito.com\/uruguay\/crisis-del-agua-ose-construira-una-represa-emergencia-el-rio-santa-lucia-n5720342&amp;sa=U&amp;ved=2ahUKEwjRl-Gq9YP_AhW9rZUCHcWpDegQFnoECAQQAg&amp;usg=AOvVaw3YoY3mqUWTtcBTaLoA3iTx\" target=\"_blank\" rel=\"follow noopener\">represar el arroyo<\/a> m\u00e1s arriba<\/strong>. Se han formado lagunas y ah\u00ed conectan los ca\u00f1os con las bombas, donde se les termina el agua, la vuelven a cambiar para otro lugar. Han hecho zanjas. <strong>Se van llevando el agua de a poco<\/strong>. Arroyo arriba est\u00e1n los vecinos, son agricultores o ganaderos y no les queda agua, la problem\u00e1tica viene por ah\u00ed&#8221;, sostuvo el alcalde.<\/p>\n<p>&#8220;A ra\u00edz de la sequ\u00eda, m\u00e1s la extracci\u00f3n del agua, <strong>el arroyo se est\u00e1 secando pr\u00e1cticamente<\/strong>&#8220;, concluy\u00f3.<\/p>\n<\/div>\n","protected":false},"excerpt":{"rendered":"<p>La Intendencia de Canelones multar\u00e1 al Frigor\u00edfico Pando por extraer agua del arroyo sin autorizaci\u00f3n en medio de la crisis del agua que afecta a todo Uruguay pero, particularmente, a la zona metropolitana en la que se encuentra el departamento. El Frigor\u00edfico Pando tiene permiso para tomar agua en un punto espec\u00edfico del Arroyo Pando. [&hellip;]<\/p>\n","protected":false},"author":2,"featured_media":4838,"comment_status":"closed","ping_status":"closed","sticky":false,"template":"","format":"standard","meta":{"jetpack_post_was_ever_published":false,"_jetpack_newsletter_access":"","_jetpack_dont_email_post_to_subs":false,"_jetpack_newsletter_tier_id":0,"_jetpack_memberships_contains_paywalled_content":false,"_jetpack_memberships_contains_paid_content":false,"footnotes":"","jetpack_publicize_message":"","jetpack_publicize_feature_enabled":true,"jetpack_social_post_already_shared":true,"jetpack_social_options":{"image_generator_settings":{"template":"highway","enabled":false},"version":2}},"categories":[20],"tags":[1286],"class_list":["post-4837","post","type-post","status-publish","format-standard","has-post-thumbnail","hentry","category-mundo","tag-mundo"],"jetpack_publicize_connections":[],"jetpack_featured_media_url":"https:\/\/i0.wp.com\/infolanus.com\/wp-content\/uploads\/2023\/05\/crisis-del-agua-polemica-por-un-frigorifico-que-esta-secando-el-arroyo-pando.png?fit=1200%2C675&ssl=1","jetpack_sharing_enabled":true,"jetpack_shortlink":"https:\/\/wp.me\/p9QtMr-1g1","_links":{"self":[{"href":"https:\/\/infolanus.com\/index.php\/wp-json\/wp\/v2\/posts\/4837","targetHints":{"allow":["GET"]}}],"collection":[{"href":"https:\/\/infolanus.com\/index.php\/wp-json\/wp\/v2\/posts"}],"about":[{"href":"https:\/\/infolanus.com\/index.php\/wp-json\/wp\/v2\/types\/post"}],"author":[{"embeddable":true,"href":"https:\/\/infolanus.com\/index.php\/wp-json\/wp\/v2\/users\/2"}],"replies":[{"embeddable":true,"href":"https:\/\/infolanus.com\/index.php\/wp-json\/wp\/v2\/comments?post=4837"}],"version-history":[{"count":0,"href":"https:\/\/infolanus.com\/index.php\/wp-json\/wp\/v2\/posts\/4837\/revisions"}],"wp:featuredmedia":[{"embeddable":true,"href":"https:\/\/infolanus.com\/index.php\/wp-json\/wp\/v2\/media\/4838"}],"wp:attachment":[{"href":"https:\/\/infolanus.com\/index.php\/wp-json\/wp\/v2\/media?parent=4837"}],"wp:term":[{"taxonomy":"category","embeddable":true,"href":"https:\/\/infolanus.com\/index.php\/wp-json\/wp\/v2\/categories?post=4837"},{"taxonomy":"post_tag","embeddable":true,"href":"https:\/\/infolanus.com\/index.php\/wp-json\/wp\/v2\/tags?post=4837"}],"curies":[{"name":"wp","href":"https:\/\/api.w.org\/{rel}","templated":true}]}}