{"id":4890,"date":"2023-05-26T21:29:36","date_gmt":"2023-05-27T00:29:36","guid":{"rendered":"https:\/\/www.ambito.com\/uruguay\/sacrificaron-52-animales-un-nuevo-foco-gripe-aviar-n5733391"},"modified":"2023-05-26T21:29:36","modified_gmt":"2023-05-27T00:29:36","slug":"sacrificaron-52-animales-por-un-nuevo-foco-de-gripe-aviar","status":"publish","type":"post","link":"https:\/\/infolanus.com\/index.php\/2023\/05\/26\/sacrificaron-52-animales-por-un-nuevo-foco-de-gripe-aviar\/","title":{"rendered":"Sacrificaron 52 animales por un nuevo foco de gripe aviar"},"content":{"rendered":"<p><!-- { REGION4 --> <\/p>\n<header class=\"news-headline\">\n<div class=\"news-headline__topics-and-date-wrapper\"> <span class=\"news-headline__publication-date\"> 26 de mayo 2023 &#8211; 21:29 <\/span><\/div>\n<h2 class=\"news-headline__article-summary\">\tSe detect\u00f3 en aves de traspatio en el departamento de Lavalleja. Suman 14 los brotes en distintos departamentos de Uruguay. <\/h2>\n<\/header>\n<div class=\"detail-highlighted-multimedia content-protected-false\">\n<figure class=\"detail-highlighted-multimedia__figure\"> <img data-recalc-dims=\"1\" loading=\"lazy\" decoding=\"async\" src=\"https:\/\/i0.wp.com\/media.ambito.com\/p\/091e455da59a63bf878886b383e1ab26\/adjuntos\/351\/imagenes\/040\/560\/0040560614\/655x368\/smart\/gripe-aviar-influenza.jpg?resize=640%2C360&#038;ssl=1\" class=\"detail-highlighted-multimedia__figure-img img-fluid\" alt=\"Se detect\u00f3 un nuevo foco de gripe aviar en Uruguay y ya suman 14 desde febrero.\" width=\"640\" height=\"360\"><figcaption class=\"detail-highlighted-multimedia__figcaption\" readability=\"-24\"> <span class=\"detail-highlighted-multimedia__copyright\">Foto: Presidencia<\/span><\/figcaption><\/figure>\n<\/div>\n<article class=\"article-body article-body--first-paragraph content-protected-false\" data-td-script-src=\"https:\/\/www.ambito.com\/td\/modulos\/encuestas\/js\/function-embeds-min-version-1660312110.js\" readability=\"28.354948805461\">\n<p>El <strong>Ministerio de Ganader\u00eda, Agricultura y Pesca (MGAP)<\/strong> detect\u00f3 un <a href=\"https:\/\/www.ambito.com\/uruguay\/alerta-el-mgap-encontro-montevideo-el-decimo-foco-gripe-aviar-n5701693\" target=\"_blank\" rel=\"follow noopener\"> nuevo foco de gripe aviar <\/a>en aves de traspatio de <strong>Lavalleja <\/strong>y se procedi\u00f3 a sacrificar un total de <strong>52 animales,<\/strong> en el marco del decimocuarto n\u00facleo al que llega la enfermedad desde que se detect\u00f3 el primer caso en <strong>Uruguay.<\/strong><\/p>\n<\/article>\n<article class=\"article-body article-body--second-paragraph content-protected-false\" readability=\"32.33242506812\">\n<p>El episodio tuvo lugar en un establecimiento de <strong>Sol\u00eds de Mataojo,<\/strong> seg\u00fan confirm\u00f3 el <strong>subsecretario de Ambiente, Gerardo Amarilla,<\/strong> a Subrayado. A pesar de que se decret\u00f3 la emergencia sanitaria y la situaci\u00f3n no afecta al consumo normal de huevos y carne de pollo, en el sector productivo <a href=\"https:\/\/www.ambito.com\/uruguay\/gripe-aviar-cuales-son-los-temores-del-sistema-productivo-n5715484\" target=\"_blank\" rel=\"follow noopener\"> permanece el temor <\/a>de que los contagios se trasladen al circuito comercial.<\/p>\n<\/article>\n<section class=\"related-news\"> <span class=\"related-news__title\">Informate m\u00e1s<\/span> <\/p>\n<div class=\"row row--eq-height\">\n<div class=\"col-12 col-md-6\">\n<article class=\"news-article news-article--landscape-news news-article--landscape-news\">\n<figure class=\"news-article__figure figure\"> <a href=\"https:\/\/www.ambito.com\/uruguay\/gripe-aviar-cuales-son-los-temores-del-sistema-productivo-n5715484\" target title=\"\u00e1mbito.com | Gripe aviar: \u00bfCu\u00e1les son los temores del sistema productivo?\" alt=\"\u00e1mbito.com | Gripe aviar: \u00bfCu\u00e1les son los temores del sistema productivo?\" rel=\"noindex nofollow noreferrer\"> <img loading=\"lazy\" decoding=\"async\" src=\"https:\/\/www.ambito.com\/css-custom\/351\/lazy.svg\" data-td-src-property=\"https:\/\/media.ambito.com\/p\/0efdfc7b080a302d7b1eb7ee367ba5e0\/adjuntos\/351\/imagenes\/040\/642\/0040642971\/93x52\/smart\/gripe-aviar.jpg\" alt=\"La gripe aviar en Uruguay est\u00e1 mayormente controlada, pero un contagio en el circuito comercial podr\u00eda generar graves da\u00f1os econ\u00f3micos.\" title=\"La gripe aviar en Uruguay est\u00e1 mayormente controlada, pero un contagio en el circuito comercial podr\u00eda generar graves da\u00f1os econ\u00f3micos.\" width=\"93\" height=\"52\" class=\"news-article__figure-img figure-img img-fluid\"> <\/a><\/figure>\n<\/article><\/div>\n<div class=\"col-12 col-md-6\">\n<article class=\"news-article news-article--landscape-news news-article--landscape-news\">\n<figure class=\"news-article__figure figure\"> <a href=\"https:\/\/www.ambito.com\/uruguay\/comienza-la-vacunacion-obligatoria-contra-la-gripe-aviar-n5712600\" target title=\"\u00e1mbito.com | Comienza la vacunaci\u00f3n obligatoria contra la gripe aviar\" alt=\"\u00e1mbito.com | Comienza la vacunaci\u00f3n obligatoria contra la gripe aviar\" rel=\"noindex nofollow noreferrer\"> <img loading=\"lazy\" decoding=\"async\" src=\"https:\/\/www.ambito.com\/css-custom\/351\/lazy.svg\" data-td-src-property=\"https:\/\/media.ambito.com\/p\/5c6e5b112890d43f49fa963c99ec9820\/adjuntos\/351\/imagenes\/040\/587\/0040587847\/93x52\/smart\/gripe-aviar-vacuna.jpg\" alt=\"La Divisi\u00f3n de Sanidad Animal comunic\u00f3 que se posterga hasta el 15 de mayo la vacunaci\u00f3n de la poblaci\u00f3n de reproductoras y ponedoras adultas.\" title=\"La Divisi\u00f3n de Sanidad Animal comunic\u00f3 que se posterga hasta el 15 de mayo la vacunaci\u00f3n de la poblaci\u00f3n de reproductoras y ponedoras adultas.\" width=\"93\" height=\"52\" class=\"news-article__figure-img figure-img img-fluid\"> <\/a><\/figure>\n<\/article><\/div>\n<\/div>\n<\/section>\n<article class=\"article-body article-body--third-paragraph content-protected-false\" readability=\"33\">\n<p> Tras la detecci\u00f3n del caso de gripe aviar, trabajadores del <strong>Centro Coordinador de Emergencias Departamentales (Cecoed) de Lavalleja <\/strong>y t\u00e9cnicos del <strong>Ministerio de Ambiente <\/strong>se acercaron a evaluar la situaci\u00f3n. Una vez all\u00ed, tuvieron que sacrificar a 52 ejemplares entre gallinas y patos, de acuerdo al protocolo vigente.<\/p>\n<\/article>\n<article class=\"article-body article-body--fourth-paragraph content-protected-false\" readability=\"30.050279329609\">\n<p>Los t\u00e9cnicos supervisaron otros animales en la zona y no encontraron m\u00e1s casos. Sin embargo, desde la aparici\u00f3n del primer animal enfermo en febrero, el <strong>MGAP <a href=\"https:\/\/www.ambito.com\/uruguay\/gripe-aviar-estos-son-los-alcances-la-emergencia-sanitaria-n5653439#:~:text=El%20gobierno%20decret%C3%B3%20la%20emergencia,sobre%20todo%20en%20granjas%20comerciales.\" target=\"_blank\" rel=\"follow noopener\"> declar\u00f3 la emergencia sanitaria <\/a><\/strong> a fin de contener la situaci\u00f3n con medidas de control y prevenci\u00f3n. Desde entonces, ocho focos se observaron en aves de traspatio y otros seis en aves silvestres.<\/p>\n<\/article>\n<article class=\"article-body article-body--remaining-paragraph content-protected-false\" readability=\"39.439238653001\">\n<h2>Avanza la vacunaci\u00f3n, aunque el gobierno tuvo que descartar una partida<\/h2>\n<p>El <strong>MGAP <\/strong>impuls\u00f3 <a href=\"https:\/\/www.ambito.com\/uruguay\/comienza-la-vacunacion-obligatoria-contra-la-gripe-aviar-n5712600\" target=\"_blank\" rel=\"follow noopener\"> la vacunaci\u00f3n obligatoria <\/a>para intentar detener el avance de la gripe aviar y en tal sentido adquiri\u00f3 <strong>10 millones<\/strong> de dosis en laboratorios de <strong>Francia y M\u00e9xico,<\/strong> invirtiendo un total de <strong>4 millones de d\u00f3lares. <\/strong>Sin embargo, semanas atr\u00e1s se vio forzado a tirar una partida de vacunas.<\/p>\n<p>Al explicar por qu\u00e9 tuvo que desechar las dosis, desde el Ministerio precisaron que no ten\u00edan la temperatura correcta, algo por lo que el laboratorio mexicano se hizo cargo y asumi\u00f3 el error. As\u00ed, garantiz\u00f3 la llegada de una nueva partida, aunque provoc\u00f3 que se postergue el calendario de vacunaci\u00f3n.<\/p>\n<\/article>\n<p> <!-- REGION4 } --> <\/p>\n","protected":false},"excerpt":{"rendered":"<p>26 de mayo 2023 &#8211; 21:29 Se detect\u00f3 en aves de traspatio en el departamento de Lavalleja. Suman 14 los brotes en distintos departamentos de Uruguay. Foto: Presidencia El Ministerio de Ganader\u00eda, Agricultura y Pesca (MGAP) detect\u00f3 un nuevo foco de gripe aviar en aves de traspatio de Lavalleja y se procedi\u00f3 a sacrificar un [&hellip;]<\/p>\n","protected":false},"author":2,"featured_media":4891,"comment_status":"closed","ping_status":"closed","sticky":false,"template":"","format":"standard","meta":{"jetpack_post_was_ever_published":false,"_jetpack_newsletter_access":"","_jetpack_dont_email_post_to_subs":false,"_jetpack_newsletter_tier_id":0,"_jetpack_memberships_contains_paywalled_content":false,"_jetpack_memberships_contains_paid_content":false,"footnotes":"","jetpack_publicize_message":"","jetpack_publicize_feature_enabled":true,"jetpack_social_post_already_shared":true,"jetpack_social_options":{"image_generator_settings":{"template":"highway","enabled":false},"version":2}},"categories":[20],"tags":[1286],"class_list":["post-4890","post","type-post","status-publish","format-standard","has-post-thumbnail","hentry","category-mundo","tag-mundo"],"jetpack_publicize_connections":[],"jetpack_featured_media_url":"https:\/\/i0.wp.com\/infolanus.com\/wp-content\/uploads\/2023\/05\/sacrificaron-52-animales-por-un-nuevo-foco-de-gripe-aviar.jpg?fit=655%2C368&ssl=1","jetpack_sharing_enabled":true,"jetpack_shortlink":"https:\/\/wp.me\/p9QtMr-1gS","_links":{"self":[{"href":"https:\/\/infolanus.com\/index.php\/wp-json\/wp\/v2\/posts\/4890","targetHints":{"allow":["GET"]}}],"collection":[{"href":"https:\/\/infolanus.com\/index.php\/wp-json\/wp\/v2\/posts"}],"about":[{"href":"https:\/\/infolanus.com\/index.php\/wp-json\/wp\/v2\/types\/post"}],"author":[{"embeddable":true,"href":"https:\/\/infolanus.com\/index.php\/wp-json\/wp\/v2\/users\/2"}],"replies":[{"embeddable":true,"href":"https:\/\/infolanus.com\/index.php\/wp-json\/wp\/v2\/comments?post=4890"}],"version-history":[{"count":0,"href":"https:\/\/infolanus.com\/index.php\/wp-json\/wp\/v2\/posts\/4890\/revisions"}],"wp:featuredmedia":[{"embeddable":true,"href":"https:\/\/infolanus.com\/index.php\/wp-json\/wp\/v2\/media\/4891"}],"wp:attachment":[{"href":"https:\/\/infolanus.com\/index.php\/wp-json\/wp\/v2\/media?parent=4890"}],"wp:term":[{"taxonomy":"category","embeddable":true,"href":"https:\/\/infolanus.com\/index.php\/wp-json\/wp\/v2\/categories?post=4890"},{"taxonomy":"post_tag","embeddable":true,"href":"https:\/\/infolanus.com\/index.php\/wp-json\/wp\/v2\/tags?post=4890"}],"curies":[{"name":"wp","href":"https:\/\/api.w.org\/{rel}","templated":true}]}}