{"id":4933,"date":"2023-06-01T15:53:21","date_gmt":"2023-06-01T18:53:21","guid":{"rendered":"https:\/\/www.ambito.com\/uruguay\/google-reformula-su-proyecto-por-razones-internas-confirmo-paganini-n5736718"},"modified":"2023-06-01T15:53:21","modified_gmt":"2023-06-01T18:53:21","slug":"google-reformula-su-proyecto-en-uruguay-por-razones-internas-confirmo-paganini","status":"publish","type":"post","link":"https:\/\/infolanus.com\/index.php\/2023\/06\/01\/google-reformula-su-proyecto-en-uruguay-por-razones-internas-confirmo-paganini\/","title":{"rendered":"Google reformula su proyecto en Uruguay &#8220;por razones internas&#8221;, confirm\u00f3 Paganini"},"content":{"rendered":"<p><!-- { REGION4 --> <\/p>\n<header class=\"news-headline\">\n<div class=\"news-headline__topics-and-date-wrapper\"> <span class=\"news-headline__publication-date\"> 1 de junio 2023 &#8211; 15:53 <\/span><\/div>\n<h2 class=\"news-headline__article-summary\">\tEl ministro de Industria aclar\u00f3 que los cambios se deben a &#8220;la estructura de costos&#8221; y no son por la crisis del agua del pa\u00eds. <\/h2>\n<\/header>\n<div class=\"detail-highlighted-multimedia content-protected-false\">\n<figure class=\"detail-highlighted-multimedia__figure\"> <img data-recalc-dims=\"1\" loading=\"lazy\" decoding=\"async\" src=\"https:\/\/i0.wp.com\/media.ambito.com\/p\/527d5411d6a8bc744f4e995bfa5d19dd\/adjuntos\/351\/imagenes\/040\/715\/0040715993\/655x368\/smart\/googlejpg.jpg?resize=640%2C427&#038;ssl=1\" class=\"detail-highlighted-multimedia__figure-img img-fluid\" alt=\"Paganini confirm\u00f3 que Google llegar\u00e1 a Uruguay, aunque admiti\u00f3 que reformula el proyecto por razones internas.\" width=\"640\" height=\"427\"><figcaption class=\"detail-highlighted-multimedia__figcaption\" readability=\"-23\"> <\/figcaption><\/figure>\n<\/p><\/div>\n<article class=\"article-body article-body--first-paragraph content-protected-false\" data-td-script-src=\"https:\/\/www.ambito.com\/td\/modulos\/encuestas\/js\/function-embeds-min-version-1660312092.js\" readability=\"31.252941176471\">\n<p>El <strong>ministro de Industria, Omar Paganini,<\/strong> asegur\u00f3 que el proyecto de <strong>Google <\/strong>de construir un data center en <strong>Canelones <\/strong>\u201cest\u00e1 en reformulaci\u00f3n\u201d y aclar\u00f3 que la situaci\u00f3n se da \u201cpor razones internas\u201d ligadas a la estructura de costos, descartando as\u00ed que se trata de cuestiones vinculadas a <a href=\"https:\/\/www.ambito.com\/uruguay\/crisis-del-agua-el-69-las-empresas-abastecidas-ose-no-tienen-plan-alternativo-cortes-n5736352\" target=\"_blank\" rel=\"follow noopener\"> la crisis del agua <\/a>que afecta a <strong>Uruguay.<\/strong><\/p>\n<\/article>\n<article class=\"article-body article-body--second-paragraph content-protected-false\" readability=\"32.277333333333\">\n<p>El funcionario descart\u00f3 as\u00ed que la empresa multinacional <a href=\"https:\/\/www.ambito.com\/uruguay\/google-medio-contradicciones-ambiente-e-industria-n5726445\" target=\"_blank\" rel=\"follow noopener\"> se retire del pa\u00eds <\/a>sin concretar la iniciativa, tal como sugiri\u00f3 d\u00edas atr\u00e1s el <strong>ministro de Ambiente, Robert Bouvier. <\/strong>No obstante,<strong> Paganini <\/strong>admiti\u00f3 en declaraciones a Radio Carve que el proyecto original &#8220;no est\u00e1 vigente&#8221;, pero aclar\u00f3 que desde la compa\u00f1\u00eda trabajan en otro que &#8220;est\u00e1n a punto de presentar&#8221;.<\/p>\n<\/article>\n<section class=\"related-news\"> <span class=\"related-news__title\">Informate m\u00e1s<\/span> <\/p>\n<div class=\"row row--eq-height\">\n<div class=\"col-12 col-md-6\">\n<article class=\"news-article news-article--landscape-news news-article--landscape-news\">\n<figure class=\"news-article__figure figure\"> <a href=\"https:\/\/www.ambito.com\/uruguay\/paganini-comparecio-el-parlamento-y-destaco-la-transparencia-los-precios-los-combustibles-n5638834\" target title=\"\u00e1mbito.com | Paganini compareci\u00f3 en el Parlamento y destac\u00f3 la transparencia en los precios de los combustibles\" alt=\"\u00e1mbito.com | Paganini compareci\u00f3 en el Parlamento y destac\u00f3 la transparencia en los precios de los combustibles\" rel=\"noindex nofollow noreferrer\"> <img loading=\"lazy\" decoding=\"async\" src=\"https:\/\/www.ambito.com\/css-custom\/351\/lazy.svg\" data-td-src-property=\"https:\/\/media.ambito.com\/p\/e8b4b7e33282a403b99dc1dcdcb3a61c\/adjuntos\/351\/imagenes\/040\/460\/0040460421\/93x52\/smart\/paganini-ministrojpg.jpg\" alt=\"El ministro de Industria, Energ\u00eda y Miner\u00eda, Omar Paganini, en su presentaci\u00f3n en el Parlamento del Uruguay.&nbsp;\" title=\"El ministro de Industria, Energ\u00eda y Miner\u00eda, Omar Paganini, en su presentaci\u00f3n en el Parlamento del Uruguay.&nbsp;\" width=\"93\" height=\"52\" class=\"news-article__figure-img figure-img img-fluid\"> <\/a><\/figure>\n<\/article><\/div>\n<div class=\"col-12 col-md-6\">\n<article class=\"news-article news-article--landscape-news news-article--landscape-news\">\n<figure class=\"news-article__figure figure\"> <a href=\"https:\/\/www.ambito.com\/uruguay\" target title=\"\u00e1mbito.com | La C\u00e1mara de Industrias alerta que empresas dejaron de producir por la crisis del agua\" alt=\"\u00e1mbito.com | La C\u00e1mara de Industrias alerta que empresas dejaron de producir por la crisis del agua\" rel=\"noindex nofollow noreferrer\"> <img loading=\"lazy\" decoding=\"async\" src=\"https:\/\/www.ambito.com\/css-custom\/351\/lazy.svg\" data-td-src-property=\"https:\/\/media.ambito.com\/p\/7a4564c9d0b0df5141a4b81567bd94bf\/adjuntos\/351\/imagenes\/040\/743\/0040743761\/93x52\/smart\/agua-industria.jpg\" alt=\"Algunas empresas uruguayas ya han dejado de producir debido a la crisis del agua.\" title=\"Algunas empresas uruguayas ya han dejado de producir debido a la crisis del agua.\" width=\"93\" height=\"52\" class=\"news-article__figure-img figure-img img-fluid\"> <\/a><\/figure>\n<\/article><\/div>\n<\/div>\n<\/section>\n<article class=\"article-body article-body--third-paragraph content-protected-false\" readability=\"30.917981072555\">\n<p> Al ser consultado por la situaci\u00f3n de <strong>Google,<\/strong> el ministro indic\u00f3 que la empresa <strong>\u201cvendr\u00e1 a Uruguay\u201d, <\/strong>pero indic\u00f3 que la idea original \u201cest\u00e1 en reformulaci\u00f3n por la estructura de costos del proyecto y no por las razones vinculadas al agua\u201d, al hacer referencia <a href=\"https:\/\/www.ambito.com\/uruguay\/crisis-del-agua-una-historia-critica-que-parece-no-tener-final-n5733312\" target=\"_blank\" rel=\"follow noopener\"> al d\u00e9ficit h\u00eddrico <\/a>que atraviesa el pa\u00eds.<\/p>\n<\/article>\n<article class=\"article-body article-body--fourth-paragraph content-protected-false\" readability=\"31\">\n<p>Para <strong>Paganini,<\/strong> el cambio tiene que ver con \u201clas situaciones de la empresa a nivel global\u201d y anticip\u00f3 que la nueva iniciativa sobre la que la empresa trabaja le permitir\u00e1, entre otras cosas \u201cuna conexi\u00f3n el\u00e9ctrica de menor costo para ellos y que consume menos agua\u201d.<\/p>\n<\/article>\n<article class=\"article-body article-body--remaining-paragraph content-protected-false\" readability=\"51\">\n<p>Sobre el proyecto anterior, mencion\u00f3 que \u201chab\u00eda un acuerdo con <strong>OSE,<\/strong> que inclu\u00eda obras para una conexi\u00f3n adicional\u201d. Coment\u00f3 que \u201cel proyecto de ingenier\u00eda de esas obras estaba pronto, pero no se lleg\u00f3 a ejecutar\u201d e insisti\u00f3 en que desde <strong>Google <\/strong>\u201cahora estar\u00edan planteando una alimentaci\u00f3n diferente&#8221;.<\/p>\n<h2>El ministro de Ambiente Robert Bouvier hab\u00eda dicho que &#8220;Google se retir\u00f3&#8221;<\/h2>\n<p>Los dichos de <strong>Paganini <\/strong>despejaron las dudas que se sembraron semanas atr\u00e1s luego de que <strong>el ministro de Ambiente, Robert Bouvier,<\/strong> afirmara en Radio Sarand\u00ed que \u201cel proyecto de <strong>Google <\/strong>del que tanto se habla ya se retir\u00f3\u201d, aunque sin brindar los motivos de esa decisi\u00f3n. De hecho, en aquel momento, hab\u00eda indicado: \u201cPor qu\u00e9 se retira habr\u00eda que preguntarle a <strong>Google\u201d.<\/strong><\/p>\n<p>En ese aspecto, mencion\u00f3 que mantuvo un encuentro con directivos. \u201cMe comunicaron que quedaba en suspenso y en una etapa de reestructura. Tuve una reuni\u00f3n con ellos para interiorizarme y no recuerdo el t\u00e9rmino exacto que dijeron, si fue suspendido, reestructurado o est\u00e1 en una etapa de evaluaci\u00f3n. Lo que s\u00ed es que el proyecto tal como estaba no se va a hacer\u201d.<\/p>\n<\/article>\n<p> <!-- REGION4 } --> <\/p>\n","protected":false},"excerpt":{"rendered":"<p>1 de junio 2023 &#8211; 15:53 El ministro de Industria aclar\u00f3 que los cambios se deben a &#8220;la estructura de costos&#8221; y no son por la crisis del agua del pa\u00eds. El ministro de Industria, Omar Paganini, asegur\u00f3 que el proyecto de Google de construir un data center en Canelones \u201cest\u00e1 en reformulaci\u00f3n\u201d y aclar\u00f3 [&hellip;]<\/p>\n","protected":false},"author":2,"featured_media":4934,"comment_status":"closed","ping_status":"closed","sticky":false,"template":"","format":"standard","meta":{"jetpack_post_was_ever_published":false,"_jetpack_newsletter_access":"","_jetpack_dont_email_post_to_subs":false,"_jetpack_newsletter_tier_id":0,"_jetpack_memberships_contains_paywalled_content":false,"_jetpack_memberships_contains_paid_content":false,"footnotes":"","jetpack_publicize_message":"","jetpack_publicize_feature_enabled":true,"jetpack_social_post_already_shared":true,"jetpack_social_options":{"image_generator_settings":{"template":"highway","enabled":false},"version":2}},"categories":[20],"tags":[1286],"class_list":["post-4933","post","type-post","status-publish","format-standard","has-post-thumbnail","hentry","category-mundo","tag-mundo"],"jetpack_publicize_connections":[],"jetpack_featured_media_url":"https:\/\/i0.wp.com\/infolanus.com\/wp-content\/uploads\/2023\/06\/google-reformula-su-proyecto-en-uruguay-por-razones-internas-confirmo-paganini.jpg?fit=655%2C368&ssl=1","jetpack_sharing_enabled":true,"jetpack_shortlink":"https:\/\/wp.me\/p9QtMr-1hz","_links":{"self":[{"href":"https:\/\/infolanus.com\/index.php\/wp-json\/wp\/v2\/posts\/4933","targetHints":{"allow":["GET"]}}],"collection":[{"href":"https:\/\/infolanus.com\/index.php\/wp-json\/wp\/v2\/posts"}],"about":[{"href":"https:\/\/infolanus.com\/index.php\/wp-json\/wp\/v2\/types\/post"}],"author":[{"embeddable":true,"href":"https:\/\/infolanus.com\/index.php\/wp-json\/wp\/v2\/users\/2"}],"replies":[{"embeddable":true,"href":"https:\/\/infolanus.com\/index.php\/wp-json\/wp\/v2\/comments?post=4933"}],"version-history":[{"count":0,"href":"https:\/\/infolanus.com\/index.php\/wp-json\/wp\/v2\/posts\/4933\/revisions"}],"wp:featuredmedia":[{"embeddable":true,"href":"https:\/\/infolanus.com\/index.php\/wp-json\/wp\/v2\/media\/4934"}],"wp:attachment":[{"href":"https:\/\/infolanus.com\/index.php\/wp-json\/wp\/v2\/media?parent=4933"}],"wp:term":[{"taxonomy":"category","embeddable":true,"href":"https:\/\/infolanus.com\/index.php\/wp-json\/wp\/v2\/categories?post=4933"},{"taxonomy":"post_tag","embeddable":true,"href":"https:\/\/infolanus.com\/index.php\/wp-json\/wp\/v2\/tags?post=4933"}],"curies":[{"name":"wp","href":"https:\/\/api.w.org\/{rel}","templated":true}]}}