{"id":4960,"date":"2023-06-04T22:11:03","date_gmt":"2023-06-05T01:11:03","guid":{"rendered":"http:\/\/infolanus.com\/index.php\/2023\/06\/04\/no-llegaron-a-un-acuerdo-ricardo-gareca-dejo-de-ser-el-tecnico-de-velez\/"},"modified":"2023-06-04T22:11:03","modified_gmt":"2023-06-05T01:11:03","slug":"no-llegaron-a-un-acuerdo-ricardo-gareca-dejo-de-ser-el-tecnico-de-velez","status":"publish","type":"post","link":"https:\/\/infolanus.com\/index.php\/2023\/06\/04\/no-llegaron-a-un-acuerdo-ricardo-gareca-dejo-de-ser-el-tecnico-de-velez\/","title":{"rendered":"No llegaron a un acuerdo: Ricardo Gareca dej\u00f3 de ser el t\u00e9cnico de V\u00e9lez"},"content":{"rendered":"<div class=\"media_block\"><\/div>\n<p><a target=\"_blank\" href=\"https:\/\/442.perfil.com\/personalidades\/ricardo-gareca\"><strong>Ricardo Gareca<\/strong><\/a> no ser\u00e1 m\u00e1s el t\u00e9cnico de <strong><a target=\"_blank\" href=\"https:\/\/442.perfil.com\/club\/v%C3%A9lez\">V\u00e9lez Sarsfield<\/a> <\/strong>luego de mantener su decisi\u00f3n durante el encuentro que tuvo en la noche del domingo junto con los directivos del club.<\/p>\n<p><strong>La jornada no comenz\u00f3 de la mejor manera para el equipo debido a la ausencia del entrenador, quien no se present\u00f3 a la practica<\/strong> realizada en la Villa Ol\u00edmpica.<\/p>\n<p><strong>Su estad\u00eda en este ciclo no fue el ideal ya que solo logr\u00f3 conseguir una victoria en compa\u00f1\u00eda de siete empates y cuatro derrotas,<\/strong> en un balance que dej\u00f3 al equipo en una incomoda posici\u00f3n en la tabla de posiciones de la <strong>Liga Profesional.<\/strong><\/p>\n<p><img data-recalc-dims=\"1\" decoding=\"async\" alt=\"Gareca\" src=\"https:\/\/i0.wp.com\/fotos.perfil.com\/\/2023\/06\/04\/900\/0\/gareca-1582132.jpg?w=640&#038;ssl=1\" loading=\"lazy\"><\/p>\n<p>Por medio de una manifestaci\u00f3n convocada en redes sociales, los seguidores del Fort\u00edn decidieron concurrir a las instalaciones de la sede deportiva para protestar por el delicado momento que vive el conjunto de Liniers.<\/p>\n<p>Por ahora, todo parece indicar que <strong>Marcelo Bravo, t\u00e9cnico de la Reserva ser\u00e1 la persona encargada de conducir al equipo<\/strong> durante las siguientes jornadas del campeonato.<\/p>\n<p>GM<\/p>\n<h2>&nbsp;<\/h2>\n","protected":false},"excerpt":{"rendered":"<p>Ricardo Gareca no ser\u00e1 m\u00e1s el t\u00e9cnico de V\u00e9lez Sarsfield luego de mantener su decisi\u00f3n durante el encuentro que tuvo en la noche del domingo junto con los directivos del club. La jornada no comenz\u00f3 de la mejor manera para el equipo debido a la ausencia del entrenador, quien no se present\u00f3 a la practica [&hellip;]<\/p>\n","protected":false},"author":2,"featured_media":4961,"comment_status":"closed","ping_status":"closed","sticky":false,"template":"","format":"standard","meta":{"jetpack_post_was_ever_published":false,"_jetpack_newsletter_access":"","_jetpack_dont_email_post_to_subs":false,"_jetpack_newsletter_tier_id":0,"_jetpack_memberships_contains_paywalled_content":false,"_jetpack_memberships_contains_paid_content":false,"footnotes":"","jetpack_publicize_message":"","jetpack_publicize_feature_enabled":true,"jetpack_social_post_already_shared":true,"jetpack_social_options":{"image_generator_settings":{"template":"highway","enabled":false},"version":2}},"categories":[17],"tags":[],"class_list":["post-4960","post","type-post","status-publish","format-standard","has-post-thumbnail","hentry","category-deportes"],"jetpack_publicize_connections":[],"jetpack_featured_media_url":"https:\/\/i0.wp.com\/infolanus.com\/wp-content\/uploads\/2023\/06\/no-llegaron-a-un-acuerdo-ricardo-gareca-dejo-de-ser-el-tecnico-de-velez.jpg?fit=900%2C506&ssl=1","jetpack_sharing_enabled":true,"jetpack_shortlink":"https:\/\/wp.me\/p9QtMr-1i0","_links":{"self":[{"href":"https:\/\/infolanus.com\/index.php\/wp-json\/wp\/v2\/posts\/4960","targetHints":{"allow":["GET"]}}],"collection":[{"href":"https:\/\/infolanus.com\/index.php\/wp-json\/wp\/v2\/posts"}],"about":[{"href":"https:\/\/infolanus.com\/index.php\/wp-json\/wp\/v2\/types\/post"}],"author":[{"embeddable":true,"href":"https:\/\/infolanus.com\/index.php\/wp-json\/wp\/v2\/users\/2"}],"replies":[{"embeddable":true,"href":"https:\/\/infolanus.com\/index.php\/wp-json\/wp\/v2\/comments?post=4960"}],"version-history":[{"count":0,"href":"https:\/\/infolanus.com\/index.php\/wp-json\/wp\/v2\/posts\/4960\/revisions"}],"wp:featuredmedia":[{"embeddable":true,"href":"https:\/\/infolanus.com\/index.php\/wp-json\/wp\/v2\/media\/4961"}],"wp:attachment":[{"href":"https:\/\/infolanus.com\/index.php\/wp-json\/wp\/v2\/media?parent=4960"}],"wp:term":[{"taxonomy":"category","embeddable":true,"href":"https:\/\/infolanus.com\/index.php\/wp-json\/wp\/v2\/categories?post=4960"},{"taxonomy":"post_tag","embeddable":true,"href":"https:\/\/infolanus.com\/index.php\/wp-json\/wp\/v2\/tags?post=4960"}],"curies":[{"name":"wp","href":"https:\/\/api.w.org\/{rel}","templated":true}]}}