{"id":4979,"date":"2023-06-07T00:00:00","date_gmt":"2023-06-07T03:00:00","guid":{"rendered":"https:\/\/www.ambito.com\/iran-debate-un-proyecto-que-preve-la-obligacion-legal-usar-el-velo-n5739523"},"modified":"2023-06-07T00:00:00","modified_gmt":"2023-06-07T03:00:00","slug":"iran-debate-un-proyecto-que-preve-la-obligacion-legal-de-usar-el-velo","status":"publish","type":"post","link":"https:\/\/infolanus.com\/index.php\/2023\/06\/07\/iran-debate-un-proyecto-que-preve-la-obligacion-legal-de-usar-el-velo\/","title":{"rendered":"Ir\u00e1n debate un proyecto que prev\u00e9 la obligaci\u00f3n legal de usar el velo"},"content":{"rendered":"<div><img data-recalc-dims=\"1\" decoding=\"async\" src=\"https:\/\/i0.wp.com\/media.ambito.com\/p\/aecff11dadcc175798b66eae0964ace0\/adjuntos\/239\/imagenes\/040\/755\/0040755633\/1200x675\/smart\/inter-iran-bookfair-_optjpeg.jpeg?w=640&#038;ssl=1\" class=\"ff-og-image-inserted\"><\/div>\n<div id>\n<p>Teher\u00e1n &#8211; Un proyecto de ley sobre el uso del velo en Ir\u00e1n suscita un vivo debate en el seno del poder, donde los conservadores se movilizan contra la negativa de un n\u00famero creciente de mujeres a cubrirse la cabeza.<\/p>\n<\/div>\n<div id>\n<p>Desde la Revoluci\u00f3n Isl\u00e1mica de 1979, la ley iran\u00ed impone a todas las mujeres el uso de un hiyab que cubre la cabeza y el cuello en los lugares p\u00fablicos.<\/p>\n<\/div>\n<div id>\n<p>Sin embargo, cada vez m\u00e1s mujeres iran\u00edes salen a la calle sin \u00e9l, una tendencia que se acentu\u00f3 con el movimiento de protesta desencadenado por la muerte de Mahsa Amini, una joven arrestada por infracci\u00f3n del estricto c\u00f3digo de vestimenta.<\/p>\n<\/div>\n<div id>\n<p>Los conservadores defienden apasionadamente la obligaci\u00f3n del velo y consideran que su desaparici\u00f3n iniciar\u00eda un proceso que modificar\u00eda en profundidad las \u201cnormas sociales\u201d.<\/p>\n<\/div>\n<div id>\n<p>En este contexto, el poder judicial y el gobierno propusieron en mayo un proyecto de ley denominado \u201cApoyo a la cultura del hiyab y la castidad\u201d para \u201cproteger la sociedad\u201d y \u201cfortalecer la vida familiar\u201d.<\/p>\n<p>Este texto sugiere reforzar las sanciones, en particular financieras, contra \u201ccualquier mujer que retire su velo en lugares p\u00fablicos o en internet\u201d.<\/p>\n<p>\u201cEste proyecto de ley propone tipificar como delito el no uso del hiyab, al igual que una infracci\u00f3n de tr\u00e1fico, pero con multas m\u00e1s severas\u201d, explica a la el soci\u00f3logo Abbas Abdi. No obstante, desde la muerte de Mahsa Amini, la sociedad \u201cno acepta que se encarcele a una mujer porque no lleva el velo\u201d, estima.<\/p>\n<p>En los \u00faltimos meses, las autoridades tomaron una serie de iniciativas, que van desde el cierre de comercios, en particular restaurantes, hasta la instalaci\u00f3n de c\u00e1maras en las calles para perseguir a las mujeres que desaf\u00edan la prohibici\u00f3n.<\/p>\n<p>En los \u00faltimos d\u00edas, al menos tres funcionarios fueron destituidos o detenidos por haber autorizado el acceso de mujeres sin velo a sitios hist\u00f3ricos.<\/p>\n<p>El proyecto de ley, que se public\u00f3 en los medios de comunicaci\u00f3n proclives al gobierno, prev\u00e9 que las infractoras reciban primero un mensaje de advertencia de la polic\u00eda.<\/p>\n<p>En caso de reincidencia, se enfrentan a una multa de 500.000 a 6 millones de tomanes (unos 11 a 129 d\u00f3lares), una suma importante para muchos iran\u00edes. A esto se a\u00f1ade la privaci\u00f3n de los derechos sociales y la confiscaci\u00f3n del coche durante diez d\u00edas para las mujeres que conducen.<\/p>\n<\/div>\n","protected":false},"excerpt":{"rendered":"<p>Teher\u00e1n &#8211; Un proyecto de ley sobre el uso del velo en Ir\u00e1n suscita un vivo debate en el seno del poder, donde los conservadores se movilizan contra la negativa de un n\u00famero creciente de mujeres a cubrirse la cabeza. Desde la Revoluci\u00f3n Isl\u00e1mica de 1979, la ley iran\u00ed impone a todas las mujeres el [&hellip;]<\/p>\n","protected":false},"author":2,"featured_media":4980,"comment_status":"closed","ping_status":"closed","sticky":false,"template":"","format":"standard","meta":{"jetpack_post_was_ever_published":false,"_jetpack_newsletter_access":"","_jetpack_dont_email_post_to_subs":false,"_jetpack_newsletter_tier_id":0,"_jetpack_memberships_contains_paywalled_content":false,"_jetpack_memberships_contains_paid_content":false,"footnotes":"","jetpack_publicize_message":"","jetpack_publicize_feature_enabled":true,"jetpack_social_post_already_shared":true,"jetpack_social_options":{"image_generator_settings":{"template":"highway","enabled":false},"version":2}},"categories":[20],"tags":[1287],"class_list":["post-4979","post","type-post","status-publish","format-standard","has-post-thumbnail","hentry","category-mundo","tag-edicion-impresa"],"jetpack_publicize_connections":[],"jetpack_featured_media_url":"https:\/\/i0.wp.com\/infolanus.com\/wp-content\/uploads\/2023\/06\/iran-debate-un-proyecto-que-preve-la-obligacion-legal-de-usar-el-velo.jpg?fit=1200%2C675&ssl=1","jetpack_sharing_enabled":true,"jetpack_shortlink":"https:\/\/wp.me\/p9QtMr-1ij","_links":{"self":[{"href":"https:\/\/infolanus.com\/index.php\/wp-json\/wp\/v2\/posts\/4979","targetHints":{"allow":["GET"]}}],"collection":[{"href":"https:\/\/infolanus.com\/index.php\/wp-json\/wp\/v2\/posts"}],"about":[{"href":"https:\/\/infolanus.com\/index.php\/wp-json\/wp\/v2\/types\/post"}],"author":[{"embeddable":true,"href":"https:\/\/infolanus.com\/index.php\/wp-json\/wp\/v2\/users\/2"}],"replies":[{"embeddable":true,"href":"https:\/\/infolanus.com\/index.php\/wp-json\/wp\/v2\/comments?post=4979"}],"version-history":[{"count":0,"href":"https:\/\/infolanus.com\/index.php\/wp-json\/wp\/v2\/posts\/4979\/revisions"}],"wp:featuredmedia":[{"embeddable":true,"href":"https:\/\/infolanus.com\/index.php\/wp-json\/wp\/v2\/media\/4980"}],"wp:attachment":[{"href":"https:\/\/infolanus.com\/index.php\/wp-json\/wp\/v2\/media?parent=4979"}],"wp:term":[{"taxonomy":"category","embeddable":true,"href":"https:\/\/infolanus.com\/index.php\/wp-json\/wp\/v2\/categories?post=4979"},{"taxonomy":"post_tag","embeddable":true,"href":"https:\/\/infolanus.com\/index.php\/wp-json\/wp\/v2\/tags?post=4979"}],"curies":[{"name":"wp","href":"https:\/\/api.w.org\/{rel}","templated":true}]}}