{"id":5057,"date":"2023-06-18T14:24:00","date_gmt":"2023-06-18T17:24:00","guid":{"rendered":"https:\/\/www.ambito.com\/uruguay\/la-lucha-generar-competitividad-sus-puertos-n5748956"},"modified":"2023-06-18T14:24:00","modified_gmt":"2023-06-18T17:24:00","slug":"la-lucha-de-uruguay-por-generar-competitividad-en-sus-puertos","status":"publish","type":"post","link":"https:\/\/infolanus.com\/index.php\/2023\/06\/18\/la-lucha-de-uruguay-por-generar-competitividad-en-sus-puertos\/","title":{"rendered":"La lucha de Uruguay por generar competitividad en sus puertos"},"content":{"rendered":"<div><img data-recalc-dims=\"1\" decoding=\"async\" src=\"https:\/\/i0.wp.com\/media.ambito.com\/p\/925f0a829a4b9f7eda82845411f06c1b\/adjuntos\/351\/imagenes\/040\/471\/0040471335\/1200x675\/smart\/puerto-montevideo-exportaciones.jpg?w=640&#038;ssl=1\" class=\"ff-og-image-inserted\"><\/div>\n<div id>\n<p>Una baja del casi el 95% de las tarifas en los puertos de R\u00edo de Janeiro y Santos en Brasil volvi\u00f3 a disparar la pol\u00e9mica dentro de la <strong>Uni\u00f3n de Exportadores del Uruguay (UEU) <\/strong><strong>donde el presidente, Facundo M\u00e1rquez, <\/strong>record\u00f3 que a <strong>Uruguay <\/strong>le queda mucho por hacer para<a href=\"https:\/\/www.ambito.com\/uruguay\/el-puerto-montevideo-es-uno-los-peores-del-mundo-segun-el-banco-mundial-n5740730\" target=\"_blank\" rel=\"follow noopener\"> generar competitividad en la regi\u00f3n.<\/a><\/p>\n<\/p><\/div>\n<div id>\n<p>\u201cParte importante de la competitividad de un pa\u00eds pasa por la estrategia portuaria y su <strong>estructura de servicios y costos<\/strong>. Uruguay tiene mucho que hacer en esta materia porque nuestros competidores no esperan\u201d, public\u00f3 en sus redes sociales el presidente de la UEU junto con una noticia de un medio brasile\u00f1o que anunciaba <a href=\"https:\/\/www.ambito.com\/uruguay\/el-puerto-montevideo-movilizo-mayo-un-18-mas-contenedores-que-2022-n5737196\" target=\"_blank\" rel=\"follow noopener\">una considerable baja de tarifas para los puertos de Rio de Janeiro y Santos.<\/a><\/p>\n<\/p><\/div>\n<div id>\n<div contenteditable=\"false\" class=\"embed_cont type_freetext\" rel=\"freetext\" id=\"embed198_wrap\" data-provider=\"Twitter\" readability=\"26.165745856354\">\n<p> https:\/\/twitter.com\/FacuMarquez76\/status\/1670428004839718913<span onclick=\"parent.parent.TinyMCETdcuerpo.preview_embed('embed198')\" class=\"embed_colapse less\" id=\"embed198_colapse\"><\/span><span onclick=\"parent.parent.TinyMCETdcuerpo.delete_embed('embed198')\" class=\"embed_delete less\" id=\"embed198_delete\"><\/span><\/p>\n<\/p><\/div>\n<p>El tema de la competitividad del Puerto de Montevideo lleva larga data, caracterizado por un sector exportador que se queja de manera constante de la poca capacidad del puerto para competir con otros puertos de la regi\u00f3n. A finales de mayo, M\u00e1rquez critic\u00f3 que los precios en las terminales portuarias uruguayas \u201cest\u00e1n tres veces y media o cuatro veces m\u00e1s caros que puertos competitivos como los de <strong>Chile <\/strong>o R\u00edo Grande en <strong>Brasil<\/strong>\u201d.<\/p>\n<\/div>\n<div id>\n<p>Por otro lado, asegur\u00f3 que, en los \u00faltimos siete a\u00f1os, <strong>los precios aumentaron un 350%, <\/strong>aunque admiti\u00f3 que, desde la concesi\u00f3n a la empresa belga, Katoen Natie \u2013 que posee el 80% de la <strong>Terminal Cuenca del Plata (TCP)<\/strong> donde el otro 20% le pertenece a la ANP \u2013 los precios lograron bajar en un 26%.<\/p>\n<\/div>\n<div id>\n<p>Frente a esto, la respuesta del presidente de la <strong>Administraci\u00f3n Nacional de Puertos <\/strong>(ANP),<strong> Juan Curbelo fue que <\/strong>los exportadores tienen una <strong>visi\u00f3n \u201cdistorsionada\u201d<\/strong>. \u201cNo se puede hablar permanentemente de que el puerto (de Montevideo) o los costos portuarios no son competitivos con los de la regi\u00f3n porque, primero, no es verdad y segundo, hay que tener una amplitud en lo que tiene que ver con entender cu\u00e1l es la realidad, la funci\u00f3n de los puertos y c\u00f3mo es que se miden los costos portuarios\u201d, critic\u00f3 el presidente.<\/p>\n<p>En ese sentido, remarc\u00f3 que no solamente se puede hablar de los precios portuarios, sino que se tienen que tener en cuenta otros factores. Curbelo asegur\u00f3 que el posicionamiento de los puertos uruguayos tiene que ver con <strong>\u201cser eficientes, seguros y tener una buena infraestructura<\/strong> que haga que elijan al pa\u00eds\u201d.<\/p>\n<h2>El Puerto de Montevideo, uno de los peores del mundo seg\u00fan el Banco Mundial<\/h2>\n<p>El <strong>puerto de Montevideo<\/strong> fue uno de <a href=\"https:\/\/www.ambito.com\/uruguay\/la-anp-avanza-su-proyecto-crear-un-puerto-seco-rivera-n5741365\" target=\"_blank\" rel=\"follow noopener\"> los peores calificados en eficiencia y competitividad a nivel mundial, <\/a>seg\u00fan el <strong>\u00cdndice de Desempe\u00f1o de los Puertos de Contenedores (CPPI<\/strong>, por sus siglas en ingl\u00e9s), que ubic\u00f3 a <strong>Uruguay<\/strong> en el puesto 304, de un total de 348 puertos donde se remarc\u00f3 que todav\u00eda tiene mucho que mejorar en t\u00e9rminos de <strong>eficiencia y competitividad<\/strong>.<\/p>\n<p>El \u00cdndice elaborado por el Banco Mundial junto a la <strong>Unidad de Inteligencia de Mercados de Standard &amp; Poor\u2019s Global<\/strong> busca comparar puertos a nivel mundial seg\u00fan su eficiencia, \u201cmedida por el tiempo transcurrido desde que un barco llega al puerto, hasta que abandona el puesto de atraque luego de haber completado su intercambio de carga\u201d.<\/p>\n<\/div>\n","protected":false},"excerpt":{"rendered":"<p>Una baja del casi el 95% de las tarifas en los puertos de R\u00edo de Janeiro y Santos en Brasil volvi\u00f3 a disparar la pol\u00e9mica dentro de la Uni\u00f3n de Exportadores del Uruguay (UEU) donde el presidente, Facundo M\u00e1rquez, record\u00f3 que a Uruguay le queda mucho por hacer para generar competitividad en la regi\u00f3n. \u201cParte [&hellip;]<\/p>\n","protected":false},"author":2,"featured_media":5058,"comment_status":"closed","ping_status":"closed","sticky":false,"template":"","format":"standard","meta":{"jetpack_post_was_ever_published":false,"_jetpack_newsletter_access":"","_jetpack_dont_email_post_to_subs":false,"_jetpack_newsletter_tier_id":0,"_jetpack_memberships_contains_paywalled_content":false,"_jetpack_memberships_contains_paid_content":false,"footnotes":"","jetpack_publicize_message":"","jetpack_publicize_feature_enabled":true,"jetpack_social_post_already_shared":true,"jetpack_social_options":{"image_generator_settings":{"template":"highway","enabled":false},"version":2}},"categories":[20],"tags":[1286],"class_list":["post-5057","post","type-post","status-publish","format-standard","has-post-thumbnail","hentry","category-mundo","tag-mundo"],"jetpack_publicize_connections":[],"jetpack_featured_media_url":"https:\/\/i0.wp.com\/infolanus.com\/wp-content\/uploads\/2023\/06\/la-lucha-de-uruguay-por-generar-competitividad-en-sus-puertos.jpg?fit=1200%2C675&ssl=1","jetpack_sharing_enabled":true,"jetpack_shortlink":"https:\/\/wp.me\/p9QtMr-1jz","_links":{"self":[{"href":"https:\/\/infolanus.com\/index.php\/wp-json\/wp\/v2\/posts\/5057","targetHints":{"allow":["GET"]}}],"collection":[{"href":"https:\/\/infolanus.com\/index.php\/wp-json\/wp\/v2\/posts"}],"about":[{"href":"https:\/\/infolanus.com\/index.php\/wp-json\/wp\/v2\/types\/post"}],"author":[{"embeddable":true,"href":"https:\/\/infolanus.com\/index.php\/wp-json\/wp\/v2\/users\/2"}],"replies":[{"embeddable":true,"href":"https:\/\/infolanus.com\/index.php\/wp-json\/wp\/v2\/comments?post=5057"}],"version-history":[{"count":0,"href":"https:\/\/infolanus.com\/index.php\/wp-json\/wp\/v2\/posts\/5057\/revisions"}],"wp:featuredmedia":[{"embeddable":true,"href":"https:\/\/infolanus.com\/index.php\/wp-json\/wp\/v2\/media\/5058"}],"wp:attachment":[{"href":"https:\/\/infolanus.com\/index.php\/wp-json\/wp\/v2\/media?parent=5057"}],"wp:term":[{"taxonomy":"category","embeddable":true,"href":"https:\/\/infolanus.com\/index.php\/wp-json\/wp\/v2\/categories?post=5057"},{"taxonomy":"post_tag","embeddable":true,"href":"https:\/\/infolanus.com\/index.php\/wp-json\/wp\/v2\/tags?post=5057"}],"curies":[{"name":"wp","href":"https:\/\/api.w.org\/{rel}","templated":true}]}}