{"id":5076,"date":"2023-06-21T10:49:51","date_gmt":"2023-06-21T13:49:51","guid":{"rendered":"https:\/\/www.ambito.com\/uruguay\/pereira-exige-la-renuncia-heber-la-inseguridad-n5750729"},"modified":"2023-06-21T10:49:51","modified_gmt":"2023-06-21T13:49:51","slug":"pereira-exige-la-renuncia-de-heber-por-la-inseguridad","status":"publish","type":"post","link":"https:\/\/infolanus.com\/index.php\/2023\/06\/21\/pereira-exige-la-renuncia-de-heber-por-la-inseguridad\/","title":{"rendered":"Pereira exige la renuncia de Heber por la inseguridad"},"content":{"rendered":"<div><img data-recalc-dims=\"1\" decoding=\"async\" src=\"https:\/\/i0.wp.com\/media.ambito.com\/p\/b1772f67fc64b0c4c0f09fdfd64f5bc5\/adjuntos\/351\/imagenes\/040\/569\/0040569104\/1200x675\/smart\/fernando-pereira-fa-frente-amplio.jpg?w=640&#038;ssl=1\" class=\"ff-og-image-inserted\"><\/div>\n<div id>\n<p>El presidente del <strong>Frente Amplio (FA)<\/strong>, <strong>Fernando Pereira,<\/strong> consider\u00f3 que el <a href=\"https:\/\/www.ambito.com\/uruguay\/heber-baja-el-tono-la-polemica-la-inseguridad-y-dice-que-los-homicidios-bajaron-un-50-n5736961\" target=\"_blank\" rel=\"follow noopener\">ministro del Interior <strong>Luis Alberto Heber<\/strong><\/a>, que ser\u00e1 interpelado en la <strong> C\u00e1mara de Representantes<\/strong> el pr\u00f3ximo 28 de junio, \u201cse agot\u00f3 en su propia gesti\u00f3n\u201d y que deber\u00eda dar un paso al costado de su cargo en el gobierno de <strong>Uruguay.<\/strong><\/p>\n<\/p><\/div>\n<div id>\n<p>Los dichos del referente opositor se dieron en el marco de las <a href=\"https:\/\/www.google.com\/url?client=internal-element-cse&amp;cx=008892114045256532459:e63xqbr3i5i&amp;q=https:\/\/www.ambito.com\/uruguay\/el-malestar-la-inseguridad-empana-la-imagen-del-gobierno-n5736036&amp;sa=U&amp;ved=2ahUKEwiwxYOqv9T_AhU6lZUCHZxeBIYQFnoECAIQAg&amp;usg=AOvVaw0A8WUpDMKWPAPW2ld1cqMP\" target=\"_blank\" rel=\"follow noopener\"> profundas cr\u00edticas que enfrenta el gobierno<\/a> debido a la <strong>gesti\u00f3n de la seguridad<\/strong> en el pa\u00eds, y en la previa a que el ministro Heber sea interpelado por los legisladores respecto de este tema.<\/p>\n<\/div>\n<div id>\n<p> \u201cCreo que <strong>es un ministro que se agot\u00f3 en su propia gesti\u00f3n<\/strong>. Y un ministro que se agota, al que la gente no le cree, <strong>no debe permanecer en su cargo<\/strong>. No es un problema de llevarnos bien o mal con el ministro, es un problema de que ya la sociedad no le cree\u201d, se\u00f1al\u00f3 Pereira en rueda de prensa, tras una reuni\u00f3n con la Mesa Pol\u00edtica del FA por la declaraci\u00f3n de la crisis h\u00eddrica en la zona metropolitana.<\/p>\n<\/div>\n<div id>\n<p>En ese sentido, el presidente de la coalici\u00f3n de izquierda subray\u00f3 que la convocatoria al Parlamento no es solo por los siete homicidios registrados entre el viernes y el lunes pasado, sino que es debido a la <strong>preocupaci\u00f3n creciente en la sociedad<\/strong> de que \u201cen sus barrios no se est\u00e1 pudiendo vivir en paz\u201d. \u201cQue viven en medio de balaceras, que la circunstancias son muy dif\u00edciles en las paradas de los \u00f3mnibus, los problemas en el transporte, la<strong> falta de certezas del ministro<\/strong>\u201d, enumer\u00f3.<\/p>\n<\/div>\n<div id>\n<p>Para Pereira, \u201cest\u00e1 claro\u201d que Heber \u201cest\u00e1 m\u00e1s preocupado por la campa\u00f1a\u201d de <strong>Laura Raffo<\/strong>, eventual precandidata del <strong>Partido Nacional<\/strong> por el herrerismo, \u201cque por la seguridad p\u00fablica\u201d. Asimismo, y en la misma l\u00ednea, record\u00f3 que los casos <strong>Marset<\/strong> y <strong>Astesiano<\/strong> como grandes fallos de la gesti\u00f3n del actual ministro; as\u00ed como sus expresiones \u201cen un caso tan grave\u201d como el de las denuncias de abuso y explotaci\u00f3n sexual de menores por parte del senador blanco <strong>Gustavo Penad\u00e9s,<\/strong> sin dar muestras de la objetividad e imparcialidad que requer\u00eda la situaci\u00f3n.<\/p>\n<p>\u201cHay que tener discusiones sensatas sobre la seguridad p\u00fablica. Y discutir sensatamente es que la interpelaci\u00f3n se tome en serio, que la cr\u00edtica que le haga el Frente Amplio al gobierno sea analizada y respondida. <strong>Que no se responda sobre gestiones anteriores porque la poblaci\u00f3n ya las evalu\u00f3<\/strong>. Que se responda sobre cuatro a\u00f1os de gobierno\u201d, coment\u00f3 Pereira sobre sus expectativas de la interpelaci\u00f3n venidera.<\/p>\n<p>\u201cEl gobierno, a esta altura, <strong>tiene m\u00e1s cosas para explicar que logros para mostrar<\/strong>\u201d, sentenci\u00f3.<\/p>\n<p>Mientras tanto, el <strong>Ministerio del Interior<\/strong> prepara la presentaci\u00f3n de <a href=\"https:\/\/www.ambito.com\/uruguay\/el-ministerio-del-interior-ultima-detalles-16-medidas-mejorar-la-seguridad-n5747523\" target=\"_blank\" rel=\"follow noopener\">16 medidas para mejorar la seguridad en Uruguay<\/a>, que ser\u00e1n implementadas con o sin el apoyo de los partidos pol\u00edticos.<\/p>\n<h2>Una cr\u00edtica que no es novedosa<\/h2>\n<p>Los dichos de Pereira tras la reuni\u00f3n de la Mesa Pol\u00edtica del FA no son novedosos: a principios de junio ya hab\u00eda pedido que el ministro del Interior <a href=\"https:\/\/www.ambito.com\/uruguay\/por-la-inseguridad-pereira-cree-que-heber-deberia-dar-un-paso-al-costado-n5737444\" target=\"_blank\" rel=\"follow noopener\">renunciara a su cargo<\/a> debido a que el plan para combatir la inseguridad no hab\u00eda funcionado.<\/p>\n<p>\u201cLa gente est\u00e1 decepcionada porque le hablaron de 50.000 viviendas y no llegan; porque le hablaron de que se acababa el recreo y entre muertes dudosas y <strong>homicidios el a\u00f1o pasado hubo r\u00e9cord y este a\u00f1o va en la misma escalada<\/strong>\u201d, hab\u00eda afirmado el referente opositor en rueda de prensa durante el Plenario del Frente Amplio. Asimismo, resalt\u00f3 lo que consider\u00f3 una paradoja: \u201cEl ministro Heber le llev\u00f3 un plan a Lacalle hace m\u00e1s de un a\u00f1o y como consecuencia <strong>aumentan los homicidios<\/strong>\u201d; raz\u00f3n por la cual era el \u201cmomento que el ministro d\u00e9 un paso al costado\u201d.<\/p>\n<\/div>\n","protected":false},"excerpt":{"rendered":"<p>El presidente del Frente Amplio (FA), Fernando Pereira, consider\u00f3 que el ministro del Interior Luis Alberto Heber, que ser\u00e1 interpelado en la C\u00e1mara de Representantes el pr\u00f3ximo 28 de junio, \u201cse agot\u00f3 en su propia gesti\u00f3n\u201d y que deber\u00eda dar un paso al costado de su cargo en el gobierno de Uruguay. Los dichos del [&hellip;]<\/p>\n","protected":false},"author":2,"featured_media":5077,"comment_status":"closed","ping_status":"closed","sticky":false,"template":"","format":"standard","meta":{"jetpack_post_was_ever_published":false,"_jetpack_newsletter_access":"","_jetpack_dont_email_post_to_subs":false,"_jetpack_newsletter_tier_id":0,"_jetpack_memberships_contains_paywalled_content":false,"_jetpack_memberships_contains_paid_content":false,"footnotes":"","jetpack_publicize_message":"","jetpack_publicize_feature_enabled":true,"jetpack_social_post_already_shared":true,"jetpack_social_options":{"image_generator_settings":{"template":"highway","enabled":false},"version":2}},"categories":[20],"tags":[1286],"class_list":["post-5076","post","type-post","status-publish","format-standard","has-post-thumbnail","hentry","category-mundo","tag-mundo"],"jetpack_publicize_connections":[],"jetpack_featured_media_url":"https:\/\/i0.wp.com\/infolanus.com\/wp-content\/uploads\/2023\/06\/pereira-exige-la-renuncia-de-heber-por-la-inseguridad.jpg?fit=1200%2C675&ssl=1","jetpack_sharing_enabled":true,"jetpack_shortlink":"https:\/\/wp.me\/p9QtMr-1jS","_links":{"self":[{"href":"https:\/\/infolanus.com\/index.php\/wp-json\/wp\/v2\/posts\/5076","targetHints":{"allow":["GET"]}}],"collection":[{"href":"https:\/\/infolanus.com\/index.php\/wp-json\/wp\/v2\/posts"}],"about":[{"href":"https:\/\/infolanus.com\/index.php\/wp-json\/wp\/v2\/types\/post"}],"author":[{"embeddable":true,"href":"https:\/\/infolanus.com\/index.php\/wp-json\/wp\/v2\/users\/2"}],"replies":[{"embeddable":true,"href":"https:\/\/infolanus.com\/index.php\/wp-json\/wp\/v2\/comments?post=5076"}],"version-history":[{"count":0,"href":"https:\/\/infolanus.com\/index.php\/wp-json\/wp\/v2\/posts\/5076\/revisions"}],"wp:featuredmedia":[{"embeddable":true,"href":"https:\/\/infolanus.com\/index.php\/wp-json\/wp\/v2\/media\/5077"}],"wp:attachment":[{"href":"https:\/\/infolanus.com\/index.php\/wp-json\/wp\/v2\/media?parent=5076"}],"wp:term":[{"taxonomy":"category","embeddable":true,"href":"https:\/\/infolanus.com\/index.php\/wp-json\/wp\/v2\/categories?post=5076"},{"taxonomy":"post_tag","embeddable":true,"href":"https:\/\/infolanus.com\/index.php\/wp-json\/wp\/v2\/tags?post=5076"}],"curies":[{"name":"wp","href":"https:\/\/api.w.org\/{rel}","templated":true}]}}