{"id":5082,"date":"2023-06-22T08:44:38","date_gmt":"2023-06-22T11:44:38","guid":{"rendered":"https:\/\/www.ambito.com\/uruguay\/en-cuanto-quedan-los-precios-del-agua-embotellada-impuestos-n5751671"},"modified":"2023-06-22T08:44:38","modified_gmt":"2023-06-22T11:44:38","slug":"en-cuanto-quedan-los-precios-del-agua-embotellada-sin-impuestos","status":"publish","type":"post","link":"https:\/\/infolanus.com\/index.php\/2023\/06\/22\/en-cuanto-quedan-los-precios-del-agua-embotellada-sin-impuestos\/","title":{"rendered":"\u00bfEn cu\u00e1nto quedan los precios del agua embotellada sin impuestos?"},"content":{"rendered":"<div><img data-recalc-dims=\"1\" decoding=\"async\" src=\"https:\/\/i0.wp.com\/media.ambito.com\/p\/4616dd5460f18b05f7aa4a8fb13b5643\/adjuntos\/351\/imagenes\/040\/711\/0040711098\/1200x675\/smart\/agua-mineral-botellas-bidones.jpg?w=640&#038;ssl=1\" class=\"ff-og-image-inserted\"><\/div>\n<div id>\n<p>El <strong>Parlamento<\/strong> aprob\u00f3 ayer la <strong><a href=\"https:\/\/www.ambito.com\/uruguay\/crisis-del-agua-el-parlamento-aprobo-la-exoneracion-impuestos-al-agua-embotellada-n5751022\" target=\"_blank\" rel=\"follow noopener\">exoneraci\u00f3n de impuestos al agua embotellada<\/a><\/strong> en toda la zona metropolitana en tanto dure la emergencia h\u00eddrica, en el marco de la <strong>crisis del agua<\/strong> que experimenta este sector de <strong>Uruguay<\/strong> desde hace varias semanas. Seg\u00fan el proyecto votado, el valor de este producto bajar\u00e1 un tercio.<\/p>\n<\/div>\n<div id>\n<p>La <strong>Administraci\u00f3n Nacional de Obras Sanitarias del Estado (OSE)<\/strong> contin\u00faa distribuyendo agua con mayores niveles de salinidad de lo que habitualmente hac\u00eda, mientras las reservas en la represa de <strong>Paso Severino<\/strong> contin\u00faan bajando, llegando a nuevos m\u00ednimos hist\u00f3ricos \u2014<a href=\"https:\/\/www.google.com\/url?client=internal-element-cse&amp;cx=008892114045256532459:e63xqbr3i5i&amp;q=https:\/\/www.ambito.com\/uruguay\/crisis-del-agua-las-reservas-paso-severino-siguen-bajando-y-estan-44-n5750407&amp;sa=U&amp;ved=2ahUKEwjUysOg5db_AhXfr5UCHS3UCBAQFnoECAEQAg&amp;usg=AOvVaw0JhMj-GxNpYqmprlPEzbp-\" target=\"_blank\" rel=\"follow noopener\">se encuentra en un 4,4% de su capacidad<\/a>. Esta situaci\u00f3n hace que la empresa estatal de agua solicitara nuevamente poder aumentar los niveles de sodio y cloruros para seguir abasteciendo a <strong>Montevideo<\/strong> y sus alrededores en los pr\u00f3ximos d\u00edas.<\/p>\n<\/div>\n<div id>\n<p> En este contexto, el Parlamento vot\u00f3 exonerar del <strong>Impuesto al Valor Agregado (IVA)<\/strong> al agua embotellada como una de las primeras medidas en el marco de la emergencia h\u00eddrica que declar\u00f3 el presidente <strong>Luis Lacalle Pou <\/strong>el lunes pasado. Esto har\u00e1 que <strong>su valor baje \u201cun tercio\u201d<\/strong>, seg\u00fan dijo en sala el senador nacionalista <strong>Sergio Botana.<\/strong><\/p>\n<\/p><\/div>\n<div id>\n<p> De esta forma, los bidones de agua mineral de 6 litros que actualmente rondan los 125 0 130 pesos quedar\u00edan en un valor aproximado entre 83 y 86 pesos; mientras que las botellas de 2 litros que hoy cuestan cerca de 60 pesos, podr\u00edan conseguirse a partir del pr\u00f3ximo lunes por alrededor de 40 pesos.<\/p>\n<\/div>\n<div id>\n<p>Estos precios var\u00edan seg\u00fan la marca de agua y el tama\u00f1o m\u00e1s o menos grande del embotellado. El <strong>Ministerio de Econom\u00eda y Finanzas (MEF)<\/strong> hace un relevamiento semanal de los precios del agua embotellada \u2014con y sin gas\u2014 que permitir\u00e1 tener un seguimiento m\u00e1s preciso de los valores finales a partir de la nueva ley.<\/p>\n<h2>La votaci\u00f3n en el Parlamento<\/h2>\n<p>La iniciativa fue votada por todos los partidos pol\u00edticos y por unanimidad en el Senado ayer por la tarde y pas\u00f3 a Diputados, donde fue sometida a una nueva votaci\u00f3n durante la noche, en la que obtuvo 64 votos a favor y uno en contra. Con su aprobaci\u00f3n, <strong>aguas minerales y sodas quedan exentas del IVA<\/strong> \u201chasta la fecha de finalizaci\u00f3n de la declaraci\u00f3n de emergencia h\u00eddrica\u201d.<\/p>\n<p>Otro de los considerandos de la medida apunta a generar \u201cun <strong>r\u00e9gimen de devoluci\u00f3n del IVA<\/strong> incluido en las compras en plaza e importaciones de bienes y servicios destinados a integrar directa e indirectamente el costo de los bienes comprendidos en las enajenaciones referidas\u201d.<\/p>\n<p>Durante el debate, el Frente Amplio propuso un aditivo al proyecto de ley que no fue aprobado, que establec\u00eda la <strong>fijaci\u00f3n del precio de venta al p\u00fablico del agua embotellada.<\/strong> Ese precio \u201cno podr\u00e1 superar el promedio del valor de venta al p\u00fablico al 31 de mayo de 2023 resultante del informe publicado por el <a href=\"https:\/\/www.ambito.com\/uruguay\/que-es-el-imesi-el-impuesto-que-grava-el-agua-embotellada-n5750610\" target=\"_blank\" rel=\"follow noopener\">Sistema de Informaci\u00f3n de Precios al Consumidor,<\/a> deducidas todas las cargas tributarias\u201d, establec\u00eda el comunicado presentado por el senador <strong>Sebasti\u00e1n Sabini.<\/strong><\/p>\n<p>El senador apunt\u00f3 que el gobierno lleg\u00f3 tarde a una propuesta que ya hab\u00eda sido hecha por el FA el <strong>10 de mayo<\/strong>. Por otro lado, al justificar la iniciativa que fue descartada, remarc\u00f3 la importancia de fijar un precio ya que la exoneraci\u00f3n de impuestos no es suficiente. \u201c<strong>La gente va a pagar lo que le pongan en frente <\/strong>si necesita comprar agua. Debemos asegurar que el precio baje y llegue a las familias, y con este proyecto no se asegura\u201d, estim\u00f3.<\/p>\n<\/div>\n","protected":false},"excerpt":{"rendered":"<p>El Parlamento aprob\u00f3 ayer la exoneraci\u00f3n de impuestos al agua embotellada en toda la zona metropolitana en tanto dure la emergencia h\u00eddrica, en el marco de la crisis del agua que experimenta este sector de Uruguay desde hace varias semanas. Seg\u00fan el proyecto votado, el valor de este producto bajar\u00e1 un tercio. La Administraci\u00f3n Nacional [&hellip;]<\/p>\n","protected":false},"author":2,"featured_media":5083,"comment_status":"closed","ping_status":"closed","sticky":false,"template":"","format":"standard","meta":{"jetpack_post_was_ever_published":false,"_jetpack_newsletter_access":"","_jetpack_dont_email_post_to_subs":false,"_jetpack_newsletter_tier_id":0,"_jetpack_memberships_contains_paywalled_content":false,"_jetpack_memberships_contains_paid_content":false,"footnotes":"","jetpack_publicize_message":"","jetpack_publicize_feature_enabled":true,"jetpack_social_post_already_shared":true,"jetpack_social_options":{"image_generator_settings":{"template":"highway","enabled":false},"version":2}},"categories":[20],"tags":[1286],"class_list":["post-5082","post","type-post","status-publish","format-standard","has-post-thumbnail","hentry","category-mundo","tag-mundo"],"jetpack_publicize_connections":[],"jetpack_featured_media_url":"https:\/\/i0.wp.com\/infolanus.com\/wp-content\/uploads\/2023\/06\/en-cuanto-quedan-los-precios-del-agua-embotellada-sin-impuestos.jpg?fit=1200%2C675&ssl=1","jetpack_sharing_enabled":true,"jetpack_shortlink":"https:\/\/wp.me\/p9QtMr-1jY","_links":{"self":[{"href":"https:\/\/infolanus.com\/index.php\/wp-json\/wp\/v2\/posts\/5082","targetHints":{"allow":["GET"]}}],"collection":[{"href":"https:\/\/infolanus.com\/index.php\/wp-json\/wp\/v2\/posts"}],"about":[{"href":"https:\/\/infolanus.com\/index.php\/wp-json\/wp\/v2\/types\/post"}],"author":[{"embeddable":true,"href":"https:\/\/infolanus.com\/index.php\/wp-json\/wp\/v2\/users\/2"}],"replies":[{"embeddable":true,"href":"https:\/\/infolanus.com\/index.php\/wp-json\/wp\/v2\/comments?post=5082"}],"version-history":[{"count":0,"href":"https:\/\/infolanus.com\/index.php\/wp-json\/wp\/v2\/posts\/5082\/revisions"}],"wp:featuredmedia":[{"embeddable":true,"href":"https:\/\/infolanus.com\/index.php\/wp-json\/wp\/v2\/media\/5083"}],"wp:attachment":[{"href":"https:\/\/infolanus.com\/index.php\/wp-json\/wp\/v2\/media?parent=5082"}],"wp:term":[{"taxonomy":"category","embeddable":true,"href":"https:\/\/infolanus.com\/index.php\/wp-json\/wp\/v2\/categories?post=5082"},{"taxonomy":"post_tag","embeddable":true,"href":"https:\/\/infolanus.com\/index.php\/wp-json\/wp\/v2\/tags?post=5082"}],"curies":[{"name":"wp","href":"https:\/\/api.w.org\/{rel}","templated":true}]}}