{"id":5094,"date":"2023-06-23T20:55:06","date_gmt":"2023-06-23T23:55:06","guid":{"rendered":"https:\/\/www.ambito.com\/uruguay\/expertos-estimaron-28-el-crecimiento-potencial-del-pib-los-proximos-10-anos-n5753318"},"modified":"2023-06-23T20:55:06","modified_gmt":"2023-06-23T23:55:06","slug":"expertos-estimaron-en-28-el-crecimiento-potencial-del-pib-en-los-proximos-10-anos","status":"publish","type":"post","link":"https:\/\/infolanus.com\/index.php\/2023\/06\/23\/expertos-estimaron-en-28-el-crecimiento-potencial-del-pib-en-los-proximos-10-anos\/","title":{"rendered":"Expertos estimaron en 2,8% el crecimiento potencial del PIB en los pr\u00f3ximos 10 a\u00f1os"},"content":{"rendered":"<div><img data-recalc-dims=\"1\" decoding=\"async\" src=\"https:\/\/i0.wp.com\/media.ambito.com\/p\/d5886ec82c73d48655ca8bb2adf2c73f\/adjuntos\/351\/imagenes\/040\/591\/0040591154\/1200x675\/smart\/mefjpg.jpg?w=640&#038;ssl=1\" class=\"ff-og-image-inserted\"><\/div>\n<div id>\n<p>El <strong>Ministerio de Econom\u00eda y Finanzas (MEF) <\/strong>public\u00f3 el an\u00e1lisis del <strong>Comit\u00e9 de Expertos (CE)<\/strong> sobre el potencial <a href=\"https:\/\/www.ambito.com\/uruguay\/crecio-la-actividad-economica-pueden-mantenerse-los-resultados-el-ano-n5748406\" target=\"_blank\" rel=\"follow noopener\">crecimiento de la econom\u00eda uruguaya,<\/a> estimado en <strong>un 2,8% para el per\u00edodo 2023-2032,<\/strong> lo que representa un <strong>alza de 0,7%<\/strong> respecto de la \u00faltima previsi\u00f3n.<\/p>\n<\/div>\n<div id>\n<p>En su segunda convocatoria, el CE, integrado por 11 especialistas, evalu\u00f3 datos como stock de capital, cantidad de empleo y productividad total de los factores. Con esas variables en juego, la <a href=\"https:\/\/www.ambito.com\/uruguay\/cuales-son-las-proyecciones-del-mercado-y-organismos-internacionales-el-pbi-este-ano-n5747681\" target=\"_blank\" rel=\"follow noopener\">proyecci\u00f3n de crecimiento estimada del PIB<\/a> fue de 2,8% para los pr\u00f3ximos 10 a\u00f1os, <strong>superior al 2,1% observado en febrero de 2022 para el per\u00edodo 2021-2030.<\/strong><\/p>\n<\/p><\/div>\n<div id>\n<p> Al publicar el informe, el <strong>Consejo Fiscal Asesor (CFA)<\/strong> sostuvo que el alza obedeci\u00f3 principalmente a un <strong>mayor stock de capital <\/strong>estimado por los miembros del CE para el per\u00edodo (incidencia de 0,6%) y en menor medida a un incremento de <strong>la fuerza de trabajo <\/strong>estimada para el per\u00edodo (incidencia de 0,3 p.p.). Por su parte, la contribuci\u00f3n de la <strong>productividad total de los factores<\/strong> al PIB potencial disminuy\u00f3 en 0,2 p.p.<\/p>\n<\/div>\n<div id>\n<p>Seg\u00fan inform\u00f3 el MEF, las estimaciones de los expertos sugirieron un rango de crecimiento promedio del PIB potencial de <strong>entre 2,1% y 3,9%, <\/strong>de acuerdo a la estimaci\u00f3n individual de las variables. De todos modos, hubo una reducci\u00f3n de la dispersi\u00f3n con respecto a la convocatoria de febrero de 2022.<\/p>\n<\/div>\n<div id>\n<p>En este caso, la mayor dispersi\u00f3n en la contribuci\u00f3n de los factores al PIB potencial de cada experto se encuentra en la estimaci\u00f3n de la productividad total de los factores, \u201clo cual es previsible dado que se trata de una variable residual\u201d, precisaron en el relevamiento.<\/p>\n<p>Al referirse al estudio, el <strong>secretario ejecutivo del CFA, Ignacio Umpi\u00e9rrez, <\/strong>sostuvo en sus redes sociales que esta herramienta \u201cadem\u00e1s de servir como insumo de la regla fiscal, constituye un mayor impulso al tratamiento y la discusi\u00f3n sobre temas vinculados al <strong>crecimiento de largo plazo de Uruguay <\/strong>y sus determinantes \u00faltimos\u201d, tras lo cual pidi\u00f3 que sea <strong>\u201cuna pr\u00e1ctica que se consolide en el tiempo\u201d.<\/strong><\/p>\n<div contenteditable=\"false\" class=\"embed_cont type_freetext\" rel=\"freetext\" id=\"embed4419_wrap\" data-provider=\"Twitter\" readability=\"30.004987531172\">\n<p> https:\/\/twitter.com\/IgnacioUmpierez\/status\/1672360607125852162<span onclick=\"parent.parent.TinyMCETdcuerpo.preview_embed('embed4419')\" class=\"embed_colapse less\" id=\"embed4419_colapse\"><\/span><span onclick=\"parent.parent.TinyMCETdcuerpo.delete_embed('embed4419')\" class=\"embed_delete less\" id=\"embed4419_delete\"><\/span><\/p>\n<div id=\"embed4419_content\" class=\"embed_content\">\n<div id=\"embed4419_embed\" readability=\"9.2603550295858\">\n<blockquote data-td-script-src=\"https:\/\/platform.twitter.com\/widgets.js\" class=\"twitter-tweet\" readability=\"12.038461538462\">\n<p dir=\"ltr\" lang=\"es\"> El <a href=\"https:\/\/twitter.com\/mef_Uruguay?ref_src=twsrc%5Etfw\">@mef_Uruguay<\/a> public\u00f3 la nueva estimaci\u00f3n del PIB potencial promedio para el per\u00edodo 2023-32, tras la 2da convocatoria al Comit\u00e9 de Expertos (la 1ra hab\u00eda sido en febrero de 2022): 2,8% vs 2,1% (2021-30)<\/p>\n<p>Los expertos enviaron sus proyecciones de fuerza de trabajo, FBKF y PTF.<\/p>\n<p> \u2014 Ignacio Umpi\u00e9rrez (@IgnacioUmpierez) <a href=\"https:\/\/twitter.com\/IgnacioUmpierez\/status\/1672360607125852162?ref_src=twsrc%5Etfw\">June 23, 2023<\/a><\/p><\/blockquote>\n<\/div><\/div>\n<\/p><\/div>\n<h2>Arbeleche hab\u00eda anticipado un crecimiento de 2% del PIB para 2023<\/h2>\n<p>Hace m\u00e1s de un mes, <strong>la titular del MEF, Azucena Arbeleche, <\/strong>hab\u00eda anticipado que el PIB ser\u00eda este a\u00f1o de <strong>2%, casi 3 puntos porcentuales menos <\/strong>que el de 2022, en una previsi\u00f3n donde incluy\u00f3 los efectos de <a href=\"https:\/\/www.ambito.com\/uruguay\/sufre-la-peor-sequia-del-siglo-cuales-son-sus-consecuencias-n5721457\" target=\"_blank\" rel=\"follow noopener\"> la peor sequ\u00eda del siglo <\/a>en el pa\u00eds.<\/p>\n<p>Durante una conferencia de la Asociaci\u00f3n de Dirigentes de Marketing (ADM), Arbeleche contrast\u00f3 ese dato con <strong>el 5,3% de 2022 y el 4,9% de 2021. <\/strong>De todos modos, destac\u00f3: \u201cHemos podido responder a los <strong>factores extraordinarios,<\/strong> como fue la pandemia, la sequ\u00eda y el aumento de los precios internacionales que repercutieron en nuestro pa\u00eds a consecuencia de la invasi\u00f3n de Rusia a Ucrania\u201d.<\/p>\n<p>Mientras tanto, el \u00faltimo dato sobre el PIB del pa\u00eds fue <strong>un incremento del 0,9% en el primer trimestre de 2023<\/strong>, si se compara con el final de 2022, de acuerdo a los datos del BCU. Adem\u00e1s, la econom\u00eda aument\u00f3 un total de 1,2% interanual, con avances en casi todos los sectores.<\/p>\n<\/div>\n","protected":false},"excerpt":{"rendered":"<p>El Ministerio de Econom\u00eda y Finanzas (MEF) public\u00f3 el an\u00e1lisis del Comit\u00e9 de Expertos (CE) sobre el potencial crecimiento de la econom\u00eda uruguaya, estimado en un 2,8% para el per\u00edodo 2023-2032, lo que representa un alza de 0,7% respecto de la \u00faltima previsi\u00f3n. En su segunda convocatoria, el CE, integrado por 11 especialistas, evalu\u00f3 datos [&hellip;]<\/p>\n","protected":false},"author":2,"featured_media":5095,"comment_status":"closed","ping_status":"closed","sticky":false,"template":"","format":"standard","meta":{"jetpack_post_was_ever_published":false,"_jetpack_newsletter_access":"","_jetpack_dont_email_post_to_subs":false,"_jetpack_newsletter_tier_id":0,"_jetpack_memberships_contains_paywalled_content":false,"_jetpack_memberships_contains_paid_content":false,"footnotes":"","jetpack_publicize_message":"","jetpack_publicize_feature_enabled":true,"jetpack_social_post_already_shared":true,"jetpack_social_options":{"image_generator_settings":{"template":"highway","enabled":false},"version":2}},"categories":[20],"tags":[1286],"class_list":["post-5094","post","type-post","status-publish","format-standard","has-post-thumbnail","hentry","category-mundo","tag-mundo"],"jetpack_publicize_connections":[],"jetpack_featured_media_url":"https:\/\/i0.wp.com\/infolanus.com\/wp-content\/uploads\/2023\/06\/expertos-estimaron-en-28-el-crecimiento-potencial-del-pib-en-los-proximos-10-anos.jpg?fit=1200%2C675&ssl=1","jetpack_sharing_enabled":true,"jetpack_shortlink":"https:\/\/wp.me\/p9QtMr-1ka","_links":{"self":[{"href":"https:\/\/infolanus.com\/index.php\/wp-json\/wp\/v2\/posts\/5094","targetHints":{"allow":["GET"]}}],"collection":[{"href":"https:\/\/infolanus.com\/index.php\/wp-json\/wp\/v2\/posts"}],"about":[{"href":"https:\/\/infolanus.com\/index.php\/wp-json\/wp\/v2\/types\/post"}],"author":[{"embeddable":true,"href":"https:\/\/infolanus.com\/index.php\/wp-json\/wp\/v2\/users\/2"}],"replies":[{"embeddable":true,"href":"https:\/\/infolanus.com\/index.php\/wp-json\/wp\/v2\/comments?post=5094"}],"version-history":[{"count":0,"href":"https:\/\/infolanus.com\/index.php\/wp-json\/wp\/v2\/posts\/5094\/revisions"}],"wp:featuredmedia":[{"embeddable":true,"href":"https:\/\/infolanus.com\/index.php\/wp-json\/wp\/v2\/media\/5095"}],"wp:attachment":[{"href":"https:\/\/infolanus.com\/index.php\/wp-json\/wp\/v2\/media?parent=5094"}],"wp:term":[{"taxonomy":"category","embeddable":true,"href":"https:\/\/infolanus.com\/index.php\/wp-json\/wp\/v2\/categories?post=5094"},{"taxonomy":"post_tag","embeddable":true,"href":"https:\/\/infolanus.com\/index.php\/wp-json\/wp\/v2\/tags?post=5094"}],"curies":[{"name":"wp","href":"https:\/\/api.w.org\/{rel}","templated":true}]}}