{"id":5101,"date":"2023-06-24T20:34:38","date_gmt":"2023-06-24T23:34:38","guid":{"rendered":"https:\/\/www.ambito.com\/uruguay\/la-caida-picada-del-dolar-12-jornadas-baja-y-una-depreciacion-del-372-n5753821"},"modified":"2023-06-24T20:34:38","modified_gmt":"2023-06-24T23:34:38","slug":"la-caida-en-picada-del-dolar-12-jornadas-en-baja-y-una-depreciacion-del-372","status":"publish","type":"post","link":"https:\/\/infolanus.com\/index.php\/2023\/06\/24\/la-caida-en-picada-del-dolar-12-jornadas-en-baja-y-una-depreciacion-del-372\/","title":{"rendered":"La ca\u00edda en picada del d\u00f3lar: 12 jornadas en baja y una depreciaci\u00f3n del 3,72%"},"content":{"rendered":"<div><img data-recalc-dims=\"1\" decoding=\"async\" src=\"https:\/\/i0.wp.com\/media.ambito.com\/p\/957af3bbdca468ce5db3a8b5d935f329\/adjuntos\/351\/imagenes\/040\/395\/0040395743\/1200x675\/smart\/dolar-uruguay-bcujpg.jpg?w=640&#038;ssl=1\" class=\"ff-og-image-inserted\"><\/div>\n<div id>\n<p>El <strong>d\u00f3lar <\/strong>lleva 12 jornadas consecutivas en retroceso y en ese lapso se depreci\u00f3 <strong>3,72%, <\/strong>tras su <a href=\"https:\/\/www.ambito.com\/uruguay\/el-dolar-volvio-caer-y-toco-su-minimo-principios-2020-n5753213\" target=\"_blank\" rel=\"follow noopener\"> cierre del viernes <\/a>en <strong>37,54 pesos, <\/strong>lo que representa el valor m\u00e1s bajo de la divisa estadounidense desde fines de enero de 2020.<\/p>\n<\/div>\n<div id>\n<p>La cotizaci\u00f3n oficial del <strong>Banco Central del Uruguay (BCU) <\/strong>exhibi\u00f3 que el interbancario baj\u00f3 <strong>1,452 pesos <\/strong>desde el pasado martes 6, cuando cotizaba en <strong>38,992 pesos <\/strong>y amenazaba con atravesar <strong>la barrera de los 39 pesos,<\/strong> tal como era <a href=\"https:\/\/www.ambito.com\/uruguay\/el-gobierno-intentara-apreciar-el-dolar-39-o-40-dijo-lacalle-pou-n5737273\" target=\"_blank\" rel=\"follow noopener\">la idea del gobierno,<\/a> seg\u00fan anticip\u00f3 <strong>el presidente Luis Lacalle Pou.<\/strong><\/p>\n<\/p><\/div>\n<div id>\n<p> De esta manera, la divisa estadounidense acumula una <strong>baja de m\u00e1s del 3,19% en lo que va del mes,<\/strong> porcentaje que pr\u00e1cticamente se duplica desde que arranc\u00f3 2023, con un retroceso que se ubica en <strong>m\u00e1s del 6,31%. <\/strong>Con el valor actual, el d\u00f3lar est\u00e1 en su nivel m\u00e1s bajo desde el <strong>31 de enero de 2020,<\/strong> cuando cotiz\u00f3 37,531 pesos. <\/p>\n<\/div>\n<div id>\n<p>Con esta racha bajista, el d\u00f3lar se aleja de lo que era el piso de los 38 pesos y <strong>empieza a acercarse m\u00e1s a los 37 pesos, <\/strong>un umbral que no rompe desde el 30 de septiembre de 2019, cuando se vendi\u00f3 a 36,939 pesos. En contrapartida, la \u00faltima vez que cotiz\u00f3 por encima de los 39 pesos fue el pasado 3 de mayo (39,074 pesos), mientras que para verlo superar <strong>el techo de los 40 pesos <\/strong>hay que retroceder hasta 2022, cuando el 27 de diciembre cerr\u00f3 en 40,038 pesos.<\/p>\n<\/div>\n<div id>\n<h2>Las razones detr\u00e1s de la sostenida ca\u00edda del d\u00f3lar<\/h2>\n<p>Al analizar <a href=\"https:\/\/www.ambito.com\/uruguay\/las-3-claves-que-explican-la-fuerte-caida-del-dolar-n5750635\" target=\"_blank\" rel=\"follow noopener\"> los factores de la baja <\/a>del d\u00f3lar, se pueden enumerar varios. Uno de ellos es la decisi\u00f3n de la <strong>Reserva Federal de Estados Unidos <\/strong>de mantener la tasa de inter\u00e9s, lo que gener\u00f3 la apreciaci\u00f3n de las monedas emergentes como el peso uruguayo.<\/p>\n<p>A eso se suman los ingresos por <strong>exportaciones,<\/strong> m\u00e1s elevados de lo esperado, as\u00ed como la mayor confianza que genera la mejora en la calificaci\u00f3n crediticia de <strong>Standard &amp; Poor\u2019s (S&amp;P), Moody\u2019s y Fitch, <\/strong>junto con la hist\u00f3rica inversi\u00f3n de <strong>4.000 millones de d\u00f3lares <\/strong>de HIF Global para construir una <strong>planta de hidr\u00f3geno verde en Paysand\u00fa.<\/strong><\/p>\n<p>Otra clave es la pol\u00edtica monetaria contractiva del BCU, que decidi\u00f3 mantener una <strong>tasa de inter\u00e9s real alta,<\/strong> que hoy es del 11,25%, con el objetivo de adecuar la inflaci\u00f3n al rango meta, que es entre 3 y 6% anual.<\/p>\n<h2>Especialistas estiman el atraso cambiario en el 25%<\/h2>\n<p>Para el <strong>director de Ceres, Ignacio Munyo,<\/strong> el atraso cambiario del d\u00f3lar es de alrededor del <strong>25% <\/strong>y pronostic\u00f3 que la situaci\u00f3n permanecer\u00e1 as\u00ed durante todo el a\u00f1o, al considerar que se trata de <strong>\u201cun fen\u00f3meno persistente y problem\u00e1tico\u201d, <\/strong>en momentos donde desde el sector agroexportador exige que el d\u00f3lar se venda <a href=\"https:\/\/www.ambito.com\/uruguay\/el-dolar-deberia-cotizar-44-y-50-segun-la-aru-n5750178\" target=\"_blank\" rel=\"follow noopener\">entre 44 y 50 pesos.<\/a><\/p>\n<p>Frente a este escenario, Munyo no descart\u00f3 que el gobierno tenga que <strong>resignar algunas de sus metas <\/strong>y admiti\u00f3 que una depreciaci\u00f3n del peso traer\u00eda aparejada problemas ligados a <strong>\u201cla planificaci\u00f3n macroecon\u00f3mica establecida\u201d, <\/strong>adem\u00e1s de traer dificultades en las negociaciones salariales con los sindicatos.<\/p>\n<p>Con ese an\u00e1lisis, el especialista apunt\u00f3: <strong>\u201cVamos a seguir siendo caros y no va haber un cambio a corto plazo\u201d. <\/strong>Advirti\u00f3 adem\u00e1s que las medidas para ganar competitividad, como facilitar la importaci\u00f3n de pa\u00edses vecinos o eliminar regulaciones, podr\u00edan derivar en problemas con otros actores.<\/p>\n<\/p><\/div>\n","protected":false},"excerpt":{"rendered":"<p>El d\u00f3lar lleva 12 jornadas consecutivas en retroceso y en ese lapso se depreci\u00f3 3,72%, tras su cierre del viernes en 37,54 pesos, lo que representa el valor m\u00e1s bajo de la divisa estadounidense desde fines de enero de 2020. La cotizaci\u00f3n oficial del Banco Central del Uruguay (BCU) exhibi\u00f3 que el interbancario baj\u00f3 1,452 [&hellip;]<\/p>\n","protected":false},"author":2,"featured_media":5102,"comment_status":"closed","ping_status":"closed","sticky":false,"template":"","format":"standard","meta":{"jetpack_post_was_ever_published":false,"_jetpack_newsletter_access":"","_jetpack_dont_email_post_to_subs":false,"_jetpack_newsletter_tier_id":0,"_jetpack_memberships_contains_paywalled_content":false,"_jetpack_memberships_contains_paid_content":false,"footnotes":"","jetpack_publicize_message":"","jetpack_publicize_feature_enabled":true,"jetpack_social_post_already_shared":true,"jetpack_social_options":{"image_generator_settings":{"template":"highway","enabled":false},"version":2}},"categories":[20],"tags":[1286],"class_list":["post-5101","post","type-post","status-publish","format-standard","has-post-thumbnail","hentry","category-mundo","tag-mundo"],"jetpack_publicize_connections":[],"jetpack_featured_media_url":"https:\/\/i0.wp.com\/infolanus.com\/wp-content\/uploads\/2023\/06\/la-caida-en-picada-del-dolar-12-jornadas-en-baja-y-una-depreciacion-del-372.png?fit=1200%2C675&ssl=1","jetpack_sharing_enabled":true,"jetpack_shortlink":"https:\/\/wp.me\/p9QtMr-1kh","_links":{"self":[{"href":"https:\/\/infolanus.com\/index.php\/wp-json\/wp\/v2\/posts\/5101","targetHints":{"allow":["GET"]}}],"collection":[{"href":"https:\/\/infolanus.com\/index.php\/wp-json\/wp\/v2\/posts"}],"about":[{"href":"https:\/\/infolanus.com\/index.php\/wp-json\/wp\/v2\/types\/post"}],"author":[{"embeddable":true,"href":"https:\/\/infolanus.com\/index.php\/wp-json\/wp\/v2\/users\/2"}],"replies":[{"embeddable":true,"href":"https:\/\/infolanus.com\/index.php\/wp-json\/wp\/v2\/comments?post=5101"}],"version-history":[{"count":0,"href":"https:\/\/infolanus.com\/index.php\/wp-json\/wp\/v2\/posts\/5101\/revisions"}],"wp:featuredmedia":[{"embeddable":true,"href":"https:\/\/infolanus.com\/index.php\/wp-json\/wp\/v2\/media\/5102"}],"wp:attachment":[{"href":"https:\/\/infolanus.com\/index.php\/wp-json\/wp\/v2\/media?parent=5101"}],"wp:term":[{"taxonomy":"category","embeddable":true,"href":"https:\/\/infolanus.com\/index.php\/wp-json\/wp\/v2\/categories?post=5101"},{"taxonomy":"post_tag","embeddable":true,"href":"https:\/\/infolanus.com\/index.php\/wp-json\/wp\/v2\/tags?post=5101"}],"curies":[{"name":"wp","href":"https:\/\/api.w.org\/{rel}","templated":true}]}}