{"id":5107,"date":"2023-06-26T00:01:00","date_gmt":"2023-06-26T03:01:00","guid":{"rendered":"https:\/\/www.ambito.com\/edicion-impresa\/eeuu-se-esperanza-que-el-reto-mercenario-sea-el-inicio-una-crisis-terminal-putin-n5754326"},"modified":"2023-06-26T00:01:00","modified_gmt":"2023-06-26T03:01:00","slug":"ee-uu-se-esperanza-con-que-el-reto-mercenario-sea-el-inicio-de-una-crisis-terminal-para-putin","status":"publish","type":"post","link":"https:\/\/infolanus.com\/index.php\/2023\/06\/26\/ee-uu-se-esperanza-con-que-el-reto-mercenario-sea-el-inicio-de-una-crisis-terminal-para-putin\/","title":{"rendered":"EE.UU. se esperanza con que el reto mercenario sea el inicio de una crisis terminal para Putin"},"content":{"rendered":"<div><img data-recalc-dims=\"1\" decoding=\"async\" src=\"https:\/\/i0.wp.com\/media.ambito.com\/p\/bfb569d6cb84683402836b0358fc7237\/adjuntos\/239\/imagenes\/040\/796\/0040796098\/1200x675\/smart\/inter-ukraine-crisis_optjpeg.jpeg?w=640&#038;ssl=1\" class=\"ff-og-image-inserted\"><\/div>\n<div id>\n<p>Washington &#8211; El desaf\u00edo sin precedentes al presidente ruso, Vlad\u00edmir Putin, por parte de los combatientes del grupo Wagner de mercenarios puso al descubierto nuevas \u201cgrietas\u201d en su liderazgo que podr\u00edan manifestarse m\u00e1s claramente \u201cen semanas o meses\u201d, dijo ayer el secretario de Estado estadounidense, Antony Blinken.<\/p>\n<\/div>\n<div id>\n<p>\u201cNo creo que a\u00fan hayamos visto el acto final\u201d, dijo Blinken en ABC News, en una de una serie de entrevistas tras el mot\u00edn abortado de las fuerzas lideradas por Yevgueny Prigozhin.<\/p>\n<\/div>\n<div id>\n<p>Blinken dijo que las tensiones que desencadenaron la acci\u00f3n hab\u00edan ido en aumento durante meses y que la agitaci\u00f3n podr\u00eda afectar a las capacidades militares de Mosc\u00fa en Ucrania.<\/p>\n<\/div>\n<div id>\n<p>\u201cHemos visto surgir m\u00e1s grietas en la fachada rusa. Es demasiado pronto para decir exactamente hacia d\u00f3nde van y cu\u00e1ndo llegar\u00e1n. Pero ciertamente, tenemos todo tipo de nuevas preguntas que Putin va a tener que abordar en las pr\u00f3ximas semanas y meses\u201d, dijo Blinken al programa \u201cMeet the Press\u201d de la NBC. Blinken describi\u00f3 la agitaci\u00f3n como un \u201casunto interno\u201d de Putin. \u201cNuestra atenci\u00f3n se centra decidida e implacablemente en Ucrania, asegur\u00e1ndonos de que tiene lo que necesita para defenderse y recuperar el territorio del que se apoder\u00f3 Rusia\u201d, explic\u00f3 al respecto.<\/p>\n<\/div>\n<div id>\n<p><strong>Interrogantes<\/strong><\/p>\n<p>Funcionarios estadounidenses esperan saber m\u00e1s en los pr\u00f3ximos d\u00edas y semanas sobre los acontecimientos que se desarrollaron en Rusia, incluidos los detalles del acuerdo con Prigozhin mediado por el presidente bielorruso, Alexander Lukashenko, que llev\u00f3 a los combatientes de Wagner a regresar a sus bases.<\/p>\n<p>\u201cPuede ser que Putin no quisiera rebajarse al nivel de negociar directamente con Prigozhin\u201d, especul\u00f3 Blinken.<\/p>\n<p>Las fuerzas dirigidas por Prigozhin, antiguo aliado de Putin, han librado las batallas m\u00e1s sangrientas en los 16 meses de guerra de Rusia en Ucrania.<\/p>\n<p>\u201cEn la medida en que los rusos est\u00e9n distra\u00eddos y divididos, se puede dificultar su agresi\u00f3n contra Ucrania\u201d, dijo Blinken al programa \u201cThis Week\u201d de la cadena ABC (ver p\u00e1g. 19).<\/p>\n<p>Blinken dijo que ni la postura nuclear de Estados Unidos ni la de Rusia hab\u00edan cambiado como resultado de la crisis.<\/p>\n<p>El senador estadounidense Ben Cardin dijo que la agitaci\u00f3n del fin de semana en Rusia no alivia la necesidad de Washington de seguir ayudando a Ucrania mientras lanza su largamente esperada contraofensiva contra Rusia.<\/p>\n<p>\u201cEs un momento cr\u00edtico para Ucrania. Esta contraofensiva va a definir d\u00f3nde vamos a estar en el pr\u00f3ximo a\u00f1o o dos\u201d, dijo Cardin, un dem\u00f3crata que forma parte de la Comisi\u00f3n de Relaciones Exteriores del Senado, a Fox News.<\/p>\n<p>\u201cAs\u00ed que es incre\u00edblemente importante que mantengamos nuestro apoyo y no nos dejemos enga\u00f1ar por lo que est\u00e1 ocurriendo hoy en Rusia en cuanto a las necesidades de los ucranianos\u201d.<\/p>\n<\/div>\n","protected":false},"excerpt":{"rendered":"<p>Washington &#8211; El desaf\u00edo sin precedentes al presidente ruso, Vlad\u00edmir Putin, por parte de los combatientes del grupo Wagner de mercenarios puso al descubierto nuevas \u201cgrietas\u201d en su liderazgo que podr\u00edan manifestarse m\u00e1s claramente \u201cen semanas o meses\u201d, dijo ayer el secretario de Estado estadounidense, Antony Blinken. \u201cNo creo que a\u00fan hayamos visto el acto [&hellip;]<\/p>\n","protected":false},"author":2,"featured_media":5108,"comment_status":"closed","ping_status":"closed","sticky":false,"template":"","format":"standard","meta":{"jetpack_post_was_ever_published":false,"_jetpack_newsletter_access":"","_jetpack_dont_email_post_to_subs":false,"_jetpack_newsletter_tier_id":0,"_jetpack_memberships_contains_paywalled_content":false,"_jetpack_memberships_contains_paid_content":false,"footnotes":"","jetpack_publicize_message":"","jetpack_publicize_feature_enabled":true,"jetpack_social_post_already_shared":true,"jetpack_social_options":{"image_generator_settings":{"template":"highway","enabled":false},"version":2}},"categories":[20],"tags":[1286],"class_list":["post-5107","post","type-post","status-publish","format-standard","has-post-thumbnail","hentry","category-mundo","tag-mundo"],"jetpack_publicize_connections":[],"jetpack_featured_media_url":"https:\/\/i0.wp.com\/infolanus.com\/wp-content\/uploads\/2023\/06\/ee-uu-se-esperanza-con-que-el-reto-mercenario-sea-el-inicio-de-una-crisis-terminal-para-putin.jpg?fit=1200%2C675&ssl=1","jetpack_sharing_enabled":true,"jetpack_shortlink":"https:\/\/wp.me\/p9QtMr-1kn","_links":{"self":[{"href":"https:\/\/infolanus.com\/index.php\/wp-json\/wp\/v2\/posts\/5107","targetHints":{"allow":["GET"]}}],"collection":[{"href":"https:\/\/infolanus.com\/index.php\/wp-json\/wp\/v2\/posts"}],"about":[{"href":"https:\/\/infolanus.com\/index.php\/wp-json\/wp\/v2\/types\/post"}],"author":[{"embeddable":true,"href":"https:\/\/infolanus.com\/index.php\/wp-json\/wp\/v2\/users\/2"}],"replies":[{"embeddable":true,"href":"https:\/\/infolanus.com\/index.php\/wp-json\/wp\/v2\/comments?post=5107"}],"version-history":[{"count":0,"href":"https:\/\/infolanus.com\/index.php\/wp-json\/wp\/v2\/posts\/5107\/revisions"}],"wp:featuredmedia":[{"embeddable":true,"href":"https:\/\/infolanus.com\/index.php\/wp-json\/wp\/v2\/media\/5108"}],"wp:attachment":[{"href":"https:\/\/infolanus.com\/index.php\/wp-json\/wp\/v2\/media?parent=5107"}],"wp:term":[{"taxonomy":"category","embeddable":true,"href":"https:\/\/infolanus.com\/index.php\/wp-json\/wp\/v2\/categories?post=5107"},{"taxonomy":"post_tag","embeddable":true,"href":"https:\/\/infolanus.com\/index.php\/wp-json\/wp\/v2\/tags?post=5107"}],"curies":[{"name":"wp","href":"https:\/\/api.w.org\/{rel}","templated":true}]}}