{"id":5147,"date":"2023-06-30T16:28:39","date_gmt":"2023-06-30T19:28:39","guid":{"rendered":"https:\/\/www.inforegion.com.ar\/?p=269132"},"modified":"2023-06-30T16:28:39","modified_gmt":"2023-06-30T19:28:39","slug":"la-formula-solano-ripoll-presento-a-sus-precandidatos-en-lanus-y-avellaneda","status":"publish","type":"post","link":"https:\/\/infolanus.com\/index.php\/2023\/06\/30\/la-formula-solano-ripoll-presento-a-sus-precandidatos-en-lanus-y-avellaneda\/","title":{"rendered":"La f\u00f3rmula Solano \u2013 Ripoll present\u00f3 a sus precandidatos en Lan\u00fas y Avellaneda"},"content":{"rendered":"<p>La alianza entre el <strong>Partido Obrero (PO) y el Movimiento Socialista de los Trabajadores en el Frente de Izquierda Unidad<\/strong>, present\u00f3 sus precandidatos en Lan\u00fas de cara a las PASO de agosto donde disputar\u00e1n contra los que presente la combinaci\u00f3n entre el Partido de los Trabajadores por el Socialismo (PTS) e Izquierda Socialista (IS).<\/p>\n<p>Los seguidores de la f\u00f3rmula entre <strong>Gabriel Solano y Vima Ripoll tendr\u00e1n en Lan\u00fas a Alejandro Zarauza como precandidato a intendente acompa\u00f1ado por Nazareno Suozzi<\/strong>, dirigente y referente de la juventud del PO, como precandidato a primer concejal.<\/p>\n<p>Desde la agrupaci\u00f3n trotskista indicaro que la lista se completa con <strong>\u201cestudiantes de distintos institutos del distrito y docentes como Antonela Turienzo, Julieta Penco y Cecilia Markerian\u201d <\/strong>y pusieron de relieve que cuenta con el \u201caporte de luchadores de los barrios m\u00e1s humildes de Lan\u00fas, que sostienen comedores y luchan contra el hambre y la miseria todos los d\u00edas en los barrios del distrito.\u201d<\/p>\n<p>A trav\u00e9s de un comunicado subrayaron que \u201cLanus pretende ser usado <strong>como propaganda de modelo de gesti\u00f3n por Grindetti y JxC pero es un municipio vaciado<\/strong>\u201c, donde, sostienen, crecieron \u201cla inseguridad y el narcotr\u00e1fico\u201d.<\/p>\n<p>Adem\u00e1s, fustigaron a los precandidatos de Uni\u00f3n por la Patria, entre los que mencionaron a \u201cNicolas Russo, Agust\u00edn Balladares, V\u00edctor De Gennaro y Juli\u00e1n \u00c1lvarez\u201d a quienes acusan de prentender aplicar la misma pol\u00edtica \u201cque desenvuelve el oficialismo a nivel nacional y en los municipios que dirige: <strong>ajuste fiscal y precarizaci\u00f3n laboral al servicio de las patronales\u201d<\/strong>.<\/p>\n<div class=\"wp-block-media-text alignwide is-stacked-on-mobile is-image-fill has-background\">\n<figure class=\"wp-block-media-text__media\"><img data-recalc-dims=\"1\" decoding=\"async\" loading=\"lazy\" width=\"640\" height=\"360\" src=\"https:\/\/i0.wp.com\/www.inforegion.com.ar\/wp-content\/uploads\/2023\/06\/izq-1024x576.jpg?resize=640%2C360&#038;ssl=1\" alt=\"Frente de Izquierda Unidad\" class=\"wp-image-268367 size-full\" srcset=\"https:\/\/www.inforegion.com.ar\/wp-content\/uploads\/2023\/06\/izq-1024x576.jpg 1024w, https:\/\/www.inforegion.com.ar\/wp-content\/uploads\/2023\/06\/izq-300x169.jpg 300w, https:\/\/www.inforegion.com.ar\/wp-content\/uploads\/2023\/06\/izq-768x432.jpg 768w, https:\/\/www.inforegion.com.ar\/wp-content\/uploads\/2023\/06\/izq-320x180.jpg 320w, https:\/\/www.inforegion.com.ar\/wp-content\/uploads\/2023\/06\/izq-480x270.jpg 480w, https:\/\/www.inforegion.com.ar\/wp-content\/uploads\/2023\/06\/izq-800x450.jpg 800w, https:\/\/www.inforegion.com.ar\/wp-content\/uploads\/2023\/06\/izq-150x84.jpg 150w, https:\/\/www.inforegion.com.ar\/wp-content\/uploads\/2023\/06\/izq-335x188.jpg 335w, https:\/\/www.inforegion.com.ar\/wp-content\/uploads\/2023\/06\/izq-700x394.jpg 700w, https:\/\/www.inforegion.com.ar\/wp-content\/uploads\/2023\/06\/izq-1080x608.jpg 1080w, https:\/\/www.inforegion.com.ar\/wp-content\/uploads\/2023\/06\/izq.jpg 1200w\" sizes=\"auto, (max-width: 1024px) 100vw, 1024px\" title=\"La f\u00f3rmula Solano - Ripoll present\u00f3 a sus precandidatos en Lan\u00fas y Avellaneda 10\"><\/figure>\n<\/div>\n<h2>Se present\u00f3 la lista Unidad de los Luchadores y la Izquierda en Avellaneda<\/h2>\n<p>Por otra parte, los seguidores de Solano y Ripoll presenta a la <strong>dirigente y referente del PO y del Polo Obrero, Graciela Francisconi, como precandidata a intendente de Avellaneda<\/strong>.<\/p>\n<div class=\"wp-block-image is-style-default\">\n<figure class=\"alignleft size-large is-resized\"><img data-recalc-dims=\"1\" decoding=\"async\" loading=\"lazy\" src=\"https:\/\/i0.wp.com\/www.inforegion.com.ar\/wp-content\/uploads\/2023\/06\/image-31-1024x1019.png?resize=369%2C367&#038;ssl=1\" alt=\"image 31\" class=\"wp-image-269152\" width=\"369\" height=\"367\" srcset=\"https:\/\/www.inforegion.com.ar\/wp-content\/uploads\/2023\/06\/image-31-1024x1019.png 1024w, https:\/\/www.inforegion.com.ar\/wp-content\/uploads\/2023\/06\/image-31-150x149.png 150w, https:\/\/www.inforegion.com.ar\/wp-content\/uploads\/2023\/06\/image-31-768x764.png 768w, https:\/\/www.inforegion.com.ar\/wp-content\/uploads\/2023\/06\/image-31-320x318.png 320w, https:\/\/www.inforegion.com.ar\/wp-content\/uploads\/2023\/06\/image-31-480x478.png 480w, https:\/\/www.inforegion.com.ar\/wp-content\/uploads\/2023\/06\/image-31-800x796.png 800w, https:\/\/www.inforegion.com.ar\/wp-content\/uploads\/2023\/06\/image-31-70x70.png 70w, https:\/\/www.inforegion.com.ar\/wp-content\/uploads\/2023\/06\/image-31-335x333.png 335w, https:\/\/www.inforegion.com.ar\/wp-content\/uploads\/2023\/06\/image-31-96x96.png 96w, https:\/\/www.inforegion.com.ar\/wp-content\/uploads\/2023\/06\/image-31.png 1064w\" sizes=\"auto, (max-width: 369px) 100vw, 369px\" title=\"La f\u00f3rmula Solano - Ripoll present\u00f3 a sus precandidatos en Lan\u00fas y Avellaneda 11\"><\/figure>\n<\/div>\n<p>Para concejales, la lista es encabezada por el <strong>delegado docente en la lista multicolor del SUTEBA, Marcelo Iommi, <\/strong>quien es acompa\u00f1ado por Roc\u00edo Soledad Pizurnia, delegada estudiantil del ISFD 1, y Sergio Leiva, integrante de la comisi\u00f3n interna del taller gr\u00e1fico Morvillo.<\/p>\n<p>C\u00f3mo primer precandidata a consejera escolar, postulan a <strong>Anah\u00ed Ojeda, delegada del Polo Obrero<\/strong>.<\/p>\n<p>\u201cA diferencia de la lista (Miriam) Bregman-(Nicol\u00e1s) Del Ca\u00f1o, <strong>nuestra coalici\u00f3n presenta a luchadores de las barriadas m\u00e1s urgentes. <\/strong>Y exponemos un programa de salida a la crisis, independiente a cualquier variante patronal\u201d, subrayaron a trav\u00e9s de un comunicado.<\/p>\n<p>Los precandidats clasistas agregaron: \u201cA m\u00e1s de <strong>diez a\u00f1os de gobierno peronista-ferraresista, las condiciones de labor, estudio y vida empeoran de forma veloz y feroz<\/strong>. Resultado del fuerte ajuste fondomonetarista, avalado, en silencio, por parte de los concejales de la oposici\u00f3n macrista.\u201d<\/p>\n","protected":false},"excerpt":{"rendered":"<p>La alianza entre el Partido Obrero (PO) y el Movimiento Socialista de los Trabajadores en el Frente de Izquierda Unidad, present\u00f3 sus precandidatos en Lan\u00fas de cara a las PASO de agosto donde disputar\u00e1n contra los que presente la combinaci\u00f3n entre el Partido de los Trabajadores por el Socialismo (PTS) e Izquierda Socialista (IS). Los [&hellip;]<\/p>\n","protected":false},"author":2,"featured_media":5148,"comment_status":"closed","ping_status":"closed","sticky":false,"template":"","format":"standard","meta":{"jetpack_post_was_ever_published":false,"_jetpack_newsletter_access":"","_jetpack_dont_email_post_to_subs":false,"_jetpack_newsletter_tier_id":0,"_jetpack_memberships_contains_paywalled_content":false,"_jetpack_memberships_contains_paid_content":false,"footnotes":"","jetpack_publicize_message":"","jetpack_publicize_feature_enabled":true,"jetpack_social_post_already_shared":true,"jetpack_social_options":{"image_generator_settings":{"template":"highway","enabled":false},"version":2}},"categories":[19,16],"tags":[801,773,774,1272,23,1408,724,1417],"class_list":["post-5147","post","type-post","status-publish","format-standard","has-post-thumbnail","hentry","category-municipio","category-politica","tag-avellaneda","tag-centrales","tag-destacadas","tag-frente-de-izquierda-unidad","tag-lanus","tag-paso-2023","tag-politica","tag-unidad-de-los-luchadores-y-la-izquierda"],"jetpack_publicize_connections":[],"jetpack_featured_media_url":"https:\/\/i0.wp.com\/infolanus.com\/wp-content\/uploads\/2023\/07\/la-formula-solano-ripoll-presento-a-sus-precandidatos-en-lanus-y-avellaneda.jpg?fit=1024%2C576&ssl=1","jetpack_sharing_enabled":true,"jetpack_shortlink":"https:\/\/wp.me\/p9QtMr-1l1","_links":{"self":[{"href":"https:\/\/infolanus.com\/index.php\/wp-json\/wp\/v2\/posts\/5147","targetHints":{"allow":["GET"]}}],"collection":[{"href":"https:\/\/infolanus.com\/index.php\/wp-json\/wp\/v2\/posts"}],"about":[{"href":"https:\/\/infolanus.com\/index.php\/wp-json\/wp\/v2\/types\/post"}],"author":[{"embeddable":true,"href":"https:\/\/infolanus.com\/index.php\/wp-json\/wp\/v2\/users\/2"}],"replies":[{"embeddable":true,"href":"https:\/\/infolanus.com\/index.php\/wp-json\/wp\/v2\/comments?post=5147"}],"version-history":[{"count":0,"href":"https:\/\/infolanus.com\/index.php\/wp-json\/wp\/v2\/posts\/5147\/revisions"}],"wp:featuredmedia":[{"embeddable":true,"href":"https:\/\/infolanus.com\/index.php\/wp-json\/wp\/v2\/media\/5148"}],"wp:attachment":[{"href":"https:\/\/infolanus.com\/index.php\/wp-json\/wp\/v2\/media?parent=5147"}],"wp:term":[{"taxonomy":"category","embeddable":true,"href":"https:\/\/infolanus.com\/index.php\/wp-json\/wp\/v2\/categories?post=5147"},{"taxonomy":"post_tag","embeddable":true,"href":"https:\/\/infolanus.com\/index.php\/wp-json\/wp\/v2\/tags?post=5147"}],"curies":[{"name":"wp","href":"https:\/\/api.w.org\/{rel}","templated":true}]}}